{"id":612287,"date":"2025-12-20T19:26:18","date_gmt":"2025-12-20T19:26:18","guid":{"rendered":"https:\/\/www.europesays.com\/fr\/612287\/"},"modified":"2025-12-20T19:26:18","modified_gmt":"2025-12-20T19:26:18","slug":"coupe-de-france-de-football-le-gf38-puni-par-nancy-et-elimine-en-32es-de-finale","status":"publish","type":"post","link":"https:\/\/www.europesays.com\/fr\/612287\/","title":{"rendered":"Coupe de France de football. Le GF38 puni par Nancy et \u00e9limin\u00e9 en 32es de finale"},"content":{"rendered":"<p>Le GF avait un dernier effort \u00e0 faire avant la tr\u00eave de fin d\u2019ann\u00e9e. Il a toutefois eu pas mal de difficult\u00e9 \u00e0 mettre un peu de folie dans la partie. D\u2019autant qu\u2019elle a mal d\u00e9but\u00e9 avec la sortie pr\u00e9coce d\u2019Elphege, bien touch\u00e9 \u00e0 la cheville droite et remplac\u00e9 par Zahui (13e). Il ne s\u2019est pas pass\u00e9 grand-chose dans le premier acte avec seulement deux petits frissons qu\u2019il a fallu attendre. Allain \u00e9tait oblig\u00e9 de sortir le grand jeu en d\u00e9viant un tir de Guendez (39e). Dans le temps additionnel, Xantippe envoyait une bonne t\u00eate sur un centre de Mouyokolo mais Lembet s\u2019imposait facilement (45e+1).<\/p>\n<p><strong><a href=\"https:\/\/www.ledauphine.com\/sport\/2025\/12\/20\/la-porte-ou-le-reve-suivez-le-32e-de-finale-gf38-nancy-en-direct\" target=\"_blank\" rel=\"noopener\">&gt;&gt;&gt; Le film du match<\/a><\/strong><\/p>\n<p>Il fallait un but pour d\u00e9bloquer tout \u00e7a et il arrivait d\u00e8s la reprise pour le GF38 sur son premier r\u00e9el mouvement collectif. Valls lan\u00e7ait Diaby sur le c\u00f4t\u00e9 gauche. Ce dernier centrait vers Zahui qui reprenait victorieusement d\u2019une frappe d\u00e9crois\u00e9e (1-0, 53e). Nancy \u00e9tait oblig\u00e9 de sortir de sa torpeur m\u00eame si les Dauphinois parvenaient \u00e0 contenir les vell\u00e9it\u00e9s adverses. Grenoble manquait une occasion de faire le break.<\/p>\n<p>  Tacafred douche les Grenoblois<\/p>\n<p>Apr\u00e8s un coup franc tr\u00e8s bien tir\u00e9 par Benet, Lempet sortait la balle comme il pouvait, alors que le cuir semblait bien avoir franchi la ligne. Dans la continuit\u00e9, seul face aux buts vides, Mambo ne parvenait pas \u00e0 trouver le cadre (74e). A force de reculer, le GF se faisait punir. Tacafred \u00e9tait oubli\u00e9 au deuxi\u00e8me poteau et trompait Allain d\u2019une frappe s\u00e8che (1-1, 90e+2).<\/p>\n<p><strong><a href=\"https:\/\/www.ledauphine.com\/sport\/2025\/12\/15\/asse-gf38-ol-om-le-programme-complet-des-32es-de-finale\" target=\"_blank\" rel=\"noopener\">&gt;&gt;&gt; Tous les r\u00e9sultats des 32e de finale<\/a><\/strong><\/p>\n<p>Les tirs au but d\u00e9cidaient donc de sort de la rencontre. Mbock manquait sa tentative et c\u2019est bien Nancy qui validait son billet pour les 16es de finale. Le GF pouvait s\u2019en vouloir.<\/p>\n","protected":false},"excerpt":{"rendered":"Le GF avait un dernier effort \u00e0 faire avant la tr\u00eave de fin d\u2019ann\u00e9e. Il a toutefois eu&hellip;\n","protected":false},"author":2,"featured_media":612288,"comment_status":"","ping_status":"","sticky":false,"template":"","format":"standard","meta":{"footnotes":""},"categories":[9635],"tags":[1111,11,15922,112,1777,674,107,1701,63,1011,27,12637,775,2731,2732,1702,12,25,517,1947],"class_list":{"0":"post-612287","1":"post","2":"type-post","3":"status-publish","4":"format-standard","5":"has-post-thumbnail","7":"category-nancy","8":"tag-actu","9":"tag-actualites","10":"tag-coupe-de-france-de-football","11":"tag-edition-grenoble-agglomeration","12":"tag-eu","13":"tag-europe","14":"tag-fil-info","15":"tag-fil-info-sport","16":"tag-football","17":"tag-fr","18":"tag-france","19":"tag-gf38-grenoble-foot-38","20":"tag-grand-est","21":"tag-grenoble","22":"tag-grenoble-bassin","23":"tag-nancy","24":"tag-news","25":"tag-republique-francaise","26":"tag-sport","27":"tag-sport-national"},"share_on_mastodon":{"url":"https:\/\/pubeurope.com\/@fr\/115753542797942995","error":""},"_links":{"self":[{"href":"https:\/\/www.europesays.com\/fr\/wp-json\/wp\/v2\/posts\/612287","targetHints":{"allow":["GET"]}}],"collection":[{"href":"https:\/\/www.europesays.com\/fr\/wp-json\/wp\/v2\/posts"}],"about":[{"href":"https:\/\/www.europesays.com\/fr\/wp-json\/wp\/v2\/types\/post"}],"author":[{"embeddable":true,"href":"https:\/\/www.europesays.com\/fr\/wp-json\/wp\/v2\/users\/2"}],"replies":[{"embeddable":true,"href":"https:\/\/www.europesays.com\/fr\/wp-json\/wp\/v2\/comments?post=612287"}],"version-history":[{"count":0,"href":"https:\/\/www.europesays.com\/fr\/wp-json\/wp\/v2\/posts\/612287\/revisions"}],"wp:featuredmedia":[{"embeddable":true,"href":"https:\/\/www.europesays.com\/fr\/wp-json\/wp\/v2\/media\/612288"}],"wp:attachment":[{"href":"https:\/\/www.europesays.com\/fr\/wp-json\/wp\/v2\/media?parent=612287"}],"wp:term":[{"taxonomy":"category","embeddable":true,"href":"https:\/\/www.europesays.com\/fr\/wp-json\/wp\/v2\/categories?post=612287"},{"taxonomy":"post_tag","embeddable":true,"href":"https:\/\/www.europesays.com\/fr\/wp-json\/wp\/v2\/tags?post=612287"}],"curies":[{"name":"wp","href":"https:\/\/api.w.org\/{rel}","templated":true}]}}