{"id":612289,"date":"2025-12-20T19:27:11","date_gmt":"2025-12-20T19:27:11","guid":{"rendered":"https:\/\/www.europesays.com\/fr\/612289\/"},"modified":"2025-12-20T19:27:11","modified_gmt":"2025-12-20T19:27:11","slug":"train-sur-le-pont-transbordeur-a-la-seyne-vue-de-sanary-depuis-une-montgolfiere-grace-a-lia-il-fait-revivre-des-scenes-de-lhistoire-varoise-et-cest-a-couper-le-so","status":"publish","type":"post","link":"https:\/\/www.europesays.com\/fr\/612289\/","title":{"rendered":"Train sur le pont transbordeur \u00e0 La Seyne, vue de Sanary depuis une montgolfi\u00e8re\u2026 Gr\u00e2ce \u00e0 l\u2019IA, il fait revivre des sc\u00e8nes de l\u2019histoire varoise et c\u2019est \u00e0 couper le souffle\u00a0!"},"content":{"rendered":"<p class=\"fs-5 \">En Technicolor. L\u2019histoire locale \u00e0 travers des <strong>vues anciennes d\u00e9poussi\u00e9r\u00e9e, colori\u00e9es, anim\u00e9es et sonoris\u00e9es<\/strong>. Bref transcend\u00e9es par l\u2019intelligence artificielle (IA) et l\u2019entremise d\u2019Olivier Thomas.<\/p>\n<p class=\"fs-5 \">L\u2019historien local, auteur d\u2019une dizaine d\u2019ouvrages sur l\u2019ouest-Var, <a href=\"https:\/\/www.nicematin.com\/societe\/politique\/olivier-thomas-ne-sera-pas-candidat-a-la-mairie-de-sanary-sauf-si-414721\" target=\"_blank\" rel=\"noopener\">ex-farouche opposant municipal sanaryen<\/a>, <strong>retir\u00e9 de la vie politique depuis 2020<\/strong>, enseignant en droit fiscal \u00e0 la facult\u00e9 de droit de Toulon, fait le buzz avec ses vid\u00e9os, montages de cartes postales anciennes, revues et corrig\u00e9es par <strong>Gemini (et VO3), l\u2019IA de Google<\/strong>.<\/p>\n<p class=\"fs-5 \">Beaucoup s\u2019amusent \u00e0 faire de m\u00eame avec leurs photos, mais le r\u00e9sultat atteint par Olivier Thomas est lui bluffant de r\u00e9alisme.<\/p>\n<\/p>\n<p>                                                                                \u00ab\u00a0On me dit : \u201cC\u2019est exactement comme dans mon enfance\u201d \u00bb<\/p>\n<p class=\"fs-5 \">Un train passant sur les rails du pont transbordeur \u00e0 La Seyne ; une vue a\u00e9rienne de Sanary depuis une montgolfi\u00e8re ; le panorama de Bandol et son ch\u00e2teau depuis la plage de Renecros, l\u2019animation du port de Toulon avec son ancienne frontale\u2026<\/p>\n<p class=\"fs-5 \">\u00ab On voit les images diff\u00e9remment. Mon film, \u201cVoyage en vid\u00e9o \u00e0 La Seyne-sur-Mer d\u2019autrefois\u201d, partag\u00e9 <a href=\"https:\/\/www.laseyneen1900.fr\/\" target=\"_blank\" rel=\"nofollow noopener\">via le site La Seyne 1900<\/a>, a tr\u00e8s vite atteint les 1.500 vues en deux jours (2) \u00bb, se f\u00e9licite l\u2019auteur qui a appliqu\u00e9 la m\u00eame recette \u00e0 Sanary, Bandol, Toulon et se r\u00e9jouit : \u00ab J\u2019ai re\u00e7u des messages priv\u00e9s d\u2019anciens qui me disent : \u00ab C\u2019est exactement comme dans mon enfance ! \u00bb\u00bb<\/p>\n<p class=\"fs-5 \">Il a d\u00e9j\u00e0 consacr\u00e9 deux \u00e9pisodes \u00e0 Bandol et pr\u00e9voit des suites pour les autres communes. Fort du constat qu\u2019\u00ab aujourd\u2019hui, les gens ne lisent plus, que la jeune g\u00e9n\u00e9ration aime zapper et que les gens n\u2019aiment pas perdre de temps \u00e0 regarder quelque chose \u00bb, Olivier Thomas qui n\u2019exclut pas la publication d\u2019un ouvrage num\u00e9rique compilant ses cr\u00e9ations, s\u2019est donc \u00ab adapt\u00e9 \u00bb pour r\u00e9pondre \u00e0 \u00ab cette probl\u00e9matique \u00bb.<\/p>\n<\/p>\n<p class=\"fs-5 \">Il puise toujours dans sa<strong> collection de plus de 1.500 photos et cartes postales<\/strong> dont un tr\u00e8s grand nombre l\u00e9gu\u00e9es par son grand-p\u00e8re sanaryen. \u00ab Parmi elles, de tr\u00e8s anciennes datant du XIXe si\u00e8cle sur lesquelles on distingue par exemple l\u2019ancien campanile de l\u2019\u00e9glise Saint-Nazaire, modifi\u00e9 par Michel Pacha en 1892 \u00bb, glisse-t-il.<\/p>\n<p class=\"fs-5 \">Et d\u2019\u00e9clairer : \u00ab J\u2019ai \u00e9crit des prompts pour demander \u00e0 l\u2019IA ce que je d\u00e9sire et je dispose d\u00e9j\u00e0 d\u2019un fond cons\u00e9quent de photos num\u00e9ris\u00e9es utilis\u00e9es pour mes pr\u00e9c\u00e9dents ouvrages \u00bb. Et m\u00eame avec l\u2019appui de l\u2019intelligence artificielle, \u00ab il faut quinze jours de travail pour r\u00e9aliser un film de 2 minutes \u00bb, calcule Olivier Thomas pour qui l\u2019activit\u00e9 est un loisir et qui, en parall\u00e8le a \u00e9galement cr\u00e9\u00e9 des podcasts audio, toujours propuls\u00e9s par l\u2019IA, bas\u00e9s sur ses travaux.<\/p>\n<p>                                                                                Soixante et onze podcasts historiques en ligne<\/p>\n<p class=\"fs-5 \">\u00ab J\u2019en ai d\u00e9j\u00e0 mis 71 en lignes sur diff\u00e9rentes plateformes. Sur la base des anecdotes historiques et r\u00e9cits compil\u00e9s dans mes livres, je demande \u00e0 l\u2019IA de me g\u00e9n\u00e9rer ces podcasts d\u2019une dur\u00e9e de 10 \u00e0 15 minutes. Et l\u00e0 encore, c\u2019est bluffant \u00bb, poursuit l\u2019auteur qui propose son travail gratuitement. \u00ab Je vais poursuivre mes podcasts avec une s\u00e9rie sur toutes les femmes proven\u00e7ales : r\u00e9sistantes, po\u00e9tesse, reines\u2026 que l\u2019histoire a oubli\u00e9es \u00bb.<\/p>\n<\/p>\n<p class=\"fs-5 \">L\u2019auteur, qui adore discuter avec les anciens et qui, au cours de ses recherches, a photographi\u00e9 et num\u00e9ris\u00e9 quantit\u00e9 de documents aux archives d\u00e9partementales, dispose d\u2019un fonds documentaire important lui permettant de produire encore. Et les belles d\u00e9couvertes ne sont jamais exclues : \u00ab Saviez-vous qu\u2019au XIXe si\u00e8cle, un projet de terminal p\u00e9trolier pour l\u2019approvisionnement des navires de la Marine en parall\u00e8le du d\u00e9p\u00f4t de Saint-Mandrier, a failli voir le jour \u00e0 Sanary ?, interroge-t-il amus\u00e9. Ou que Raimu, avant de figurer dans La femme du Boulanger, le film de Marcel Pagnol, a appris le m\u00e9tier \u00e0 Bandol, avec M. Revest, qui \u00e9tait boulanger au 34 rue de la R\u00e9publique ? \u00bb<\/p>\n<p>                                                                                <strong>L\u2019historien livre ses secrets de fabrication <\/strong><\/p>\n<p class=\"fs-5 \">Voici deux prompts (les instructions donn\u00e9es \u00e0 l\u2019intelligence artificielle) par Olivier Thomas pour r\u00e9aliser ses vid\u00e9os, qu\u2019il partage.<\/p>\n<p class=\"fs-5 \"><strong>Restauration et colorisation (Google Gemini)<\/strong><\/p>\n<p class=\"fs-5 \">\u00ab Restaurer et coloriser cette photo ancienne.<\/p>\n<p class=\"fs-5 \">Corriger soigneusement toutes les d\u00e9chirures, plis, rayures, taches et zones d\u00e9color\u00e9es.<\/p>\n<p class=\"fs-5 \">Am\u00e9liorer la nettet\u00e9, la luminosit\u00e9, le contraste et les d\u00e9tails fins tout en respectant le rendu d\u2019\u00e9poque.<\/p>\n<p class=\"fs-5 \">Conserver l\u2019apparence naturelle des visages, des expressions et des v\u00eatements sans les d\u00e9former ni les moderniser.<\/p>\n<p class=\"fs-5 \">Appliquer une colorisation r\u00e9aliste et douce, fid\u00e8le aux tons et mati\u00e8res d\u2019origine.<\/p>\n<p class=\"fs-5 \">Le rendu final doit \u00eatre avec clart\u00e9 et la d\u00e9finition d\u2019une photo prise aujourd\u2019hui avec un Reflex haut de gamme.<\/p>\n<p class=\"fs-5 \">Le r\u00e9sultat doit para\u00eetre authentique, \u00e9quilibr\u00e9, net et lumineux, sans effet artificiel ni saturation excessive.<\/p>\n<p class=\"fs-5 \">Le ciel doit \u00eatre r\u00e9aliste selon la saison de la photo.<\/p>\n<p class=\"fs-5 \">Mets plein de couleurs, c\u2019est [Toulon], couleurs de la Provence.<\/p>\n<p class=\"fs-5 \">Supprimer le cadre et les bordures autour de la photo, y compris les bords blancs, gris ou d\u00e9color\u00e9s. \u00bb<\/p>\n<p class=\"fs-5 \"><strong>Animation (Google VO3)<\/strong><\/p>\n<p class=\"fs-5 \">\u00ab Anime cette photo ancienne d\u2019une plage en conservant un plan fixe. La vid\u00e9o finale doit durer 10 secondes.<\/p>\n<p class=\"fs-5 \">Les mouvements doivent \u00eatre r\u00e9alistes, naturels, subtils, mais aussi lents, amples et prolong\u00e9s, comme si la sc\u00e8ne avait r\u00e9ellement \u00e9t\u00e9 film\u00e9e \u00e0 l\u2019\u00e9poque.<\/p>\n<p class=\"fs-5 \">Les personnes sur la plage doivent montrer des gestes \u00e9tir\u00e9s sur toute la dur\u00e9e : marche lente, conversations calmes, mouvements du corps influenc\u00e9s par le vent, ajustement de parasols, enfants jouant avec des actions longues, tissus qui ondulent continuellement.<\/p>\n<p class=\"fs-5 \">Ajoute une animation fluide et douce de l\u2019environnement : vagues lentes, drapeau ou tissu oscillant dans de longues courbes continues, l\u00e9g\u00e8res rafales de sable.<\/p>\n<p class=\"fs-5 \">Pr\u00e9serve totalement le style d\u2019origine : grain ancien, colorim\u00e9trie d\u2019\u00e9poque, rendu photographique. Aucun traveling, aucun zoom \u2014 cam\u00e9ra parfaitement immobile. \u00bb<\/p>\n","protected":false},"excerpt":{"rendered":"En Technicolor. L\u2019histoire locale \u00e0 travers des vues anciennes d\u00e9poussi\u00e9r\u00e9e, colori\u00e9es, anim\u00e9es et sonoris\u00e9es. Bref transcend\u00e9es par l\u2019intelligence&hellip;\n","protected":false},"author":2,"featured_media":612290,"comment_status":"","ping_status":"","sticky":false,"template":"","format":"standard","meta":{"footnotes":""},"categories":[9619],"tags":[1111,11,1777,674,1011,27,12,882,25,2310],"class_list":{"0":"post-612289","1":"post","2":"type-post","3":"status-publish","4":"format-standard","5":"has-post-thumbnail","7":"category-toulon","8":"tag-actu","9":"tag-actualites","10":"tag-eu","11":"tag-europe","12":"tag-fr","13":"tag-france","14":"tag-news","15":"tag-provence-alpes-cote-dazur","16":"tag-republique-francaise","17":"tag-toulon"},"share_on_mastodon":{"url":"https:\/\/pubeurope.com\/@fr\/115753546630395533","error":""},"_links":{"self":[{"href":"https:\/\/www.europesays.com\/fr\/wp-json\/wp\/v2\/posts\/612289","targetHints":{"allow":["GET"]}}],"collection":[{"href":"https:\/\/www.europesays.com\/fr\/wp-json\/wp\/v2\/posts"}],"about":[{"href":"https:\/\/www.europesays.com\/fr\/wp-json\/wp\/v2\/types\/post"}],"author":[{"embeddable":true,"href":"https:\/\/www.europesays.com\/fr\/wp-json\/wp\/v2\/users\/2"}],"replies":[{"embeddable":true,"href":"https:\/\/www.europesays.com\/fr\/wp-json\/wp\/v2\/comments?post=612289"}],"version-history":[{"count":0,"href":"https:\/\/www.europesays.com\/fr\/wp-json\/wp\/v2\/posts\/612289\/revisions"}],"wp:featuredmedia":[{"embeddable":true,"href":"https:\/\/www.europesays.com\/fr\/wp-json\/wp\/v2\/media\/612290"}],"wp:attachment":[{"href":"https:\/\/www.europesays.com\/fr\/wp-json\/wp\/v2\/media?parent=612289"}],"wp:term":[{"taxonomy":"category","embeddable":true,"href":"https:\/\/www.europesays.com\/fr\/wp-json\/wp\/v2\/categories?post=612289"},{"taxonomy":"post_tag","embeddable":true,"href":"https:\/\/www.europesays.com\/fr\/wp-json\/wp\/v2\/tags?post=612289"}],"curies":[{"name":"wp","href":"https:\/\/api.w.org\/{rel}","templated":true}]}}