{"id":612295,"date":"2025-12-20T19:30:32","date_gmt":"2025-12-20T19:30:32","guid":{"rendered":"https:\/\/www.europesays.com\/fr\/612295\/"},"modified":"2025-12-20T19:30:32","modified_gmt":"2025-12-20T19:30:32","slug":"canet-mhsc-malgre-la-polemique-le-club-montpellierain-a-laisse-la-recette-apres-le-32e-de-finale-a-perpignan","status":"publish","type":"post","link":"https:\/\/www.europesays.com\/fr\/612295\/","title":{"rendered":"Canet-MHSC\u00a0: malgr\u00e9 la pol\u00e9mique, le club montpelli\u00e9rain a laiss\u00e9 la recette apr\u00e8s le 32e de finale \u00e0 Perpignan"},"content":{"rendered":"<p>\n                                                                Malgr\u00e9 la controverse li\u00e9e aux tarifs, Montpellier s\u2019en est tenu \u00e0 la tradition de la comp\u00e9tition et a revers\u00e9 sa part de la recette, vendredi 19\u00a0d\u00e9cembre, \u00e0 l\u2019issue du 32e de finale de Coupe de France remport\u00e9 1-0 \u00e0 Perpignan.\n                            <\/p>\n<p>Canet-en-Roussillon n\u2019a pas perdu sur tous les tableaux. Alors que la pol\u00e9mique autour des prix des billets avait pr\u00e9c\u00e9d\u00e9 la rencontre, selon nos informations le MHSC a revers\u00e9 sa part de la recette au club catalan, \u00e0 l\u2019issue du 32e de finale de Coupe de France remport\u00e9 par les H\u00e9raultais vendredi (1-0).<\/p>\n<p>Contrairement aux tours pr\u00e9c\u00e9dents, \u00e0 Agde et Montceau-les-Mines, la question se posait un peu plus. La faute \u00e0 la controverse\u00a0qui avait entour\u00e9 l\u2019avant-match et le prix des places pour assister \u00e0 la rencontre.\u00a0Les dirigeants catalans avaient en effet d\u00e9cid\u00e9 d\u2019un tarif unique de 20\u00a0\u20ac pour prendre place dans le stade Gilbert-Brutus de Perpignan.<\/p>\n<p class=\"std-elt__inline\">\n        <strong>\u00c0 lire aussi :<\/strong><br \/>\n        <a href=\"https:\/\/www.midilibre.fr\/2025\/12\/10\/la-rarete-fait-que-cest-plus-cher-le-president-de-canet-reagit-aux-critiques-sur-le-prix-des-places-du-32e-de-finale-face-au-mhsc-13102818.php\" target=\"_blank\" rel=\"noopener\">\u00ab\u00a0La raret\u00e9 fait que c\u2019est plus cher\u00a0\u00bb\u00a0: le pr\u00e9sident de Canet r\u00e9agit aux critiques sur le prix des places du 32e de finale face au MHSC<\/a>\n    <\/p>\n<p>L\u2019appel des Ultras<\/p>\n<p>Un prix appliqu\u00e9 donc aux supporters visiteurs, en parcage, bien sup\u00e9rieur \u00e0\u00a0ce qui est pratiqu\u00e9 en championnat. Ce choix, d\u00e9fendu par le pr\u00e9sident can\u00e9tois Jacky Loos, mais dont on peut questionner \u00ab\u00a0l\u2019esprit Coupe de France\u00a0\u00bb, avait \u00e9t\u00e9 d\u00e9nonc\u00e9 par les Ultras montpelli\u00e9rains. \u00ab\u00a0Ce prix pour ce match entre une L2 et une N3. Fallait oser\u00a0\u00bb, avait notamment \u00e9crit la Butte Paillade\u00a0dans la semaine, appelant le MHSC et son pr\u00e9sident \u00e0 ne pas \u00ab\u00a0reverser sa part de recette\u00a0\u00bb apr\u00e8s ce qu\u2019elle\u00a0qualifiait de \u00ab\u00a0vol\u00a0\u00bb.<\/p>\n<p class=\"std-elt__inline\">\n        <strong>\u00c0 lire aussi :<\/strong><br \/>\n        <a href=\"https:\/\/www.midilibre.fr\/2025\/12\/17\/esperons-que-notre-club-saura-ne-pas-reverser-sa-part-de-recette-colere-des-supporters-montpellierains-contre-le-prix-des-places-du-match-canet-mhsc-13116529.php\" target=\"_blank\" rel=\"noopener\">\u00ab\u00a0Esp\u00e9rons que notre club saura ne pas reverser sa part de recette\u00a0\u00bb\u00a0: col\u00e8re des supporters montpelli\u00e9rains contre le prix des places du match Canet-MHSC<\/a>\n    <\/p>\n<p>Les Ultras avaient joint le geste \u00e0 la parole en n\u2019organisant pas de d\u00e9placement. Mais ils \u00e9taient pr\u00e9sents en nombre \u00e0 \u00ab\u00a0titre individuel\u00a0\u00bb en tribune, o\u00f9 ils ont tr\u00e8s largement contribu\u00e9 \u00e0 l\u2019ambiance.<\/p>\n<p>35\u00a0% de la recette globale<\/p>\n<p>Vendredi, si le stade n\u2019a pas fait le plein \u2013 3\u00a0944 spectateurs pour une capacit\u00e9 d\u2019environ 5\u00a0000 places \u2013 Laurent Nicollin et les dirigeants montpelli\u00e9rains ont choisi de faire don de leur part du\u00a0g\u00e2teau.\u00a0Pr\u00e9sent \u00e0 son habitude sur le banc pailladin, le pr\u00e9sident h\u00e9raultais a revers\u00e9 la manne\u00a0allou\u00e9e au MHSC, soit 35\u00a0% de la recette totale. Le r\u00e8glement pr\u00e9voit en effet que les deux clubs se partagent 70\u00a0% des revenus li\u00e9s au match, les 30\u00a0% restant revenant \u00e0 la F\u00e9d\u00e9ration fran\u00e7aise de football (ou aux Ligues pour les tours r\u00e9gionaux).<\/p>\n<p>\u00ab\u00a0Ce n\u2019est pas une tradition, c\u2019est juste une question de logique. Si on est bien accueilli, bien re\u00e7u et qu\u2019il n\u2019y a pas de probl\u00e8mes divers, il n\u2019y a pas de raison\u00a0\u00bb, avait expliqu\u00e9 le pr\u00e9sident montpelli\u00e9rain dans l\u2019\u00e9mission <a href=\"https:\/\/youtu.be\/q9Qq7N3-2xY?si=t3qK2w5IqlFjiPM2\" target=\"_blank\" rel=\"noopener\">Montpellier Sport Club<\/a>. \u00ab\u00a0Ce sont nos valeurs, c\u2019est comme \u00e7a, avait-il ajout\u00e9. Ce n\u2019est pas non plus une panac\u00e9e ni un exploit de laisser une recette \u00e0 un club amateur. C\u2019est juste du bon sens et la magie de la Coupe de France.\u00a0\u00bb<\/p>\n","protected":false},"excerpt":{"rendered":"Malgr\u00e9 la controverse li\u00e9e aux tarifs, Montpellier s\u2019en est tenu \u00e0 la tradition de la comp\u00e9tition et a&hellip;\n","protected":false},"author":2,"featured_media":612296,"comment_status":"","ping_status":"","sticky":false,"template":"","format":"standard","meta":{"footnotes":""},"categories":[9599],"tags":[1111,11,1777,674,63,1011,27,7089,2208,12,2680,25,517],"class_list":{"0":"post-612295","1":"post","2":"type-post","3":"status-publish","4":"format-standard","5":"has-post-thumbnail","7":"category-montpellier","8":"tag-actu","9":"tag-actualites","10":"tag-eu","11":"tag-europe","12":"tag-football","13":"tag-fr","14":"tag-france","15":"tag-herault","16":"tag-montpellier","17":"tag-news","18":"tag-occitanie","19":"tag-republique-francaise","20":"tag-sport"},"share_on_mastodon":{"url":"","error":""},"_links":{"self":[{"href":"https:\/\/www.europesays.com\/fr\/wp-json\/wp\/v2\/posts\/612295","targetHints":{"allow":["GET"]}}],"collection":[{"href":"https:\/\/www.europesays.com\/fr\/wp-json\/wp\/v2\/posts"}],"about":[{"href":"https:\/\/www.europesays.com\/fr\/wp-json\/wp\/v2\/types\/post"}],"author":[{"embeddable":true,"href":"https:\/\/www.europesays.com\/fr\/wp-json\/wp\/v2\/users\/2"}],"replies":[{"embeddable":true,"href":"https:\/\/www.europesays.com\/fr\/wp-json\/wp\/v2\/comments?post=612295"}],"version-history":[{"count":0,"href":"https:\/\/www.europesays.com\/fr\/wp-json\/wp\/v2\/posts\/612295\/revisions"}],"wp:featuredmedia":[{"embeddable":true,"href":"https:\/\/www.europesays.com\/fr\/wp-json\/wp\/v2\/media\/612296"}],"wp:attachment":[{"href":"https:\/\/www.europesays.com\/fr\/wp-json\/wp\/v2\/media?parent=612295"}],"wp:term":[{"taxonomy":"category","embeddable":true,"href":"https:\/\/www.europesays.com\/fr\/wp-json\/wp\/v2\/categories?post=612295"},{"taxonomy":"post_tag","embeddable":true,"href":"https:\/\/www.europesays.com\/fr\/wp-json\/wp\/v2\/tags?post=612295"}],"curies":[{"name":"wp","href":"https:\/\/api.w.org\/{rel}","templated":true}]}}