{"id":612297,"date":"2025-12-20T19:32:16","date_gmt":"2025-12-20T19:32:16","guid":{"rendered":"https:\/\/www.europesays.com\/fr\/612297\/"},"modified":"2025-12-20T19:32:16","modified_gmt":"2025-12-20T19:32:16","slug":"marches-de-noel-vide-greniers-voici-les-rendez-vous-de-ce-dimanche-en-seine-maritime","status":"publish","type":"post","link":"https:\/\/www.europesays.com\/fr\/612297\/","title":{"rendered":"March\u00e9s de No\u00ebl, vide-greniers&#8230; Voici les rendez-vous de ce dimanche en Seine-Maritime"},"content":{"rendered":"<p>                    Par<br \/>\n        <strong><br \/>\n            <a href=\"https:\/\/actu.fr\/auteur\/yann-rivallan\" title=\"Consulter tous les articles de Yann Rivallan\" target=\"_blank\" rel=\"noopener\">Yann Rivallan<\/a><br \/>\n                    <\/strong><\/p>\n<p>        Publi\u00e9 le<\/p>\n<p>            19 d\u00e9c. 2025 \u00e0 21h04<br \/>\n        ; mis \u00e0 jour le 20 d\u00e9c. 2025 \u00e0 17h25    <\/p>\n<p>La fin de l\u2019ann\u00e9e est g\u00e9n\u00e9ralement moins propice aux foires \u00e0 tout et autres vide-greniers. Mais de nombreux <strong>march\u00e9s de No\u00ebl<\/strong> sont organis\u00e9s sur cette p\u00e9riode en <a href=\"https:\/\/actu.fr\/normandie\/seine-maritime_76\" target=\"_blank\" rel=\"noopener\">Seine-Maritime<\/a>. On fait le point sur les \u00e9v\u00e9nements pr\u00e9vus ce<strong>\u00a0dimanche 21\u00a0d\u00e9cembre<\/strong> 2025.<\/p>\n<p>Les \u00e9v\u00e9nements du dimanche<\/p>\n<p class=\" wall-content\">\u2022 <strong>Duclair\u2009:<\/strong> march\u00e9 de No\u00ebl autour de la place de la mairie, de 9h \u00e0 19h. Entr\u00e9e gratuite.<\/p>\n<p class=\" wall-content\">\u2022 <strong>Le\u00a0Havre\u2009:<\/strong> march\u00e9 de No\u00ebl place de l\u2019H\u00f4tel de ville, de 11h \u00e0 20h. Entr\u00e9e gratuite.<\/p>\n<p class=\" wall-content\">\u2022 <strong>Le\u00a0Havre\u2009:<\/strong> march\u00e9 de No\u00ebl avec 18 cr\u00e9ateurs.rices Normand \u00e0 la halle du fort de Tourneville.<\/p>\n<p class=\" wall-content\">\u2022 <strong>Le\u00a0Havre\u2009:<\/strong> vide-greniers de l\u2019association Bolingo \u00e0 la salle des f\u00eates de Bl\u00e9ville, de 8h30 \u00e0 19h30. Entr\u00e9e\u2009: 1\u00a0euro. Entre 50 et 100\u00a0exposants.<\/p>\n<p class=\" wall-content\">\u2022 <strong>Le\u00a0Havre\u2009:<\/strong> vide-greniers de No\u00ebl \u00e0 la salle des f\u00eates Franklin, de 7h30 \u00e0 18h30. Entr\u00e9e\u2009: 1\u00a0euro. Entre 100 et 200\u00a0exposants.<\/p>\n<p>Vid\u00e9os : en ce moment sur Actu<\/p>\n<p class=\" wall-content\">\u2022 <strong>Rouen\u2009:<\/strong> march\u00e9 de No\u00ebl place de la Cath\u00e9drale, de 10h \u00e0 20h. Entr\u00e9e gratuite.<\/p>\n<p>Vous souhaitez annoncer un \u00e9v\u00e9nement festif ou associatif, une initiative locale ? Rendez-vous sur notre plateforme <a href=\"https:\/\/www.infolocale.fr\/decouvrir\/actu\/\" target=\"_blank\" rel=\"noopener\">Infolocale<\/a>.<\/p>\n<p class=\" wall-content\">Personnalisez votre actualit\u00e9 en ajoutant vos villes et m\u00e9dias en favori avec <a href=\"https:\/\/moncompte.actu.fr\" title=\"D\u00e9couvez Mon Actu\" rel=\"nofollow noopener\" data-trk=\"{&quot;cta&quot;:{&quot;action&quot;:&quot;https:\\\/\\\/moncompte.actu.fr&quot;,&quot;category&quot;:&quot;mon compte&quot;,&quot;from&quot;:&quot;article footer&quot;,&quot;name&quot;:&quot;Mon actu&quot;,&quot;type&quot;:&quot;cta&quot;}}\" target=\"_blank\">Mon Actu<\/a>.<\/p>\n","protected":false},"excerpt":{"rendered":"Par Yann Rivallan Publi\u00e9 le 19 d\u00e9c. 2025 \u00e0 21h04 ; mis \u00e0 jour le 20 d\u00e9c. 2025&hellip;\n","protected":false},"author":2,"featured_media":612298,"comment_status":"","ping_status":"","sticky":false,"template":"","format":"standard","meta":{"footnotes":""},"categories":[9587],"tags":[1111,11,1777,674,10087,1011,27,1652,2089,12,5161,25,9590,3365],"class_list":{"0":"post-612297","1":"post","2":"type-post","3":"status-publish","4":"format-standard","5":"has-post-thumbnail","7":"category-rouen","8":"tag-actu","9":"tag-actualites","10":"tag-eu","11":"tag-europe","12":"tag-foires-a-tout","13":"tag-fr","14":"tag-france","15":"tag-loisirs-culture","16":"tag-marche","17":"tag-news","18":"tag-normandie","19":"tag-republique-francaise","20":"tag-rouen","21":"tag-vide-greniers"},"share_on_mastodon":{"url":"https:\/\/pubeurope.com\/@fr\/115753566103293838","error":""},"_links":{"self":[{"href":"https:\/\/www.europesays.com\/fr\/wp-json\/wp\/v2\/posts\/612297","targetHints":{"allow":["GET"]}}],"collection":[{"href":"https:\/\/www.europesays.com\/fr\/wp-json\/wp\/v2\/posts"}],"about":[{"href":"https:\/\/www.europesays.com\/fr\/wp-json\/wp\/v2\/types\/post"}],"author":[{"embeddable":true,"href":"https:\/\/www.europesays.com\/fr\/wp-json\/wp\/v2\/users\/2"}],"replies":[{"embeddable":true,"href":"https:\/\/www.europesays.com\/fr\/wp-json\/wp\/v2\/comments?post=612297"}],"version-history":[{"count":0,"href":"https:\/\/www.europesays.com\/fr\/wp-json\/wp\/v2\/posts\/612297\/revisions"}],"wp:featuredmedia":[{"embeddable":true,"href":"https:\/\/www.europesays.com\/fr\/wp-json\/wp\/v2\/media\/612298"}],"wp:attachment":[{"href":"https:\/\/www.europesays.com\/fr\/wp-json\/wp\/v2\/media?parent=612297"}],"wp:term":[{"taxonomy":"category","embeddable":true,"href":"https:\/\/www.europesays.com\/fr\/wp-json\/wp\/v2\/categories?post=612297"},{"taxonomy":"post_tag","embeddable":true,"href":"https:\/\/www.europesays.com\/fr\/wp-json\/wp\/v2\/tags?post=612297"}],"curies":[{"name":"wp","href":"https:\/\/api.w.org\/{rel}","templated":true}]}}