{"id":612299,"date":"2025-12-20T19:33:27","date_gmt":"2025-12-20T19:33:27","guid":{"rendered":"https:\/\/www.europesays.com\/fr\/612299\/"},"modified":"2025-12-20T19:33:27","modified_gmt":"2025-12-20T19:33:27","slug":"helena-a-zenith-de-rouen-2026-de-la-helena","status":"publish","type":"post","link":"https:\/\/www.europesays.com\/fr\/612299\/","title":{"rendered":"Helena \u00e0 Z\u00e9nith de Rouen 2026 | de la Helena"},"content":{"rendered":"<p class=\"intro\">Helena, la r\u00e9v\u00e9lation musicale belge issue de la Star Academy, se produira en concert au Z\u00e9nith de Rouen le mercredi 4 novembre 2026 \u00e0 20h. Avec sa voix envo\u00fbtante et son \u00e9nergie solaire, la jeune artiste de 24 ans investira la sc\u00e8ne rouennaise dans le cadre de sa premi\u00e8re tourn\u00e9e solo. Cette soir\u00e9e exceptionnelle promet d&rsquo;\u00eatre un moment fort de l&rsquo;agenda culturel de Rouen, o\u00f9 Helena interpr\u00e9tera ses titres phares dont\u00a0\u00ab\u00a0Summer body\u00a0\u00bb. Les billets sont disponibles d\u00e8s maintenant pour ce rendez-vous musical incontournable.<\/p>\n<p>\u00c0 Rouen, Helena investit la sc\u00e8ne du Z\u00e9nith pour sa premi\u00e8re tourn\u00e9e solo<\/p>\n<p>La <strong>r\u00e9v\u00e9lation musicale Helena<\/strong> fera vibrer le public rouennais avec son univers musical teint\u00e9 de pop \u00e9lectrique et acoustique. L&rsquo;ancienne candidate de la Star Academy, surnomm\u00e9e la\u00a0\u00ab\u00a0Reine de Belgique\u00a0\u00bb par ses compatriotes, convie ses fans \u00e0 partager un moment d&rsquo;\u00e9motion et d&rsquo;authenticit\u00e9. Cette \u00e9tape de sa <strong>premi\u00e8re tourn\u00e9e en solo<\/strong> permettra aux spectateurs de Seine-Maritime de d\u00e9couvrir ses compositions touchantes et remplies d&rsquo;espoir.<\/p>\n<p><img decoding=\"async\" loading=\"lazy\" src=\"https:\/\/www.europesays.com\/fr\/wp-content\/uploads\/2025\/06\/helena-nouveau-visuel-tournee-tickets_372962_3143340_222x222.jpg\" alt=\"Helena - Tourn\u00e9e\" class=\"border\"\/><\/p>\n<p>Helena pose des mots justes sur le quotidien d&rsquo;une jeune femme de 22 ans, cr\u00e9ant des m\u00e9lodies captivantes o\u00f9 chaque note r\u00e9sonne avec \u00e9motion. Son spectacle promet d&rsquo;\u00eatre \u00e0 son image\u00a0: <strong>authentique et touchant<\/strong>, m\u00ealant humour et m\u00e9lancolie. Les amateurs de chanson fran\u00e7aise pourront retrouver d&rsquo;autres <a href=\"https:\/\/www.jds.fr\/rouen\/agenda\/musique-et-concerts-96_B\" target=\"_blank\" rel=\"noopener\">concerts programm\u00e9s \u00e0 Rouen<\/a> tout au long de l&rsquo;ann\u00e9e.<\/p>\n<p>Billetterie Helena au Z\u00e9nith de Rouen<\/p>\n<p><a class=\"btn btn-lg shadow-lg btn-primary rounded-pill fnac_link\" data-fnac=\"in_article\" href=\"https:\/\/www.awin1.com\/pclick.php?p=43492181421&amp;a=634278&amp;m=12494&amp;clickref=in_article-A-desktop\" target=\"_blank\" rel=\"nofollow noopener\"> Acheter des billets<\/a><\/p>\n<p>Les <strong>billets<\/strong> pour ce concert exceptionnel sont propos\u00e9s de <strong>39\u00a0\u20ac \u00e0 69\u00a0\u20ac<\/strong>. Face \u00e0 la popularit\u00e9 grandissante d&rsquo;Helena depuis son passage remarqu\u00e9 \u00e0 la Star Academy, il est vivement conseill\u00e9 de <strong>r\u00e9server<\/strong> rapidement ses places pour \u00e9viter toute d\u00e9ception. Le Z\u00e9nith de Rouen peut accueillir jusqu&rsquo;\u00e0 8 000 personnes, garantissant une ambiance intimiste malgr\u00e9 la capacit\u00e9 de la salle. Pour d\u00e9couvrir les autres dates de <a href=\"https:\/\/www.jds.fr\/artistes\/helena-18740_N\" target=\"_blank\" rel=\"noopener\">Helena en tourn\u00e9e<\/a>, consultez sa programmation compl\u00e8te.<\/p>\n<p>Le parcours artistique d&rsquo;Helena, de la Star Academy au succ\u00e8s<\/p>\n<p>Helena Bailly s&rsquo;est r\u00e9v\u00e9l\u00e9e au grand public lors de la <strong>Star Academy 11<\/strong>, atteignant les demi-finales avec des performances remarqu\u00e9es comme\u00a0\u00ab\u00a0Shallow\u00a0\u00bb en duo avec Pierre Garnier. Sa voix \u00e0 la fois fragile et puissante, transportant une \u00e9motion palpable, lui a valu de remporter le <strong>NRJ Music Award de la r\u00e9v\u00e9lation belge<\/strong> de l&rsquo;ann\u00e9e en novembre 2024.<\/p>\n<p>Son premier single <strong>\u00ab\u00a0Summer body\u00a0\u00bb<\/strong> est devenu le hit m\u00e9lancolique de l&rsquo;\u00e9t\u00e9, propulsant sa carri\u00e8re vers de nouveaux sommets. Son album <strong>\u00ab\u00a0H\u00e9l\u00e9\u00a0\u00bb<\/strong>, compos\u00e9 de treize morceaux aux tonalit\u00e9s pop et contemporaines, confirme son talent d&rsquo;auteure-compositrice-interpr\u00e8te. Helena se produira \u00e9galement lors d&rsquo;un <a href=\"https:\/\/www.jds.fr\/rennes\/concerts\/chanson-francaise\/helena-tournee-1291631_A\" target=\"_blank\" rel=\"noopener\">concert d&rsquo;Helena \u00e0 Rennes<\/a> dans le cadre de sa tourn\u00e9e nationale.<\/p>\n<p>Comment se rendre au Z\u00e9nith de Rouen\u00a0?<\/p>\n<p>Le <strong>Z\u00e9nith de Rouen<\/strong> b\u00e9n\u00e9ficie d&rsquo;un acc\u00e8s privil\u00e9gi\u00e9 en voiture via les principaux axes routiers. Depuis Paris, comptez environ 1h15 de trajet par l&rsquo;A13, tandis que depuis Le Havre ou Caen, la dur\u00e9e est d&rsquo;environ 1h. Un <strong>parking gratuit de 4 200 places<\/strong> est mis \u00e0 disposition des spectateurs, partag\u00e9 avec le Parc des Expositions. En raison de travaux entra\u00eenant une fermeture partielle, il est recommand\u00e9 d&rsquo;anticiper votre venue. Le <a href=\"https:\/\/www.jds.fr\/rouen\/le-grand-quevilly\/salle-de-concert-spectacle\/zenith-de-rouen-15867_L\" target=\"_blank\" rel=\"noopener\">Z\u00e9nith de Rouen<\/a> est situ\u00e9 \u00e0 moins de 10 kilom\u00e8tres du centre-ville.<\/p>\n<p>Les <strong>transports en commun<\/strong> constituent une alternative pratique avec l&rsquo;arr\u00eat\u00a0\u00ab\u00a0Z\u00e9nith\/Parc Expo\u00a0\u00bb desservi par les lignes T4 et F6 du r\u00e9seau Astuce. La ligne T4 circule du lundi au samedi de 5h30 \u00e0 minuit avec un passage toutes les 8 minutes en heure de pointe. Des navettes sp\u00e9ciales sont organis\u00e9es 20 minutes apr\u00e8s chaque spectacle pour faciliter les retours. La salle est enti\u00e8rement accessible aux <strong>personnes \u00e0 mobilit\u00e9 r\u00e9duite<\/strong> avec une entr\u00e9e sp\u00e9cifique et une cinquantaine d&#8217;emplacements r\u00e9serv\u00e9s.<\/p>\n<p class=\"mise_en_avant\">Notre conseil\u00a0: privil\u00e9giez les transports en commun avec la ligne T4, plus fr\u00e9quente et directe vers le Z\u00e9nith.<\/p>\n<p>Apr\u00e8s le concert d&rsquo;Helena, les amateurs de spectacle pourront d\u00e9couvrir <a href=\"https:\/\/www.jds.fr\/rouen\/spectacles\/humour\/redouane-bougheraba-mon-premier-spectacle-tournee-des-zenith-1150612_A\" target=\"_blank\" rel=\"noopener\">Redouane Bougheraba au Z\u00e9nith de Rouen<\/a> avec son nouveau one-man-show\u00a0\u00ab\u00a0Mon Premier Spectacle\u00a0\u00bb dans le cadre de sa tourn\u00e9e des Z\u00e9nith.<\/p>\n","protected":false},"excerpt":{"rendered":"Helena, la r\u00e9v\u00e9lation musicale belge issue de la Star Academy, se produira en concert au Z\u00e9nith de Rouen&hellip;\n","protected":false},"author":2,"featured_media":182775,"comment_status":"","ping_status":"","sticky":false,"template":"","format":"standard","meta":{"footnotes":""},"categories":[9587],"tags":[1111,11,1777,674,1011,27,12,5161,25,9590],"class_list":{"0":"post-612299","1":"post","2":"type-post","3":"status-publish","4":"format-standard","5":"has-post-thumbnail","7":"category-rouen","8":"tag-actu","9":"tag-actualites","10":"tag-eu","11":"tag-europe","12":"tag-fr","13":"tag-france","14":"tag-news","15":"tag-normandie","16":"tag-republique-francaise","17":"tag-rouen"},"share_on_mastodon":{"url":"https:\/\/pubeurope.com\/@fr\/115753570020392873","error":""},"_links":{"self":[{"href":"https:\/\/www.europesays.com\/fr\/wp-json\/wp\/v2\/posts\/612299","targetHints":{"allow":["GET"]}}],"collection":[{"href":"https:\/\/www.europesays.com\/fr\/wp-json\/wp\/v2\/posts"}],"about":[{"href":"https:\/\/www.europesays.com\/fr\/wp-json\/wp\/v2\/types\/post"}],"author":[{"embeddable":true,"href":"https:\/\/www.europesays.com\/fr\/wp-json\/wp\/v2\/users\/2"}],"replies":[{"embeddable":true,"href":"https:\/\/www.europesays.com\/fr\/wp-json\/wp\/v2\/comments?post=612299"}],"version-history":[{"count":0,"href":"https:\/\/www.europesays.com\/fr\/wp-json\/wp\/v2\/posts\/612299\/revisions"}],"wp:featuredmedia":[{"embeddable":true,"href":"https:\/\/www.europesays.com\/fr\/wp-json\/wp\/v2\/media\/182775"}],"wp:attachment":[{"href":"https:\/\/www.europesays.com\/fr\/wp-json\/wp\/v2\/media?parent=612299"}],"wp:term":[{"taxonomy":"category","embeddable":true,"href":"https:\/\/www.europesays.com\/fr\/wp-json\/wp\/v2\/categories?post=612299"},{"taxonomy":"post_tag","embeddable":true,"href":"https:\/\/www.europesays.com\/fr\/wp-json\/wp\/v2\/tags?post=612299"}],"curies":[{"name":"wp","href":"https:\/\/api.w.org\/{rel}","templated":true}]}}