{"id":612302,"date":"2025-12-20T19:35:20","date_gmt":"2025-12-20T19:35:20","guid":{"rendered":"https:\/\/www.europesays.com\/fr\/612302\/"},"modified":"2025-12-20T19:35:20","modified_gmt":"2025-12-20T19:35:20","slug":"las-nancy-lorraine-egalise-dans-le-temps-additionnel-et-se-qualifie-aux-tirs-au-but-a-grenoble","status":"publish","type":"post","link":"https:\/\/www.europesays.com\/fr\/612302\/","title":{"rendered":"l&rsquo;AS Nancy Lorraine \u00e9galise dans le temps additionnel et se qualifie aux tirs au but \u00e0 Grenoble \u00a0!"},"content":{"rendered":"<p>Deux semaines apr\u00e8s s&rsquo;\u00eatre inclin\u00e9e au Stade des Alpes en championnat (1-0), l&rsquo;ASNL revenait \u00e0 Grenoble ce samedi dans le cadre des 32e de finale de la Coupe de France. Longtemps men\u00e9e au score, et apr\u00e8s \u00eatre pass\u00e9e plusieurs fois pr\u00e8s de la correctionnelle, elle a \u00e9galis\u00e9 dans le temps additionnel avant de se qualifier aux tirs au but. revivez le film du match.<\/p>\n<p>&#13;<br \/>\n              M.A. &#8211; &#13;<br \/>\n        &#13;<br \/>\n          Aujourd&rsquo;hui \u00e0 14:00&#13;<br \/>\n    &#13;<br \/>\n                  | mis \u00e0 jour aujourd&rsquo;hui \u00e0 20:23&#13;<br \/>\n              &#8211; Temps de lecture : &#13;<br \/>\n  &#13;\n<\/p>\n<p>                            <img class=\"placeholder-svg\" loading=\"lazy\" decoding=\"async\" src=\"https:\/\/cdn-files.prsmedia.fr\/files\/REDAC\/images\/svg\/placeholders\/digiteka.svg\" alt=\"Digiteka PlaceHolder\"\/><\/p>\n","protected":false},"excerpt":{"rendered":"Deux semaines apr\u00e8s s&rsquo;\u00eatre inclin\u00e9e au Stade des Alpes en championnat (1-0), l&rsquo;ASNL revenait \u00e0 Grenoble ce samedi&hellip;\n","protected":false},"author":2,"featured_media":612303,"comment_status":"","ping_status":"","sticky":false,"template":"","format":"standard","meta":{"footnotes":""},"categories":[9566],"tags":[1111,11,3703,2430,15922,3545,3602,1707,1704,1706,1705,1777,674,107,1701,63,1011,27,2731,1702,12,25,517,1700],"class_list":{"0":"post-612302","1":"post","2":"type-post","3":"status-publish","4":"format-standard","5":"has-post-thumbnail","7":"category-grenoble","8":"tag-actu","9":"tag-actualites","10":"tag-asnl","11":"tag-auvergne-rhone-alpes","12":"tag-coupe-de-france-de-football","13":"tag-direct-sport","14":"tag-edition-bar-le-duc","15":"tag-edition-luneville","16":"tag-edition-nancy-et-agglomeration","17":"tag-edition-pont-a-mousson","18":"tag-edition-toul","19":"tag-eu","20":"tag-europe","21":"tag-fil-info","22":"tag-fil-info-sport","23":"tag-football","24":"tag-fr","25":"tag-france","26":"tag-grenoble","27":"tag-nancy","28":"tag-news","29":"tag-republique-francaise","30":"tag-sport","31":"tag-sport-lorrain"},"share_on_mastodon":{"url":"https:\/\/pubeurope.com\/@fr\/115753579008901280","error":""},"_links":{"self":[{"href":"https:\/\/www.europesays.com\/fr\/wp-json\/wp\/v2\/posts\/612302","targetHints":{"allow":["GET"]}}],"collection":[{"href":"https:\/\/www.europesays.com\/fr\/wp-json\/wp\/v2\/posts"}],"about":[{"href":"https:\/\/www.europesays.com\/fr\/wp-json\/wp\/v2\/types\/post"}],"author":[{"embeddable":true,"href":"https:\/\/www.europesays.com\/fr\/wp-json\/wp\/v2\/users\/2"}],"replies":[{"embeddable":true,"href":"https:\/\/www.europesays.com\/fr\/wp-json\/wp\/v2\/comments?post=612302"}],"version-history":[{"count":0,"href":"https:\/\/www.europesays.com\/fr\/wp-json\/wp\/v2\/posts\/612302\/revisions"}],"wp:featuredmedia":[{"embeddable":true,"href":"https:\/\/www.europesays.com\/fr\/wp-json\/wp\/v2\/media\/612303"}],"wp:attachment":[{"href":"https:\/\/www.europesays.com\/fr\/wp-json\/wp\/v2\/media?parent=612302"}],"wp:term":[{"taxonomy":"category","embeddable":true,"href":"https:\/\/www.europesays.com\/fr\/wp-json\/wp\/v2\/categories?post=612302"},{"taxonomy":"post_tag","embeddable":true,"href":"https:\/\/www.europesays.com\/fr\/wp-json\/wp\/v2\/tags?post=612302"}],"curies":[{"name":"wp","href":"https:\/\/api.w.org\/{rel}","templated":true}]}}