{"id":612308,"date":"2025-12-20T19:38:20","date_gmt":"2025-12-20T19:38:20","guid":{"rendered":"https:\/\/www.europesays.com\/fr\/612308\/"},"modified":"2025-12-20T19:38:20","modified_gmt":"2025-12-20T19:38:20","slug":"un-petit-moment-de-fete-pour-ceux-que-noel-a-oublies","status":"publish","type":"post","link":"https:\/\/www.europesays.com\/fr\/612308\/","title":{"rendered":"un petit moment de f\u00eate pour ceux que No\u00ebl a oubli\u00e9s"},"content":{"rendered":"<p>Alors que le march\u00e9 de No\u00ebl bat son plein, l\u2019\u00e9v\u00e9nement \u201cVivre No\u00ebl ensemble\u201d prend le contre-pied du tumulte ambiant du centre-ville. Au pied du mus\u00e9e d\u2019art moderne, place Hans-Jean-Arp, il n\u2019y a pas de vitrines d\u00e9cor\u00e9es ni de fa\u00e7ades illumin\u00e9es, et encore moins de files press\u00e9es, mais une volont\u00e9 simple de partager une brioche et une boisson chaude offertes par des associations.<\/p>\n<p>Autour de tables abrit\u00e9es sous des tonnelles blanches, des anonymes se retrouvent. Ici, des badauds sirotent un verre de vin chaud en \u00e9coutant l\u2019association Ballade entonner des chants traditionnels. Ils se m\u00ealent&#8230;<\/p>\n","protected":false},"excerpt":{"rendered":"Alors que le march\u00e9 de No\u00ebl bat son plein, l\u2019\u00e9v\u00e9nement \u201cVivre No\u00ebl ensemble\u201d prend le contre-pied du tumulte&hellip;\n","protected":false},"author":2,"featured_media":612309,"comment_status":"","ping_status":"","sticky":false,"template":"","format":"standard","meta":{"footnotes":""},"categories":[2820],"tags":[1111,11,2880,1777,674,107,1011,27,775,1908,12,15830,25,801,104,640,2879,1631],"class_list":{"0":"post-612308","1":"post","2":"type-post","3":"status-publish","4":"format-standard","5":"has-post-thumbnail","7":"category-strasbourg","8":"tag-actu","9":"tag-actualites","10":"tag-edition-strasbourg","11":"tag-eu","12":"tag-europe","13":"tag-fil-info","14":"tag-fr","15":"tag-france","16":"tag-grand-est","17":"tag-logement","18":"tag-news","19":"tag-noel","20":"tag-republique-francaise","21":"tag-social","22":"tag-societe","23":"tag-strasbourg","24":"tag-strasbourg-ville","25":"tag-vie-associative"},"share_on_mastodon":{"url":"https:\/\/pubeurope.com\/@fr\/115753589549432636","error":""},"_links":{"self":[{"href":"https:\/\/www.europesays.com\/fr\/wp-json\/wp\/v2\/posts\/612308","targetHints":{"allow":["GET"]}}],"collection":[{"href":"https:\/\/www.europesays.com\/fr\/wp-json\/wp\/v2\/posts"}],"about":[{"href":"https:\/\/www.europesays.com\/fr\/wp-json\/wp\/v2\/types\/post"}],"author":[{"embeddable":true,"href":"https:\/\/www.europesays.com\/fr\/wp-json\/wp\/v2\/users\/2"}],"replies":[{"embeddable":true,"href":"https:\/\/www.europesays.com\/fr\/wp-json\/wp\/v2\/comments?post=612308"}],"version-history":[{"count":0,"href":"https:\/\/www.europesays.com\/fr\/wp-json\/wp\/v2\/posts\/612308\/revisions"}],"wp:featuredmedia":[{"embeddable":true,"href":"https:\/\/www.europesays.com\/fr\/wp-json\/wp\/v2\/media\/612309"}],"wp:attachment":[{"href":"https:\/\/www.europesays.com\/fr\/wp-json\/wp\/v2\/media?parent=612308"}],"wp:term":[{"taxonomy":"category","embeddable":true,"href":"https:\/\/www.europesays.com\/fr\/wp-json\/wp\/v2\/categories?post=612308"},{"taxonomy":"post_tag","embeddable":true,"href":"https:\/\/www.europesays.com\/fr\/wp-json\/wp\/v2\/tags?post=612308"}],"curies":[{"name":"wp","href":"https:\/\/api.w.org\/{rel}","templated":true}]}}