{"id":612312,"date":"2025-12-20T19:40:15","date_gmt":"2025-12-20T19:40:15","guid":{"rendered":"https:\/\/www.europesays.com\/fr\/612312\/"},"modified":"2025-12-20T19:40:15","modified_gmt":"2025-12-20T19:40:15","slug":"chantal-goya-et-son-lapin-ont-fait-le-show-a-cap-3000","status":"publish","type":"post","link":"https:\/\/www.europesays.com\/fr\/612312\/","title":{"rendered":"Chantal Goya et son lapin ont fait le show \u00e0 Cap 3000"},"content":{"rendered":"<p class=\"fs-5 \"><strong>Chantal Goya, 83 ans<\/strong>, ic\u00f4ne de la chanson fran\u00e7aise enfantine, f\u00eate cette ann\u00e9e ses 50 ans de carri\u00e8re. Et <a href=\"https:\/\/www.nicematin.com\/culture\/musique\/becassine-et-maitre-renard-deboulent-a-saint-laurent-du-var-chantal-goya-en-mini-concert-ce-samedi-a-cap-3-000-10661241\" target=\"_blank\" rel=\"noopener\">ce samedi 20 d\u00e9cembre 2025 apr\u00e8s-midi, elle est venue au centre commercial Cap 3000<\/a>, \u00e0 Saint-Laurent-du-Var, ambiancer plusieurs g\u00e9n\u00e9rations d\u2019Azur\u00e9ens gr\u00e2ce \u00e0 un show case d\u2019une heure, o\u00f9 elle a repris ses grands classiques.<\/p>\n<p>        <img src=\"https:\/\/www.europesays.com\/fr\/wp-content\/uploads\/2025\/12\/5a4fce0_upload-from-url-1-3ywywta5vnh7-data-art-16301824.jpg\"   loading=\"lazy\" decoding=\"async\" alt=\"Chantal Goya et son monde merveilleux sont \u00e0 La Palestre ce dimanche 28 septembre. Photos DR \" class=\"img-fluid position-absolute w-100 object-fit-cover rounded-2\" width=\"600\" height=\"400\"\/><\/p>\n<p>                                                                                \u00ab Je suis fan \u00bb<\/p>\n<p class=\"fs-5 \">\u00ab Je suis fan, s\u2019enthousiasme <strong>Rabiha, 70 ans<\/strong>, qui conna\u00eet les paroles par c\u0153ur. On n\u2019\u00e9tait pas au courant qu\u2019elle se produisait ici, et en passant, on a reconnu les chansons mais on n\u2019y croyait pas. \u00bb Accompagn\u00e9e de sa fille <strong>C\u00e9line, 37 ans<\/strong>, et de sa petite fille <strong>Aliyah, 4 mois<\/strong>, elle a chant\u00e9 durant une petite heure \u00ab\u00a0Un lapin\u00a0\u00bb, \u00ab\u00a0Bouba le petit ourson\u00a0\u00bb, \u00ab\u00a0Snoopy\u00a0\u00bb, \u00ab\u00a0L\u2019alphabet en chantant\u00a0\u00bb, ou encore \u00ab\u00a0Mais en attendant Ma\u00eetre Renard\u00a0\u00bb&#8230;<\/p>\n<p class=\"fs-5 \">\u00ab C\u2019est interg\u00e9n\u00e9rationnel et elle \u00e0 l\u2019air en forme pour son \u00e2ge, c\u2019est super \u00bb, sourit C\u00e9line, avec son petit bout de chou dans les bras.<\/p>\n<p class=\"fs-5 \">Sur sc\u00e8ne, <a href=\"https:\/\/www.nicematin.com\/culture\/j-ai-un-public-merveilleux-et-c-est-ce-qui-me-tient-chantal-goya-83-ans-toujours-sur-scene-avec-son-monde-magique-bientot-a-la-palestre-10648668\" target=\"_blank\" rel=\"noopener\">Chantal Goya<\/a> encha\u00eene les tubes avec un certain dynamisme, accompagn\u00e9e pour chacun d\u2019entre eux d\u2019une mascotte qui lui donne la r\u00e9plique : le lapin, le renard, Snoopy&#8230;<\/p>\n<p class=\"fs-5 \">Devant la sc\u00e8ne et aux balcons, <strong>plusieurs centaines de personnes conquises<\/strong>, dont de nombreux jeunes parents avec leurs bambins sur les \u00e9paules. Mais aussi des t\u00eates blanches qui revivent l\u00e0 une seconde jeunesse, \u00e9mus de montrer \u00ab en vrai \u00bb \u00e0 leurs propres enfants l\u2019idole de leur jeunesse. En l\u2019air, les t\u00e9l\u00e9phones sont tenus \u00e0 bout de bras pour immortaliser l\u2019instant.<\/p>\n<p class=\"fs-5 \">\u00ab \u00c7a fait 50 ans que je vous connais et c\u2019est pass\u00e9 comme un \u00e9clair au chocolat, comme dit mon mari Jean-Jacques \u00bb, lance \u00e0 la foule celle qui pr\u00e9pare en 2026 une tourn\u00e9e des z\u00e9niths.<\/p>\n<p>                                                                                \u00ab C\u2019est le meilleur samedi avant No\u00ebl jamais enregistr\u00e9 \u00bb<\/p>\n<p class=\"fs-5 \">Dans le centre commercial, c\u2019est la cohue.<a href=\"https:\/\/www.nicematin.com\/societe\/transports\/apres-les-bouchons-monstres-de-ce-dimanche-dans-le-parking-de-cap-3000-la-direction-dit-travailler-avec-les-autorites-pour-eviter-qu-une-telle-situation-ne-se-reproduise-992213\" target=\"_blank\" rel=\"noopener\"> Le parking d\u00e9borde<\/a>, les all\u00e9es sont pleines. Certains badauds qui font les derni\u00e8res courses avant No\u00ebl reconnaissent les chansons, et se mettent soudainement \u00e0 danser et chanter : oui c\u2019est bien <a href=\"https:\/\/www.nicematin.com\/societe\/justice\/chantal-goya-condamnee-a-regler-2-18-millions-d-euros-au-credit-municipal-de-bordeaux-1001079\" target=\"_blank\" rel=\"noopener\">Chantal Goya<\/a> sur sc\u00e8ne, accompagn\u00e9 de son chat bott\u00e9.<\/p>\n<p class=\"fs-5 \">D\u2019autres sont compl\u00e8tement indiff\u00e9rents et foncent t\u00eate baiss\u00e9e dans les diff\u00e9rentes boutiques de l\u2019immense centre commercial, temple azur\u00e9en de la consommation.<\/p>\n<p class=\"fs-5 \">\u00ab C\u2019est une journ\u00e9e historique, le meilleur samedi avant No\u00ebl jamais enregistr\u00e9, avec plus de 60.000 visiteurs \u00bb, se f\u00e9licite l\u2019\u00e9quipe de Cap 3000.<\/p>\n","protected":false},"excerpt":{"rendered":"Chantal Goya, 83 ans, ic\u00f4ne de la chanson fran\u00e7aise enfantine, f\u00eate cette ann\u00e9e ses 50 ans de carri\u00e8re.&hellip;\n","protected":false},"author":2,"featured_media":612313,"comment_status":"","ping_status":"","sticky":false,"template":"","format":"standard","meta":{"footnotes":""},"categories":[2819],"tags":[1111,11,1777,674,1011,27,12,2401,882,25],"class_list":{"0":"post-612312","1":"post","2":"type-post","3":"status-publish","4":"format-standard","5":"has-post-thumbnail","7":"category-nice","8":"tag-actu","9":"tag-actualites","10":"tag-eu","11":"tag-europe","12":"tag-fr","13":"tag-france","14":"tag-news","15":"tag-nice","16":"tag-provence-alpes-cote-dazur","17":"tag-republique-francaise"},"share_on_mastodon":{"url":"https:\/\/pubeurope.com\/@fr\/115753597630615868","error":""},"_links":{"self":[{"href":"https:\/\/www.europesays.com\/fr\/wp-json\/wp\/v2\/posts\/612312","targetHints":{"allow":["GET"]}}],"collection":[{"href":"https:\/\/www.europesays.com\/fr\/wp-json\/wp\/v2\/posts"}],"about":[{"href":"https:\/\/www.europesays.com\/fr\/wp-json\/wp\/v2\/types\/post"}],"author":[{"embeddable":true,"href":"https:\/\/www.europesays.com\/fr\/wp-json\/wp\/v2\/users\/2"}],"replies":[{"embeddable":true,"href":"https:\/\/www.europesays.com\/fr\/wp-json\/wp\/v2\/comments?post=612312"}],"version-history":[{"count":0,"href":"https:\/\/www.europesays.com\/fr\/wp-json\/wp\/v2\/posts\/612312\/revisions"}],"wp:featuredmedia":[{"embeddable":true,"href":"https:\/\/www.europesays.com\/fr\/wp-json\/wp\/v2\/media\/612313"}],"wp:attachment":[{"href":"https:\/\/www.europesays.com\/fr\/wp-json\/wp\/v2\/media?parent=612312"}],"wp:term":[{"taxonomy":"category","embeddable":true,"href":"https:\/\/www.europesays.com\/fr\/wp-json\/wp\/v2\/categories?post=612312"},{"taxonomy":"post_tag","embeddable":true,"href":"https:\/\/www.europesays.com\/fr\/wp-json\/wp\/v2\/tags?post=612312"}],"curies":[{"name":"wp","href":"https:\/\/api.w.org\/{rel}","templated":true}]}}