{"id":612314,"date":"2025-12-20T19:41:13","date_gmt":"2025-12-20T19:41:13","guid":{"rendered":"https:\/\/www.europesays.com\/fr\/612314\/"},"modified":"2025-12-20T19:41:13","modified_gmt":"2025-12-20T19:41:13","slug":"nice-previsions-meteo-du-samedi-20-decembre-2025","status":"publish","type":"post","link":"https:\/\/www.europesays.com\/fr\/612314\/","title":{"rendered":"Nice : pr\u00e9visions m\u00e9t\u00e9o du samedi 20 d\u00e9cembre 2025"},"content":{"rendered":"<p>\u00c0 Nice, la journ\u00e9e de samedi 20 d\u00e9cembre 2025 sera domin\u00e9e par un ciel tr\u00e8s nuageux et une douceur relative, avec des temp\u00e9ratures comprises entre 10 et 14 \u00b0C. Quelques faibles pluies sont possibles en soir\u00e9e, avant une d\u00e9gradation plus marqu\u00e9e dans la nuit.<\/p>\n<p>    Matin : grisaille persistante d\u00e8s 08 h<\/p>\n<p>D\u00e8s l\u2019aube, le soleil tente une apparition \u00e0 08:00, mais il dispara\u00eet rapidement derri\u00e8re un \u00e9pais voile nuageux. Le thermom\u00e8tre indique <b>11 \u00b0C<\/b>, avec une sensation de <b>9 \u00b0C<\/b>, tandis que l\u2019humidit\u00e9 atteint d\u00e9j\u00e0 81 %.<\/p>\n<p>La pression reste confortable \u00e0 1 019 hPa, accompagn\u00e9e d\u2019une brise nordique soufflant \u00e0 8 km\/h : l\u2019air est frais mais calme. Le risque de pluie s\u2019\u00e9l\u00e8ve \u00e0 33 %, m\u00eame si aucun cumul notable n\u2019est observ\u00e9 pour le moment.<\/p>\n<p>On peut ainsi se rendre au bureau ou fl\u00e2ner au march\u00e9 de la Lib\u00e9ration sans parapluie, tout en pr\u00e9voyant un imperm\u00e9able l\u00e9ger, au cas o\u00f9 l\u2019un des nuages laisserait \u00e9chapper quelques gouttes.<\/p>\n<p>Sous cette couverture nuageuse persistante, l\u2019ensoleillement reste tr\u00e8s limit\u00e9. Les personnes sensibles au manque de lumi\u00e8re gagneront \u00e0 utiliser une lampe de luminoth\u00e9rapie ou \u00e0 s\u2019installer pr\u00e8s d\u2019une baie vitr\u00e9e pour compenser le d\u00e9ficit lumineux saisonnier.<\/p>\n<p>\u00c0 ce stade, aucun impact significatif n\u2019est signal\u00e9 sur le trafic routier ou a\u00e9rien. Les liaisons ferroviaires C\u00f4te d\u2019Azur\u2013Alpes fonctionnent normalement, mais il est conseill\u00e9 de rester attentif aux prochains bulletins d\u2019actualisation.<\/p>\n<p>Apr\u00e8s-midi : douceur contenue sous un plafond tr\u00e8s bas<\/p>\n<p>\u00c0 15 h, Nice reste sous un ciel tr\u00e8s nuageux. La temp\u00e9rature progresse l\u00e9g\u00e8rement \u00e0 <b>13 \u00b0C<\/b>, avec un ressenti identique. L\u2019humidit\u00e9 atteint 79 %, tandis que la pression baisse \u00e0 1 016 hPa, annon\u00e7ant l\u2019approche d\u2019une perturbation.<\/p>\n<p>Le vent de Nord-Nord-Est demeure discret \u00e0 6 km\/h, insuffisant pour dissiper la masse nuageuse. Le risque d\u2019averse grimpe \u00e0 43 %, mais les mod\u00e8les n\u2019anticipent toujours aucun cumul significatif avant la soir\u00e9e.<\/p>\n<p>Concr\u00e8tement, l\u2019air marin para\u00eet plus lourd et la luminosit\u00e9 descend sous les 500 lux, ce qui peut fatiguer les yeux. Si vous travaillez sur \u00e9cran, pensez \u00e0 faire des pauses r\u00e9guli\u00e8res.<\/p>\n<p>Sur le plan \u00e9nerg\u00e9tique, la douceur mod\u00e9r\u00e9e de l\u2019air limite la consommation de chauffage. Aucun dispositif sp\u00e9cial d\u2019aide aux plus vuln\u00e9rables n\u2019est pr\u00e9vu par la municipalit\u00e9 pour l\u2019instant.<\/p>\n<p>Pour une sortie en famille, mus\u00e9es et galeries couvertes s\u2019av\u00e8rent des choix judicieux. Le Jardin Albert-Ier reste accessible, mais les bancs humides rappelleront l\u2019ambiance automnale malgr\u00e9 la p\u00e9riode pr\u00e9-hivernale.<\/p>\n<p>Soir : plafond bas avant le coucher du soleil \u00e0 16 h 56<\/p>\n<p>\u00c0 21 h, la temp\u00e9rature redescend \u00e0 <b>11 \u00b0C<\/b> (ressenti 10 \u00b0C). L\u2019humidit\u00e9 culmine \u00e0 87 %, la pression atteint 1 015 hPa. Le ciel reste bouch\u00e9 et le risque de pr\u00e9cipitation diminue \u00e0 25 %.<\/p>\n<p>Le flux de Nord-Nord-Est reste faible ; la M\u00e9diterran\u00e9e conserve un aspect paisible, sans clapot dangereux pour les navigations c\u00f4ti\u00e8res. Aucun ph\u00e9nom\u00e8ne venteux n\u2019est attendu ce soir.<\/p>\n<p>Les illuminations de la Promenade des Anglais devraient ainsi scintiller sans reflets de flaques. Toutefois, l\u2019humidit\u00e9 pourrait rendre les chauss\u00e9es glissantes : prudence recommand\u00e9e pour les deux-roues.<\/p>\n<p>La pollution demeure class\u00e9e \u00ab ind\u00e9finie \u00bb, mais l\u2019absence de vent limite la dispersion des particules. Les personnes asthmatiques pourront envisager le port d\u2019un masque l\u00e9ger lors de longs d\u00e9placements.<\/p>\n<ul>\n<li>Pr\u00e9voir un pull chaud pour les terrasses.<\/li>\n<li>\u00c9viter le jogging tardif, l\u2019air humide favorise les refroidissements.<\/li>\n<li>Surveiller la bu\u00e9e sur les pare-brise au retour du travail.<\/li>\n<\/ul>\n<p>Tendance g\u00e9n\u00e9rale pour le lundi 21 d\u00e9cembre<\/p>\n<p>Changement de d\u00e9cor durant la nuit ! D\u00e8s 00 h, une <b>pluie mod\u00e9r\u00e9e<\/b> s\u2019installe avec 10,7 mm attendus et une probabilit\u00e9 de 92 %. La temp\u00e9rature reste stable \u00e0 10 \u00b0C, mais le ressenti descend \u00e0 8 \u00b0C sous la pluie et le vent.<\/p>\n<p>La perturbation se renforcera au cours de la journ\u00e9e de lundi, avec des cumuls totaux pouvant atteindre <b>16,9 mm<\/b>. Le vent passera \u00e0 21 km\/h, accompagn\u00e9 de <b>rafales \u00e0 44 km\/h<\/b> d\u2019Est-Nord-Est, de quoi secouer les branches fragiles.<\/p>\n<p>La pression chutera nettement \u00e0 985 hPa, signe d\u2019un syst\u00e8me d\u00e9pressionnaire remontant d\u2019Italie. Ce sc\u00e9nario illustre la fr\u00e9quence accrue des \u00e9pisodes m\u00e9diterran\u00e9ens intenses, que plusieurs rapports IPCC associent \u00e0 un climat plus chaud et \u00e0 une mer plus \u00e9vaporante.<\/p>\n<p>Les principaux impacts attendus : chauss\u00e9es glissantes, visibilit\u00e9 r\u00e9duite, retards possibles sur les vols au d\u00e9part de Nice-C\u00f4te d\u2019Azur. Les automobilistes devront pr\u00e9voir un temps de trajet domicile-travail allong\u00e9.<\/p>\n<p>Pour organiser vos d\u00e9placements ou vos activit\u00e9s touristiques, consultez <a href=\"https:\/\/www.meteocity.com\/france\/nice-v2990440\" target=\"_blank\" rel=\"noopener\">notre bulletin complet actualis\u00e9 en temps r\u00e9el<\/a>.<\/p>\n","protected":false},"excerpt":{"rendered":"\u00c0 Nice, la journ\u00e9e de samedi 20 d\u00e9cembre 2025 sera domin\u00e9e par un ciel tr\u00e8s nuageux et une&hellip;\n","protected":false},"author":2,"featured_media":612315,"comment_status":"","ping_status":"","sticky":false,"template":"","format":"standard","meta":{"footnotes":""},"categories":[2819],"tags":[1111,11,1777,674,1011,27,12,2401,882,25],"class_list":{"0":"post-612314","1":"post","2":"type-post","3":"status-publish","4":"format-standard","5":"has-post-thumbnail","7":"category-nice","8":"tag-actu","9":"tag-actualites","10":"tag-eu","11":"tag-europe","12":"tag-fr","13":"tag-france","14":"tag-news","15":"tag-nice","16":"tag-provence-alpes-cote-dazur","17":"tag-republique-francaise"},"share_on_mastodon":{"url":"https:\/\/pubeurope.com\/@fr\/115753601620381538","error":""},"_links":{"self":[{"href":"https:\/\/www.europesays.com\/fr\/wp-json\/wp\/v2\/posts\/612314","targetHints":{"allow":["GET"]}}],"collection":[{"href":"https:\/\/www.europesays.com\/fr\/wp-json\/wp\/v2\/posts"}],"about":[{"href":"https:\/\/www.europesays.com\/fr\/wp-json\/wp\/v2\/types\/post"}],"author":[{"embeddable":true,"href":"https:\/\/www.europesays.com\/fr\/wp-json\/wp\/v2\/users\/2"}],"replies":[{"embeddable":true,"href":"https:\/\/www.europesays.com\/fr\/wp-json\/wp\/v2\/comments?post=612314"}],"version-history":[{"count":0,"href":"https:\/\/www.europesays.com\/fr\/wp-json\/wp\/v2\/posts\/612314\/revisions"}],"wp:featuredmedia":[{"embeddable":true,"href":"https:\/\/www.europesays.com\/fr\/wp-json\/wp\/v2\/media\/612315"}],"wp:attachment":[{"href":"https:\/\/www.europesays.com\/fr\/wp-json\/wp\/v2\/media?parent=612314"}],"wp:term":[{"taxonomy":"category","embeddable":true,"href":"https:\/\/www.europesays.com\/fr\/wp-json\/wp\/v2\/categories?post=612314"},{"taxonomy":"post_tag","embeddable":true,"href":"https:\/\/www.europesays.com\/fr\/wp-json\/wp\/v2\/tags?post=612314"}],"curies":[{"name":"wp","href":"https:\/\/api.w.org\/{rel}","templated":true}]}}