{"id":612328,"date":"2025-12-20T19:48:16","date_gmt":"2025-12-20T19:48:16","guid":{"rendered":"https:\/\/www.europesays.com\/fr\/612328\/"},"modified":"2025-12-20T19:48:16","modified_gmt":"2025-12-20T19:48:16","slug":"villeneuve-dascq-cest-quoi-boxtown-ce-nouveau-lieu-modulable-installe-dans-le-quartier-de-la-maillerie","status":"publish","type":"post","link":"https:\/\/www.europesays.com\/fr\/612328\/","title":{"rendered":"Villeneuve-d&rsquo;Ascq. C&rsquo;est quoi Boxtown, ce nouveau lieu modulable install\u00e9 dans le quartier de la Maillerie\u00a0?"},"content":{"rendered":"<p>                    Par<br \/>\n        <strong><br \/>\n            <a href=\"https:\/\/actu.fr\/auteur\/nicolas-demollien\" title=\"Consulter tous les articles de Nicolas Demollien\" target=\"_blank\" rel=\"noopener\">Nicolas Demollien<\/a><br \/>\n                    <\/strong><\/p>\n<p>        Publi\u00e9 le<\/p>\n<p>            20 d\u00e9c. 2025 \u00e0 17h46        <\/p>\n<p>Nhood et l\u2019op\u00e9rateur d\u2019\u00e9v\u00e9nements hybrides Grand Playground viennent de d\u00e9voiler un<b> tout nouveau lieu<\/b> dans le <b>quartier de la Maillerie<\/b> \u00e0 <a href=\"https:\/\/actu.fr\/hauts-de-france\/villeneuve-d-ascq_59009\" target=\"_blank\" rel=\"noopener\">Villeneuve-d\u2019Ascq<\/a> (Nord) : <b>Boxtown<\/b>. Cet <b>espace \u00e9v\u00e9nementiel <\/b>a \u00e9t\u00e9 pens\u00e9 comme un lieu \u00e9volutif. Nhood assure qu\u2019il incarne son ambition : \u00ab\u00a0imaginer des destinations vivantes, utiles et ouvertes, capables de s<b>\u2018adapter aux besoins<\/b> des habitants, des acteurs publics et des partenaires priv\u00e9s\u00a0\u00bb. D\u00e9tails.<\/p>\n<p>Zoom sur Boxtown, nouveau lieu modulable au c\u0153ur de la Maillerie \u00e0 Villeneuve-d\u2019Ascq<\/p>\n<p data-end=\"1479\" class=\" wall-content\">Situ\u00e9 sur l\u2019<b>ancien site des Halles de la Maillerie<\/b>, Boxtown a \u00e9t\u00e9 enti\u00e8rement repens\u00e9 pour \u00ab\u00a0accueillir des \u00e9v\u00e9nements, des formats hybrides et des programmations immersives permettant \u00e0 chacun de vivre des \u00e9motions\u00a0\u00bb, d\u00e9taille-t-on du c\u00f4t\u00e9 de Nhood. Il se caract\u00e9rise en effet par sa <b>modularit\u00e9 et sa flexibilit\u00e9<\/b>, permettant de \u00ab\u00a0tester de nouveaux usages\u00a0\u00bb.<\/p>\n<p data-end=\"2015\" class=\" wall-content\">Boxtown s\u2019appuie ainsi sur une architecture pens\u00e9e pour maximiser la diversit\u00e9 des usages. On peut le r\u00e9partir en trois espaces :<\/p>\n<ul class=\" wall-content\">\n<li data-end=\"2015\"><b data-end=\"1581\">Carton Brut<\/b> propose 1 000 m\u00b2 modulables d\u00e9di\u00e9s aux \u00e9v\u00e9nements professionnels, immersifs ou culturels (sc\u00e8nes, meetings, conventions, expositions\u2026).<\/li>\n<li data-end=\"2015\"><b data-end=\"1730\">Le Stock<\/b> est un espace de restauration repens\u00e9 pour b\u00e9n\u00e9ficier directement de la fr\u00e9quentation g\u00e9n\u00e9r\u00e9e par la programmation \u00e9v\u00e9nementielle.<\/li>\n<li data-end=\"2015\"><b data-end=\"1876\">La R\u00e9serve<\/b> offre 400 m\u00b2 d\u00e9di\u00e9s \u00e0 l\u2019animation et \u00e0 la cr\u00e9ativit\u00e9, accueillant activit\u00e9s culturelles, rendez-vous grand public ou exp\u00e9riences hybrides.<\/li>\n<\/ul>\n<p data-end=\"2257\" class=\" wall-content\"><b>Envisag\u00e9 comme un laboratoire<\/b>, Boxtown permet de tester des formats innovants et d\u2019activer des espaces en pr\u00e9figuration de futures transformations urbaines.<\/p>\n<p data-end=\"2805\" class=\" wall-content\">Le lieu pourra accueillir des <b>\u00e9v\u00e9nements culturels<\/b>, grand public ou professionnels, des<b> formats immersifs, collaboratifs ou cr\u00e9atifs<\/b>, des <b>programmations th\u00e9matiques<\/b> construites avec les acteurs du territoire, ainsi que des installations adapt\u00e9es \u00e0 diff\u00e9rents publics (habitants, entreprises, associations, collectivit\u00e9s).\u00a0<\/p>\n<p>Votre r\u00e9gion, votre actu !<\/p>\n<p>Recevez chaque jour les infos qui comptent pour vous.<\/p>\n<p>\t<a href=\"https:\/\/actu.fr\/newsletter\" class=\"ac-btn ac-btn--corner ac-btn--medium ac-btn--blue800\" target=\"_blank\" rel=\"noopener\">S&rsquo;incrire<\/a><br \/>\n\u00ab\u00a0Faire de chaque espace un lieu de rencontres, de cr\u00e9ativit\u00e9 et d\u2019exp\u00e9riences\u00a0\u00bb<\/p>\n<p data-end=\"3501\" class=\" wall-content\">Concr\u00e8tement, Boxtown sert de vitrine \u00e0 la nouvelle offre \u00e9v\u00e9nementielle lanc\u00e9e par Nhood : LIVE. \u00ab\u00a0Il s\u2019agit d\u2019une offre int\u00e9gr\u00e9e qui permet de <b>transformer des espaces, qu\u2019ils soient temporaires, transitoires ou p\u00e9rennes, en lieux de vie anim\u00e9s, programm\u00e9s et porteurs de sens<\/b>\u00ab\u00a0.<\/p>\n<p data-end=\"3501\" class=\" wall-content\">Audrey Delavault, managing director de Nhood, pr\u00e9cise : \u00ab\u00a0Boxtown incarne notre ambition de cr\u00e9er des lieux vivants et ouverts, capables de s\u2019adapter aux usages et aux besoins des habitants, des professionnels et des partenaires. Avec LIVE, nous apportons une nouvelle approche de l\u2019activation et de la programmation, pour faire de chaque espace un lieu de rencontres, de cr\u00e9ativit\u00e9 et d\u2019exp\u00e9riences m\u00e9morables\u00a0\u00bb.<br \/>En 2026, le lieu va accueillir une \u00ab\u00a0programmation ambitieuse\u00a0\u00bb. Con\u00e7ue pour accompagner les propri\u00e9taires, collectivit\u00e9s et op\u00e9rateurs, l\u2019offre LIVE s\u2019appuie sur quatre piliers structurants : l\u2019<b>activation des lieux<\/b>, via la sc\u00e9narisation et la programmation culturelle, \u00e9v\u00e9nementielle et commerciale pour cr\u00e9er du flux, du lien social et de l\u2019attractivit\u00e9 ; la modularit\u00e9, avec le d\u00e9ploiement de solutions capables de s\u2019ajuster aux besoins de socialisation des territoires, des habitants et des partenaires ; le pilotage complet des lieux afin de garantir une activation efficace, durable et ma\u00eetris\u00e9e ; et l\u2019ancrage local, \u00e0 travers des partenariats avec les acteurs culturels, associatifs, \u00e9conomiques et cr\u00e9atifs.<\/p>\n<p data-end=\"5864\" class=\" wall-content\">Plus d\u2019infos sur le site <a href=\"https:\/\/www.nhood.fr\/\" target=\"_blank\" rel=\"noopener\">nhood.fr<\/a><\/p>\n<p class=\" wall-content\">Personnalisez votre actualit\u00e9 en ajoutant vos villes et m\u00e9dias en favori avec <a href=\"https:\/\/moncompte.actu.fr\" title=\"D\u00e9couvez Mon Actu\" rel=\"nofollow noopener\" data-trk=\"{&quot;cta&quot;:{&quot;action&quot;:&quot;https:\\\/\\\/moncompte.actu.fr&quot;,&quot;category&quot;:&quot;mon compte&quot;,&quot;from&quot;:&quot;article footer&quot;,&quot;name&quot;:&quot;Mon actu&quot;,&quot;type&quot;:&quot;cta&quot;}}\" target=\"_blank\">Mon Actu<\/a>.<\/p>\n","protected":false},"excerpt":{"rendered":"Par Nicolas Demollien Publi\u00e9 le 20 d\u00e9c. 2025 \u00e0 17h46 Nhood et l\u2019op\u00e9rateur d\u2019\u00e9v\u00e9nements hybrides Grand Playground viennent&hellip;\n","protected":false},"author":2,"featured_media":612329,"comment_status":"","ping_status":"","sticky":false,"template":"","format":"standard","meta":{"footnotes":""},"categories":[2815],"tags":[1111,11,1777,674,1011,27,811,1307,12,25,104],"class_list":{"0":"post-612328","1":"post","2":"type-post","3":"status-publish","4":"format-standard","5":"has-post-thumbnail","7":"category-lille","8":"tag-actu","9":"tag-actualites","10":"tag-eu","11":"tag-europe","12":"tag-fr","13":"tag-france","14":"tag-hauts-de-france","15":"tag-lille","16":"tag-news","17":"tag-republique-francaise","18":"tag-societe"},"share_on_mastodon":{"url":"https:\/\/pubeurope.com\/@fr\/115753628807908384","error":""},"_links":{"self":[{"href":"https:\/\/www.europesays.com\/fr\/wp-json\/wp\/v2\/posts\/612328","targetHints":{"allow":["GET"]}}],"collection":[{"href":"https:\/\/www.europesays.com\/fr\/wp-json\/wp\/v2\/posts"}],"about":[{"href":"https:\/\/www.europesays.com\/fr\/wp-json\/wp\/v2\/types\/post"}],"author":[{"embeddable":true,"href":"https:\/\/www.europesays.com\/fr\/wp-json\/wp\/v2\/users\/2"}],"replies":[{"embeddable":true,"href":"https:\/\/www.europesays.com\/fr\/wp-json\/wp\/v2\/comments?post=612328"}],"version-history":[{"count":0,"href":"https:\/\/www.europesays.com\/fr\/wp-json\/wp\/v2\/posts\/612328\/revisions"}],"wp:featuredmedia":[{"embeddable":true,"href":"https:\/\/www.europesays.com\/fr\/wp-json\/wp\/v2\/media\/612329"}],"wp:attachment":[{"href":"https:\/\/www.europesays.com\/fr\/wp-json\/wp\/v2\/media?parent=612328"}],"wp:term":[{"taxonomy":"category","embeddable":true,"href":"https:\/\/www.europesays.com\/fr\/wp-json\/wp\/v2\/categories?post=612328"},{"taxonomy":"post_tag","embeddable":true,"href":"https:\/\/www.europesays.com\/fr\/wp-json\/wp\/v2\/tags?post=612328"}],"curies":[{"name":"wp","href":"https:\/\/api.w.org\/{rel}","templated":true}]}}