{"id":612330,"date":"2025-12-20T19:49:13","date_gmt":"2025-12-20T19:49:13","guid":{"rendered":"https:\/\/www.europesays.com\/fr\/612330\/"},"modified":"2025-12-20T19:49:13","modified_gmt":"2025-12-20T19:49:13","slug":"lille-previsions-meteo-du-samedi-20-decembre-2025","status":"publish","type":"post","link":"https:\/\/www.europesays.com\/fr\/612330\/","title":{"rendered":"Lille : pr\u00e9visions m\u00e9t\u00e9o du samedi 20 d\u00e9cembre 2025"},"content":{"rendered":"<p>\u00c0 Lille, la journ\u00e9e sera sombre sous un ciel tr\u00e8s nuageux avec une bruine persistante. Les temp\u00e9ratures \u00e9volueront doucement entre 5 et 9 \u00b0C, avec une atmosph\u00e8re humide et des vents faibles.<\/p>\n<p>Ce vendredi 20 d\u00e9cembre 2025, la capitale des Flandres s\u2019appr\u00eate \u00e0 \u00e9voluer sous un ciel gris et une atmosph\u00e8re humide, domin\u00e9e par la bruine. Nous passons en revue, heure par heure, les \u00e9l\u00e9ments essentiels pour anticiper vos d\u00e9placements.<\/p>\n<p>L\u2019absence de rafales significatives et la faiblesse des vents distinguent cet \u00e9pisode d\u2019autres plus temp\u00e9tueux. Restez toutefois attentifs, car l\u2019humidit\u00e9 favorise la formation de brouillard et laisse un mince film glissant sur les trottoirs.<\/p>\n<p>Matin : lever de soleil \u00e0 08 h 46<\/p>\n<p>Le soleil se l\u00e8ve \u00e0 08 h 46, mais demeure masqu\u00e9 par un ciel tr\u00e8s nuageux. \u00c0 09 h, le thermom\u00e8tre affiche <b>5 \u00b0C<\/b>, ressenti <b>3 \u00b0C<\/b>, avec une humidit\u00e9 de 93 % et un vent d\u2019est-sud-est soufflant \u00e0 8 km\/h.<\/p>\n<p>Cette humidit\u00e9 renforce la sensation de froid ; il est donc conseill\u00e9 de superposer les couches avant de prendre le v\u00e9lo ou le tramway en direction d\u2019Euralille.<\/p>\n<p>Dans cet air presque satur\u00e9, le linge s\u00e8che plus lentement et la bu\u00e9e se forme rapidement sur les vitres des voitures. Pensez \u00e0 activer la ventilation pour \u00e9viter l\u2019embuage matinal.<\/p>\n<ul>\n<li><b>Temp\u00e9rature :<\/b> 5 \u00b0C<\/li>\n<li><b>Ressenti :<\/b> 3 \u00b0C<\/li>\n<li><b>Vent faible<\/b> 8 km\/h<\/li>\n<li><b>Humidit\u00e9<\/b> 93 %<\/li>\n<\/ul>\n<p>Apr\u00e8s-midi<\/p>\n<p>Le c\u0153ur d\u2019apr\u00e8s-midi sera marqu\u00e9 par une humidit\u00e9 accrue : \u00e0 15 h, une bruine l\u00e9g\u00e8re se g\u00e9n\u00e9ralise, avec une probabilit\u00e9 d\u2019averse de 51 %. La temp\u00e9rature atteint <b>8 \u00b0C<\/b>, ressenti <b>5 \u00b0C<\/b>, sous un flux d\u2019est avoisinant les 10 km\/h.<\/p>\n<p>Le ciel, tr\u00e8s opaque, limite la luminosit\u00e9 ; il faudra allumer plus t\u00f4t les phares \u00e0 la sortie de l\u2019\u00e9cole. Les commer\u00e7ants du march\u00e9 de No\u00ebl prot\u00e8gent leurs stands pour pr\u00e9server leurs produits de l\u2019humidit\u00e9.<\/p>\n<p>Bien que le ciel reste couvert, la temp\u00e9rature demeure l\u00e9g\u00e8rement sup\u00e9rieure \u00e0 celles des hivers des ann\u00e9es 1980, reflet du r\u00e9chauffement soulign\u00e9 par le GIEC. Aucune anomalie extr\u00eame n\u2019est attendue aujourd\u2019hui.<\/p>\n<ul>\n<li><b>Temp\u00e9rature<\/b> 8 \u00b0C<\/li>\n<li><b>Probabilit\u00e9 d\u2019averse<\/b> 51 %<\/li>\n<li><b>Visibilit\u00e9<\/b> moyenne<\/li>\n<\/ul>\n<p>Soir : coucher de soleil \u00e0 16 h 44<\/p>\n<p>Apr\u00e8s 18 h, les nuages restent denses et la bruine persiste. \u00c0 21 h, le mercure indique encore <b>8 \u00b0C<\/b> pour un ressenti de <b>6 \u00b0C<\/b>, sous une humidit\u00e9 de 96 %.<\/p>\n<p>La nuit s\u2019installe d\u00e8s 16 h 44. Les chauss\u00e9es peuvent devenir glissantes ; soyez vigilants lors de vos d\u00e9placements \u00e0 pied ou en trottinette.<\/p>\n<p>Gr\u00e2ce \u00e0 une pression avoisinant les 1009 hPa, aucun coup de vent significatif n\u2019est attendu. Les services municipaux restent n\u00e9anmoins attentifs aux \u00e9ventuelles accumulations d\u2019eau aux carrefours.<\/p>\n<ul>\n<li><b>Temp\u00e9rature<\/b> 8 \u00b0C stable<\/li>\n<li><b>Humidit\u00e9<\/b> 96 %<\/li>\n<li><b>Prudence<\/b> chauss\u00e9es glissantes<\/li>\n<\/ul>\n<p>Tendance g\u00e9n\u00e9rale pour demain, samedi 21 d\u00e9cembre<\/p>\n<p>Demain, samedi 21 d\u00e9cembre, les mod\u00e8les pr\u00e9voient une pluie faible quasi continue, avec un total quotidien estim\u00e9 autour de 6 mm et une probabilit\u00e9 de pr\u00e9cipitation de 38 %.<\/p>\n<p>Le mercure oscillera entre <b>9 \u00b0C<\/b> et <b>10 \u00b0C<\/b>, avec un ressenti souvent inf\u00e9rieur d\u2019un degr\u00e9. Le vent d\u2019est-sud-est soufflera autour de 12 km\/h, restant mod\u00e9r\u00e9.<\/p>\n<p>Bien que le vent reste faible, il pourrait rabattre l\u2019humidit\u00e9 vers la plaine de la De\u00fble, sans risque notable de d\u00e9bordement. Pour planifier une visite du Vieux-Lille \u00e0 l\u2019abri, consultez <a href=\"https:\/\/www.meteocity.com\/france\/lille-v2998324\/tourisme\" target=\"_blank\" rel=\"noopener\">notre page tourisme<\/a>.<\/p>\n","protected":false},"excerpt":{"rendered":"\u00c0 Lille, la journ\u00e9e sera sombre sous un ciel tr\u00e8s nuageux avec une bruine persistante. Les temp\u00e9ratures \u00e9volueront&hellip;\n","protected":false},"author":2,"featured_media":612331,"comment_status":"","ping_status":"","sticky":false,"template":"","format":"standard","meta":{"footnotes":""},"categories":[2815],"tags":[1111,11,1777,674,1011,27,811,1307,12,25],"class_list":{"0":"post-612330","1":"post","2":"type-post","3":"status-publish","4":"format-standard","5":"has-post-thumbnail","7":"category-lille","8":"tag-actu","9":"tag-actualites","10":"tag-eu","11":"tag-europe","12":"tag-fr","13":"tag-france","14":"tag-hauts-de-france","15":"tag-lille","16":"tag-news","17":"tag-republique-francaise"},"share_on_mastodon":{"url":"https:\/\/pubeurope.com\/@fr\/115753632647091975","error":""},"_links":{"self":[{"href":"https:\/\/www.europesays.com\/fr\/wp-json\/wp\/v2\/posts\/612330","targetHints":{"allow":["GET"]}}],"collection":[{"href":"https:\/\/www.europesays.com\/fr\/wp-json\/wp\/v2\/posts"}],"about":[{"href":"https:\/\/www.europesays.com\/fr\/wp-json\/wp\/v2\/types\/post"}],"author":[{"embeddable":true,"href":"https:\/\/www.europesays.com\/fr\/wp-json\/wp\/v2\/users\/2"}],"replies":[{"embeddable":true,"href":"https:\/\/www.europesays.com\/fr\/wp-json\/wp\/v2\/comments?post=612330"}],"version-history":[{"count":0,"href":"https:\/\/www.europesays.com\/fr\/wp-json\/wp\/v2\/posts\/612330\/revisions"}],"wp:featuredmedia":[{"embeddable":true,"href":"https:\/\/www.europesays.com\/fr\/wp-json\/wp\/v2\/media\/612331"}],"wp:attachment":[{"href":"https:\/\/www.europesays.com\/fr\/wp-json\/wp\/v2\/media?parent=612330"}],"wp:term":[{"taxonomy":"category","embeddable":true,"href":"https:\/\/www.europesays.com\/fr\/wp-json\/wp\/v2\/categories?post=612330"},{"taxonomy":"post_tag","embeddable":true,"href":"https:\/\/www.europesays.com\/fr\/wp-json\/wp\/v2\/tags?post=612330"}],"curies":[{"name":"wp","href":"https:\/\/api.w.org\/{rel}","templated":true}]}}