{"id":612336,"date":"2025-12-20T19:53:13","date_gmt":"2025-12-20T19:53:13","guid":{"rendered":"https:\/\/www.europesays.com\/fr\/612336\/"},"modified":"2025-12-20T19:53:13","modified_gmt":"2025-12-20T19:53:13","slug":"lyon-8e-les-grand-lyonnais-prennent-une-dose-de-noel-devant-cette-vitrine","status":"publish","type":"post","link":"https:\/\/www.europesays.com\/fr\/612336\/","title":{"rendered":"Lyon 8e. Les Grand Lyonnais \u00ab\u00a0prennent une dose de No\u00ebl\u00a0\u00bb devant cette vitrine"},"content":{"rendered":"<p>\u00ab\u00a0Alors, \u00e7a fait 30 ans que je fais un peu \u00e7a, et les gens en redemandent\u00a0!\u00a0\u00bb Mais de quoi Lionel Jarrin, agent immobilier, Lyonnais n\u00e9 \u00e0 l\u2019H\u00f4tel-Dieu, parle-t-il\u00a0? De son accent, de sa recette secr\u00e8te pour le saucisson brioch\u00e9\u00a0?<\/p>\n<p>Pas du tout\u00a0: c\u2019est avec la plus grande joie du monde qu\u2019il partage chaque ann\u00e9e sa passion de No\u00ebl, de la direction artistique et du mod\u00e9lisme \u00e0 travers une d\u00e9coration de vitrine anim\u00e9e de l\u2019agence immobili\u00e8re Confiance situ\u00e9e au 108 de l\u2019avenue des&#8230;<\/p>\n","protected":false},"excerpt":{"rendered":"\u00ab\u00a0Alors, \u00e7a fait 30 ans que je fais un peu \u00e7a, et les gens en redemandent\u00a0!\u00a0\u00bb Mais de&hellip;\n","protected":false},"author":2,"featured_media":612337,"comment_status":"","ping_status":"","sticky":false,"template":"","format":"standard","meta":{"footnotes":""},"categories":[1889],"tags":[1111,11,2430,2757,1777,674,1011,27,1757,2428,9744,9743,12,25],"class_list":{"0":"post-612336","1":"post","2":"type-post","3":"status-publish","4":"format-standard","5":"has-post-thumbnail","7":"category-lyon","8":"tag-actu","9":"tag-actualites","10":"tag-auvergne-rhone-alpes","11":"tag-edition-lyon-villeurbanne","12":"tag-eu","13":"tag-europe","14":"tag-fr","15":"tag-france","16":"tag-insolite","17":"tag-lyon","18":"tag-lyon-8e","19":"tag-lyon-8e-arrondissement","20":"tag-news","21":"tag-republique-francaise"},"share_on_mastodon":{"url":"https:\/\/pubeurope.com\/@fr\/115753648383091321","error":""},"_links":{"self":[{"href":"https:\/\/www.europesays.com\/fr\/wp-json\/wp\/v2\/posts\/612336","targetHints":{"allow":["GET"]}}],"collection":[{"href":"https:\/\/www.europesays.com\/fr\/wp-json\/wp\/v2\/posts"}],"about":[{"href":"https:\/\/www.europesays.com\/fr\/wp-json\/wp\/v2\/types\/post"}],"author":[{"embeddable":true,"href":"https:\/\/www.europesays.com\/fr\/wp-json\/wp\/v2\/users\/2"}],"replies":[{"embeddable":true,"href":"https:\/\/www.europesays.com\/fr\/wp-json\/wp\/v2\/comments?post=612336"}],"version-history":[{"count":0,"href":"https:\/\/www.europesays.com\/fr\/wp-json\/wp\/v2\/posts\/612336\/revisions"}],"wp:featuredmedia":[{"embeddable":true,"href":"https:\/\/www.europesays.com\/fr\/wp-json\/wp\/v2\/media\/612337"}],"wp:attachment":[{"href":"https:\/\/www.europesays.com\/fr\/wp-json\/wp\/v2\/media?parent=612336"}],"wp:term":[{"taxonomy":"category","embeddable":true,"href":"https:\/\/www.europesays.com\/fr\/wp-json\/wp\/v2\/categories?post=612336"},{"taxonomy":"post_tag","embeddable":true,"href":"https:\/\/www.europesays.com\/fr\/wp-json\/wp\/v2\/tags?post=612336"}],"curies":[{"name":"wp","href":"https:\/\/api.w.org\/{rel}","templated":true}]}}