{"id":612342,"date":"2025-12-20T19:57:17","date_gmt":"2025-12-20T19:57:17","guid":{"rendered":"https:\/\/www.europesays.com\/fr\/612342\/"},"modified":"2025-12-20T19:57:17","modified_gmt":"2025-12-20T19:57:17","slug":"dans-le-6e-les-habitants-regrettent-le-magma-institutionnel-deshumanise","status":"publish","type":"post","link":"https:\/\/www.europesays.com\/fr\/612342\/","title":{"rendered":"dans le 6e, les habitants regrettent le \u00ab\u00a0magma institutionnel\u00a0\u00bb d\u00e9shumanis\u00e9"},"content":{"rendered":"<p>                    Par<br \/>\n        <strong><br \/>\n            <a href=\"https:\/\/actu.fr\/auteur\/ines-cussac-actu-fr\" title=\"Consulter tous les articles de In\u00e8s Cussac\" target=\"_blank\" rel=\"noopener\">In\u00e8s Cussac<\/a><br \/>\n                    <\/strong><\/p>\n<p>        Publi\u00e9 le<\/p>\n<p>            20 d\u00e9c. 2025 \u00e0 17h16        <\/p>\n<p>L&rsquo;essentiel<\/p>\n<ul>\n<li>En mars 2026, Paris aura un ou une nouvelle maire, Anne Hidalgo (PS) ayant d\u00e9cid\u00e9 de ne pas briguer de troisi\u00e8me mandat. L\u2019enjeu majeur est identifi\u00e9 : la capitale basculera-t-elle \u00e0 droite, apr\u00e8s vingt-cinq ans de gouvernance socialiste ? \u00c0 trois mois du scrutin, la gauche a ent\u00e9rin\u00e9 un accord in\u00e9dit pour une union (hors LFI) d\u00e8s le premier tour (15 mars) en se rangeant derri\u00e8re Emmanuel Gr\u00e9goire ; la droite appara\u00eet toujours divis\u00e9e.<\/li>\n<li>Un \u00e9l\u00e9ment plus technique pourrait aussi redistribuer les cartes \u00e0 l\u2019issue du second tour (22 mars) : la r\u00e9forme de la loi PLM, contest\u00e9e, mais valid\u00e9e par le Conseil constitutionnel (lire l\u2019encadr\u00e9), et qui introduit pour la premi\u00e8re fois depuis quarante ans un double scrutin.<\/li>\n<li>Avant que les \u00e9lecteurs parisiens se prononcent, actu Paris a cherch\u00e9 \u00e0 prendre la temp\u00e9rature aupr\u00e8s d\u2019eux. En allant \u00e0 leur rencontre dans les all\u00e9es des hauts lieux de la vie locale que sont les march\u00e9s, et en leur demandant ce qu&rsquo;ils attendent vraiment des \u00e9lections municipales, ce qu&rsquo;elles doivent changer dans leur vie de tous les jours. Dans le troisi\u00e8me \u00e9pisode de notre s\u00e9rie, direction le 6e arrondissement.<\/li>\n<\/ul>\n<p>Reliant la rue du Cherche-Midi \u00e0 la rue de Rennes, le march\u00e9 du boulevard Raspail dans le 6e arrondissement de Paris voit d\u00e9filer deux fois par semaine les chaussures de ville du quartier. Elles sont parfois suivies d\u2019un chariot de courses ou devanc\u00e9es par les roues d\u2019une poussette, d\u2019un d\u00e9ambulateur ou d\u2019un fauteuil roulant. Cela d\u00e9pend des heures surtout. En cette matin\u00e9e du mardi 16\u00a0d\u00e9cembre 2025, la jeunesse de <a href=\"https:\/\/actu.fr\/ile-de-france\/paris_75056\/qu-est-ce-que-l-ecole-alsacienne-berceau-de-l-elite-a-paris_47755188.html\" target=\"_blank\" rel=\"noopener\">l\u2019\u00c9cole alsacienne<\/a>, de <a href=\"https:\/\/actu.fr\/ile-de-france\/paris_75056\/paris-accusations-de-violences-a-stanislas-le-rapport-aurait-ete-edulcore-les-inspecteurs-auditionnes_62577869.html\" target=\"_blank\" rel=\"noopener\">Stanislas<\/a> ou du lyc\u00e9e Montaigne est encore clo\u00eetr\u00e9e dans les salles de classe des prestigieux \u00e9tablissements qui \u00e9maillent le quartier. Les retrait\u00e9s, eux, sont en nombre. Certains habitaient d\u00e9j\u00e0 dans le coin en 1977, quand <a href=\"https:\/\/actu.fr\/ile-de-france\/paris_75056\/mort-jacques-chirac-comme-maire-a-donne-certain-eclat-paris_27560943.html\" target=\"_blank\" rel=\"noopener\">le premier maire de Paris a \u00e9t\u00e9 \u00e9lu<\/a>. Ils \u00e9taient l\u00e0 aussi quand Jean-Pierre Lecoq (LR) est arriv\u00e9 \u00e0 la t\u00eate de la mairie du 6e arrondissement en 1994, sans en partir depuis. Ils seront encore l\u00e0 pour <a href=\"https:\/\/actu.fr\/tag\/municipales-2026\" target=\"_blank\" rel=\"noopener\">les prochaines \u00e9lections municipales<\/a> dont le premier tour est pr\u00e9vu le 15\u00a0mars 2026. Si la capitale est parvenue \u00e0 combler son retard en mati\u00e8re de d\u00e9mocratie repr\u00e9sentative, le mieux reste l\u2019ennemi du bien. C\u2019est en tout cas ce qu\u2019estime Manuel, ancien directeur d\u2019\u00e9cole. \u00ab\u2009Je ne comprends pas pourquoi il y a des maires d\u2019arrondissement. \u00c7a cr\u00e9e un v\u00e9ritable magma institutionnel, on est dans une partie de ping-pong continuelle\u2009\u00bb, s\u2019agace-t-il. Pour Dominique aussi,<strong> \u00ab\u2009une faute de d\u00e9mocratie\u2009\u00bb<\/strong> est en train de se jouer entre \u00ab\u2009des politiques tr\u00e8s politiciens et des citoyens qui ne sont plus combatifs\u2009\u00bb.<\/p>\n<p>\u00ab\u2009Mon vote ne servira peut-\u00eatre \u00e0 rien ici\u2009\u00bb<\/p>\n<p class=\" wall-content\">Dominique, les cheveux gris coup\u00e9s \u00e0 la gar\u00e7onne, a fini par quitter le 6e arrondissement pour le 14e apr\u00e8s y avoir v\u00e9cu 50\u00a0ans. Depuis, elle y revient r\u00e9guli\u00e8rement pour retrouver ses habitudes et ses amis. Son bureau de vote y est encore localis\u00e9 mais elle h\u00e9site d\u00e9sormais \u00e0 en modifier l\u2019adresse. La nouvelle serait l\u00e0 o\u00f9 est plant\u00e9e sa maison de vacances en Bretagne. \u00ab\u2009Mon vote ne servira peut-\u00eatre \u00e0 rien ici\u2009\u00bb, soupire-t-elle, reconnaissant tout de m\u00eame l\u2019int\u00e9r\u00eat de la r\u00e9forme dite \u00ab\u2009PLM\u2009\u00bb (Paris-Lyon-Marseille). Selon elle, la capitale a besoin de \u00ab\u2009grands travaux d\u2019urbanisme\u2009\u00bb mais chaque d\u00e9cision est prise sans discussion avec les principaux concern\u00e9s que sont les habitants. \u00ab\u2009\u00c0 chaque fois, on fait des r\u00e9unions d\u2019arrondissement mais tout est d\u00e9j\u00e0 d\u00e9cid\u00e9\u2009\u00bb, pique-t-elle.<\/p>\n<p class=\" wall-content\">Dominique s\u2019est rendue boulevard Raspail ce mardi matin pour y faire deux ou trois courses. D\u2019\u00e9tales en \u00e9tales, elle n\u2019a pu se r\u00e9soudre \u00e0 d\u00e9penser 5,95\u00a0euros pour un kilo de courgettes. \u00ab\u2009C\u2019est <strong>un quartier de gens qui ont de l\u2019argent<\/strong>. Je ne sais pas comment font les gardiens d\u2019immeubles [\u2026]. Tout est fait, de plus en plus, pour les privil\u00e9gi\u00e9s mais je suis consciente que j\u2019en fais quand m\u00eame partie\u2009\u00bb, introspecte-t-elle le sac en toile rest\u00e9 vide entre les mains. La retrait\u00e9e pointe aussi la pl\u00e9thore de commerces ferm\u00e9s dans le quartier \u00ab\u2009et dans le 14e aussi d\u2019ailleurs\u2009\u00bb \u00e0 cause des loyers excessifs.<\/p>\n<p class=\" wall-content\">De son c\u00f4t\u00e9, Jo\u00eblle d\u00e9note. Cette femme de 78\u00a0ans au large sourire et les cl\u00e9s de voiture en main, pose son imposant sac de courses sur le bitume pour discuter. Elle n\u2019habite pas loin mais pour remplir le frigo, elle a pr\u00e9f\u00e9r\u00e9 utiliser son v\u00e9hicule stationn\u00e9 \u00e0 cheval sur le trottoir d\u2019en face. Pour elle \u00e9videmment, l\u2019un des probl\u00e8mes majeurs des prochaines municipales concerne <strong>la circulation et la propret\u00e9<\/strong>. \u00ab\u2009C\u2019est surtout un probl\u00e8me dans Paris puisqu\u2019ici, dans le 6e, tout est bien entretenu et organis\u00e9\u2009\u00bb, souligne-t-elle derri\u00e8re ses lunettes de vue perc\u00e9es. Elle d\u00e9nonce cependant les clivages entre la majorit\u00e9 et l\u2019opposition sur des sujets qui devraient faire consensus, d\u2019apr\u00e8s elle. \u00ab\u2009La v\u00e9g\u00e9talisation par exemple, c\u2019est tr\u00e8s bien mais ce n\u2019est pas une question de droite ou de gauche. Ils doivent juste g\u00e9rer la ville pour la rendre agr\u00e9able\u2009\u00bb, illustre-t-elle, soutenue par Dominique qui se r\u00e9jouit \u00e9galement de voir de la verdure pousser aux quatre coins de la capitale. La lutte contre le r\u00e9chauffement climatique n\u2019est pour autant pas abord\u00e9e. La qualit\u00e9 de vie et la repr\u00e9sentativit\u00e9 sont les deux axes les plus soulev\u00e9s par les passants du march\u00e9 du boulevard Raspail.<\/p>\n<p>\u00ab\u2009Un manque d\u2019humain\u2009\u00bb<\/p>\n<p class=\" wall-content\">Manuel fait du calcul mental\u2009: \u00ab\u2009Il est l\u00e0 depuis 94, donc \u00e7a fait 33\u00a0ans\u2026 C\u2019est un \u00e2ge canonique\u2009! Certains ont fini sur la croix au m\u00eame \u00e2ge\u2009\u00bb, taquine ce grand gaillard \u00e0 la moustache blanche en fer \u00e0 cheval. Lui qui sugg\u00e8re la suppression des mairies d\u2019arrondissement, \u00ab\u2009comme \u00e0 Rome ou \u00e0 Londres et o\u00f9 \u00e7a se passe tr\u00e8s bien\u2009\u00bb, est irrit\u00e9 par Jean-Pierre Lecoq. \u00ab\u2009Tout ce qu\u2019il ne peut pas faire, c\u2019est la faute d\u2019Hidalgo. Tout ce qui est mal fait, c\u2019est Hidalgo\u2009\u00bb, tente de r\u00e9sumer cet ancien directeur d\u2019\u00e9cole.<\/p>\n<p>Votre r\u00e9gion, votre actu !<\/p>\n<p>Recevez chaque jour les infos qui comptent pour vous.<\/p>\n<p>\t<a href=\"https:\/\/actu.fr\/newsletter\" class=\"ac-btn ac-btn--corner ac-btn--medium ac-btn--blue800\" target=\"_blank\" rel=\"noopener\">S&rsquo;incrire<\/a><\/p>\n<p class=\" wall-content\">Plut\u00f4t aguerri sur les questions d\u2019actualit\u00e9, notamment en ce qui concerne la r\u00e9forme PLM, il craint des lacunes chez ses voisins. Comme Jo\u00eblle, par exemple, qui n\u2019avait jamais entendu parler de ce tournant de la vie politique parisienne. \u00ab\u2009Il n\u2019y a pas eu v\u00e9ritablement d\u2019informations. Ils auraient d\u00fb afficher \u00e7a sur les panneaux mobiles dans la rue. Les gens risquent d\u2019\u00eatre surpris en allant voter\u2009\u00bb, voit d\u00e9j\u00e0 Manuel sous sa veste en cuir. De sa vie d\u2019actif, il se souvient des \u00e9coles mal entretenues d\u2019un point d\u00fb sanitaires, de la d\u00e9charge des directeurs ou encore de la r\u00e9forme des rythmes scolaires de 2002\u2026 \u00ab\u2009Une gabegie\u2009\u00bb, tonne-t-il. \u00ab\u2009D\u00e8s qu\u2019il y a un probl\u00e8me avec une fuite d\u2019eau par exemple,<strong> il n\u2019y a jamais d\u2019interlocuteur<\/strong>. Quel que soit le probl\u00e8me, on s\u2019adresse au service scolarit\u00e9 qui nous renvoie \u00e0 un sp\u00e9cialiste qui voit avec un autre service\u2026 Tout le monde se renvoie la balle et personne n\u2019est responsable de quoi que ce soit\u2009\u00bb, fustige cet homme ayant aussi travaill\u00e9 \u00e0 Trappes et Montigny (Yvelines), \u00ab\u2009o\u00f9 on faisait des r\u00e9unions de 6\u2009h \u00e0 8\u2009h du soir et on \u00e9changeait. \u00c0 Paris, il n\u2019y a pas de r\u00e9union avec la mairie. Le probl\u00e8me, ce ne sont pas les fermetures de classes, c\u2019est un manque d\u2019humain, de concertation\u2009\u00bb, appuie-t-il, rejoint par Dominique qui, une fois, avait voulu faire remonter une critique \u00e0 la mairie\u2009: \u00ab\u2009J\u2019ai \u00e9crit un message mais c\u2019est un robot qui m\u2019a r\u00e9pondu\u2009! On a l\u2019impression de crier dans le vide, que \u00e7a ne sert \u00e0 rien. Il m\u2019a fallu attendre quatre mois pour avoir une r\u00e9ponse\u2026 Je n\u2019ai pas \u00e9t\u00e9 assez combative\u2009\u00bb, soupire-t-elle.<\/p>\n<p>Un tournant dans la vie municipale<\/p>\n<p>Depuis 1982, les \u00e9lections municipales se d\u00e9roulaient (\u00e0 Paris, Lyon et Marseille) par arrondissement, et non pas \u00e0 l&rsquo;\u00e9chelle de la ville. Les \u00e9lecteurs votaient pour une liste de conseillers d\u2019arrondissement : une partie d\u2019entre eux devenaient conseillers de Paris, et \u00e9taient alors charg\u00e9s d\u2019\u00e9lire le premier \u00e9dile. Avec cette r\u00e9forme, les \u00e9lecteurs devront d\u00e9signer s\u00e9par\u00e9ment leurs conseillers d\u2019arrondissement, qui \u00e9liront ensuite leur maire d\u2019arrondissement, et leurs conseillers de Paris, qui \u00e9liront, eux, le premier \u00e9dile. Le v\u00e9ritable changement sera en r\u00e9alit\u00e9 l\u2019abaissement de la prime majoritaire pour la liste arriv\u00e9e en t\u00eate \u00e0 l\u2019issue des municipales. En clair : elle remportera non plus 50%, mais 25% des si\u00e8ges au Conseil de Paris, le reste des si\u00e8ges sera r\u00e9parti quant \u00e0 lui \u00e0 la proportionnelle. Les diff\u00e9rentes tendances politiques seront mieux repr\u00e9sent\u00e9es, mais la majorit\u00e9 peut s\u2019en retrouver affaiblie.<\/p>\n<p class=\" wall-content\">Chaque ann\u00e9e, les \u00e9lections municipales rassemblent de moins en moins d\u2019\u00e9lecteurs. Dans le 6e arrondissement en 2014, l\u2019abstention \u00e9tait de 41,20\u2009%, <a href=\"https:\/\/actu.fr\/ile-de-france\/paris_75056\/resultats-des-municipales-a-paris-jean-pierre-lecoq-reelu-maire-du-6eme-arrondissement_34528163.html\" target=\"_blank\" rel=\"noopener\">contre 60,76\u2009% en 2020<\/a>.<\/p>\n<p class=\" wall-content\">Personnalisez votre actualit\u00e9 en ajoutant vos villes et m\u00e9dias en favori avec <a href=\"https:\/\/moncompte.actu.fr\" title=\"D\u00e9couvez Mon Actu\" rel=\"nofollow noopener\" data-trk=\"{&quot;cta&quot;:{&quot;action&quot;:&quot;https:\\\/\\\/moncompte.actu.fr&quot;,&quot;category&quot;:&quot;mon compte&quot;,&quot;from&quot;:&quot;article footer&quot;,&quot;name&quot;:&quot;Mon actu&quot;,&quot;type&quot;:&quot;cta&quot;}}\" target=\"_blank\">Mon Actu<\/a>.<\/p>\n","protected":false},"excerpt":{"rendered":"Par In\u00e8s Cussac Publi\u00e9 le 20 d\u00e9c. 2025 \u00e0 17h16 L&rsquo;essentiel En mars 2026, Paris aura un ou&hellip;\n","protected":false},"author":2,"featured_media":612343,"comment_status":"","ping_status":"","sticky":false,"template":"","format":"standard","meta":{"footnotes":""},"categories":[1888],"tags":[1111,1928,11,1927,4188,1777,674,1011,27,3434,12,1926,626,1925,316,25],"class_list":{"0":"post-612342","1":"post","2":"type-post","3":"status-publish","4":"format-standard","5":"has-post-thumbnail","7":"category-paris","8":"tag-actu","9":"tag-actu-paris","10":"tag-actualites","11":"tag-actualites-paris","12":"tag-elections-municipales","13":"tag-eu","14":"tag-europe","15":"tag-fr","16":"tag-france","17":"tag-municipales-2026","18":"tag-news","19":"tag-news-paris","20":"tag-paris","21":"tag-paris-news","22":"tag-politique","23":"tag-republique-francaise"},"share_on_mastodon":{"url":"https:\/\/pubeurope.com\/@fr\/115753664205669096","error":""},"_links":{"self":[{"href":"https:\/\/www.europesays.com\/fr\/wp-json\/wp\/v2\/posts\/612342","targetHints":{"allow":["GET"]}}],"collection":[{"href":"https:\/\/www.europesays.com\/fr\/wp-json\/wp\/v2\/posts"}],"about":[{"href":"https:\/\/www.europesays.com\/fr\/wp-json\/wp\/v2\/types\/post"}],"author":[{"embeddable":true,"href":"https:\/\/www.europesays.com\/fr\/wp-json\/wp\/v2\/users\/2"}],"replies":[{"embeddable":true,"href":"https:\/\/www.europesays.com\/fr\/wp-json\/wp\/v2\/comments?post=612342"}],"version-history":[{"count":0,"href":"https:\/\/www.europesays.com\/fr\/wp-json\/wp\/v2\/posts\/612342\/revisions"}],"wp:featuredmedia":[{"embeddable":true,"href":"https:\/\/www.europesays.com\/fr\/wp-json\/wp\/v2\/media\/612343"}],"wp:attachment":[{"href":"https:\/\/www.europesays.com\/fr\/wp-json\/wp\/v2\/media?parent=612342"}],"wp:term":[{"taxonomy":"category","embeddable":true,"href":"https:\/\/www.europesays.com\/fr\/wp-json\/wp\/v2\/categories?post=612342"},{"taxonomy":"post_tag","embeddable":true,"href":"https:\/\/www.europesays.com\/fr\/wp-json\/wp\/v2\/tags?post=612342"}],"curies":[{"name":"wp","href":"https:\/\/api.w.org\/{rel}","templated":true}]}}