{"id":612350,"date":"2025-12-20T20:01:14","date_gmt":"2025-12-20T20:01:14","guid":{"rendered":"https:\/\/www.europesays.com\/fr\/612350\/"},"modified":"2025-12-20T20:01:14","modified_gmt":"2025-12-20T20:01:14","slug":"a-rebours-de-lue-la-russie-exclut-le-polisario-dune-reunion-avec-lua","status":"publish","type":"post","link":"https:\/\/www.europesays.com\/fr\/612350\/","title":{"rendered":"\u00c0 rebours de l\u2019UE, la Russie exclut le Polisario d\u2019une r\u00e9union avec l\u2019UA"},"content":{"rendered":"<p>La capitale \u00e9gyptienne, Le Caire, accueillera, les 20 et 21 d\u00e9cembre, la deuxi\u00e8me conf\u00e9rence minist\u00e9rielle du Forum de partenariat entre la Russie et l&rsquo;Union africaine. Contrairement au <a href=\"https:\/\/www.yabiladi.com\/articles\/details\/182143\/sommet-ua-ue-appelle-respect-l-integrite.html\" target=\"_blank\" rel=\"noopener\">dernier sommet<\/a> Union africaine-Union europ\u00e9enne, qui s&rsquo;est tenu les 24 et 25 novembre \u00e0 Luanda, en Angola, Moscou s&rsquo;oppose fermement \u00e0 la participation d&rsquo;une d\u00e9l\u00e9gation du Polisario \u00e0 cette r\u00e9union, bien que celle-ci soit organis\u00e9e par un \u00c9tat membre de l&rsquo;organisation panafricaine.<\/p>\n<p>Cette exclusion du Front Polisario s&rsquo;inscrit dans la continuit\u00e9 de la politique adopt\u00e9e par la Russie sur ce dossier. En effet, les autorit\u00e9s russes n&rsquo;ont jamais invit\u00e9 le Polisario, que ce soit lors des sommets avec l&rsquo;Union africaine ou lors de rencontres minist\u00e9rielles, notamment en juillet 2023 \u00e0 Saint-P\u00e9tersbourg et en novembre 2024 au <a href=\"https:\/\/www.yabiladi.com\/articles\/details\/156097\/russie-afrique-poutine-convie-polisario-reunion.html\" target=\"_blank\" rel=\"noopener\">Forum de Sotchi<\/a>. Moscou maintient cette ligne diplomatique malgr\u00e9 les pressions exerc\u00e9es par certains de ses partenaires africains, notamment l&rsquo;Afrique du Sud et l&rsquo;Alg\u00e9rie.<\/p>\n<p>Les m\u00e9dias proches du Polisario gardent un silence g\u00ean\u00e9 sur cette absence, alors qu&rsquo;il y a quelques semaines \u00e0 peine, ils qualifiaient la pr\u00e9sence de Brahim Ghali au dernier sommet UA-UE de \u00abrevers\u00bb pour le Maroc. Lors de cette rencontre, les alli\u00e9s du Front ne s&rsquo;\u00e9taient pas content\u00e9s de l&rsquo;inviter, mais avaient \u00e9galement r\u00e9ussi \u00e0 faire inclure dans le communiqu\u00e9 final une mention sur le \u00abdroit \u00e0 l&rsquo;autod\u00e9termination\u00bb.<\/p>\n","protected":false},"excerpt":{"rendered":"La capitale \u00e9gyptienne, Le Caire, accueillera, les 20 et 21 d\u00e9cembre, la deuxi\u00e8me conf\u00e9rence minist\u00e9rielle du Forum de&hellip;\n","protected":false},"author":2,"featured_media":612351,"comment_status":"","ping_status":"","sticky":false,"template":"","format":"standard","meta":{"footnotes":""},"categories":[1591],"tags":[11,1887,12,1885,1886,132],"class_list":{"0":"post-612350","1":"post","2":"type-post","3":"status-publish","4":"format-standard","5":"has-post-thumbnail","7":"category-russie","8":"tag-actualites","9":"tag-federation-de-russie","10":"tag-news","11":"tag-russia","12":"tag-russian-federation","13":"tag-russie"},"share_on_mastodon":{"url":"https:\/\/pubeurope.com\/@fr\/115753679864387843","error":""},"_links":{"self":[{"href":"https:\/\/www.europesays.com\/fr\/wp-json\/wp\/v2\/posts\/612350","targetHints":{"allow":["GET"]}}],"collection":[{"href":"https:\/\/www.europesays.com\/fr\/wp-json\/wp\/v2\/posts"}],"about":[{"href":"https:\/\/www.europesays.com\/fr\/wp-json\/wp\/v2\/types\/post"}],"author":[{"embeddable":true,"href":"https:\/\/www.europesays.com\/fr\/wp-json\/wp\/v2\/users\/2"}],"replies":[{"embeddable":true,"href":"https:\/\/www.europesays.com\/fr\/wp-json\/wp\/v2\/comments?post=612350"}],"version-history":[{"count":0,"href":"https:\/\/www.europesays.com\/fr\/wp-json\/wp\/v2\/posts\/612350\/revisions"}],"wp:featuredmedia":[{"embeddable":true,"href":"https:\/\/www.europesays.com\/fr\/wp-json\/wp\/v2\/media\/612351"}],"wp:attachment":[{"href":"https:\/\/www.europesays.com\/fr\/wp-json\/wp\/v2\/media?parent=612350"}],"wp:term":[{"taxonomy":"category","embeddable":true,"href":"https:\/\/www.europesays.com\/fr\/wp-json\/wp\/v2\/categories?post=612350"},{"taxonomy":"post_tag","embeddable":true,"href":"https:\/\/www.europesays.com\/fr\/wp-json\/wp\/v2\/tags?post=612350"}],"curies":[{"name":"wp","href":"https:\/\/api.w.org\/{rel}","templated":true}]}}