{"id":612356,"date":"2025-12-20T20:04:23","date_gmt":"2025-12-20T20:04:23","guid":{"rendered":"https:\/\/www.europesays.com\/fr\/612356\/"},"modified":"2025-12-20T20:04:23","modified_gmt":"2025-12-20T20:04:23","slug":"modele-venu-du-royaume-uni-le-charity-shop-sest-ancre-dans-cette-petite-cite-de-caractere","status":"publish","type":"post","link":"https:\/\/www.europesays.com\/fr\/612356\/","title":{"rendered":"mod\u00e8le venu du Royaume-Uni, le Charity Shop s&rsquo;est ancr\u00e9 dans cette petite cit\u00e9 de caract\u00e8re"},"content":{"rendered":"<p>                    Par<br \/>\n        <strong><br \/>\n            <a href=\"https:\/\/actu.fr\/auteur\/journaliste-pb\" title=\"Consulter tous les articles de R\u00e9daction Dinan\" target=\"_blank\" rel=\"noopener\">R\u00e9daction Dinan<\/a><br \/>\n                    <\/strong><\/p>\n<p>        Publi\u00e9 le<\/p>\n<p>            20 d\u00e9c. 2025 \u00e0 7h59        <\/p>\n<p>Le nom et le fonctionnement du commerce associatif de <a href=\"https:\/\/actu.fr\/bretagne\/jugon-les-lacs-commune-nouvelle_22084\" target=\"_blank\" rel=\"noopener\">Jugon-les-Lacs <\/a>(C\u00f4tes-d\u2019Armor) viennent tout droit du pays d\u2019origine de sa pr\u00e9sidente, Amanda Rees-Hanley, install\u00e9e dans la r\u00e9gion depuis 36 ans. Au <a href=\"https:\/\/actu.fr\/tag\/royaume-uni\" target=\"_blank\" rel=\"noopener\">Royaume-Uni<\/a>, les Charity shops sont tr\u00e8s courants.<\/p>\n<p class=\" wall-content\">\u00ab \u00c0 l\u2019origine, nous voulions rassembler les habitants anglais venus pour la majorit\u00e9 pour leur retraite, mais aussi le public anglophone et les Fran\u00e7ais autour d\u2019une m\u00eame cause, dans la convivialit\u00e9 \u00bb, explique Amanda.<\/p>\n<p>Dons<\/p>\n<p class=\" wall-content\">La boutique solidaire fonctionne par <b>les dons<\/b> d\u2019objets, fournitures, v\u00eatement, qui sont ensuite revendus dans la boutique.<\/p>\n<p class=\" wall-content\">Tous les b\u00e9n\u00e9fices sont revers\u00e9s \u00e0 l\u2019association <a href=\"https:\/\/www.jeveuxaider.gouv.fr\/organisations\/14135-hospice-africa-france\" target=\"_blank\" rel=\"noopener\">Hospice Africa France<\/a> qui soutient les soins palliatifs et la formation de soignant sur place.<\/p>\n<p>But atteint<\/p>\n<p class=\" wall-content\">Depuis une quinzaine d\u2019ann\u00e9es maintenant, les b\u00e9n\u00e9voles qui \u00e9taient majoritairement anglophones au d\u00e9but ont \u00e9volu\u00e9 vers une parit\u00e9 \u00e0\u00a0<b>50 % anglophone et 50 % francophone<\/b>.<\/p>\n<p>Vid\u00e9os : en ce moment sur Actu<\/p>\n<p class=\" wall-content\">\u00ab C\u2019\u00e9tait le but, et il est atteint. C\u2019est important pour la vie de l\u2019association mais aussi pour son avenir, la rel\u00e8ve \u00bb, se r\u00e9jouit la pr\u00e9sidente.<\/p>\n<blockquote class=\"ac-article-quote wall-content\">\n<p>Nous r\u00e9coltons entre 40 000 et 50 000 euros par an, ce qui participe \u00e0 la formation de soignants des pays africains francophones, mais la formation \u00e0 lieu \u00e0 Kampala en Ouganda. Il y a eu environ 150 professionnels de sant\u00e9 form\u00e9s gr\u00e2ce \u00e0 ces fonds r\u00e9colt\u00e9s.<\/p>\n<p>Amanda Rees-Hanley<\/p><\/blockquote>\n<p>Votre r\u00e9gion, votre actu !<\/p>\n<p>Recevez chaque jour les infos qui comptent pour vous.<\/p>\n<p>\t<a href=\"https:\/\/actu.fr\/newsletter\" class=\"ac-btn ac-btn--corner ac-btn--medium ac-btn--blue800\" target=\"_blank\" rel=\"noopener\">S&rsquo;incrire<\/a><\/p>\n<p class=\" wall-content\">L\u2019\u00e9quipe pr\u00e9voit un grand salon du livre et des artistes le 22\u00a0novembre 2026, toujours dans le m\u00eame but de r\u00e9unir diff\u00e9rents publics, dans la convivialit\u00e9 et le partage de cultures<\/p>\n<p>Des projets conviviaux\u00a0<\/p>\n<p class=\" wall-content\">\u00ab Il n\u2019est pas n\u00e9cessaire d\u2019\u00eatre bilingue pour participer \u00e0 nos animations, \u00e9v\u00e9nements ou en boutique solidaire \u00bb pr\u00e9cise, toujours dans un grand sourire, Amanda.<\/p>\n<p class=\" wall-content\">Un appe<b>l aux artistes et auteurs exposants<\/b> est lanc\u00e9, les inscriptions pr\u00e9alables sont ouvertes jusqu\u2019\u00e0 la fin mars\u00a02026.<\/p>\n<p class=\" wall-content\">Tous les premiers lundis du mois, un <b>Quiz Bilingue <\/b>est organis\u00e9 au petit forum de Jugon-les-Lacs, par inscriptions \u00e9galement. D\u00e9j\u00e0 une cinquantaine de participants dans la bonne humeur participent r\u00e9guli\u00e8rement.<\/p>\n<p class=\" wall-content\">D\u2019autres animations sont envisag\u00e9es et pr\u00e9vues et seront annonc\u00e9s par la boutique.<\/p>\n<p>Charity shop : boutique associative solidaire : 19 Pl. du Martray. Inscriptions au <a href=\"https:\/\/actu.fr\/cdn-cgi\/l\/email-protection\" class=\"__cf_email__\" data-cfemail=\"bcced9d9cf92d4ddd2d7d9c5fcd3ceddd2dbd992dace\" target=\"_blank\" rel=\"noopener\">[email\u00a0protected]<\/a>, au 06 34 12 69 86 ou sur Facebook Le Charity Shop.<\/p>\n<p class=\" wall-content\">Personnalisez votre actualit\u00e9 en ajoutant vos villes et m\u00e9dias en favori avec <a href=\"https:\/\/moncompte.actu.fr\" title=\"D\u00e9couvez Mon Actu\" rel=\"nofollow noopener\" data-trk=\"{&quot;cta&quot;:{&quot;action&quot;:&quot;https:\\\/\\\/moncompte.actu.fr&quot;,&quot;category&quot;:&quot;mon compte&quot;,&quot;from&quot;:&quot;article footer&quot;,&quot;name&quot;:&quot;Mon actu&quot;,&quot;type&quot;:&quot;cta&quot;}}\" target=\"_blank\">Mon Actu<\/a>.<\/p>\n","protected":false},"excerpt":{"rendered":"Par R\u00e9daction Dinan Publi\u00e9 le 20 d\u00e9c. 2025 \u00e0 7h59 Le nom et le fonctionnement du commerce associatif&hellip;\n","protected":false},"author":2,"featured_media":612357,"comment_status":"","ping_status":"","sticky":false,"template":"","format":"standard","meta":{"footnotes":""},"categories":[1588],"tags":[11,215,33,1777,674,12,473,1853,3400,1851,1850,1852],"class_list":{"0":"post-612356","1":"post","2":"type-post","3":"status-publish","4":"format-standard","5":"has-post-thumbnail","7":"category-royaume-uni","8":"tag-actualites","9":"tag-commerce","10":"tag-economie","11":"tag-eu","12":"tag-europe","13":"tag-news","14":"tag-royaume-uni","15":"tag-royaume-uni-de-grande-bretagne-et-dirlande-du-nord","16":"tag-solidarite","17":"tag-uk","18":"tag-united-kingdom","19":"tag-united-kingdom-of-great-britain-and-northern-ireland"},"share_on_mastodon":{"url":"https:\/\/pubeurope.com\/@fr\/115753691687070660","error":""},"_links":{"self":[{"href":"https:\/\/www.europesays.com\/fr\/wp-json\/wp\/v2\/posts\/612356","targetHints":{"allow":["GET"]}}],"collection":[{"href":"https:\/\/www.europesays.com\/fr\/wp-json\/wp\/v2\/posts"}],"about":[{"href":"https:\/\/www.europesays.com\/fr\/wp-json\/wp\/v2\/types\/post"}],"author":[{"embeddable":true,"href":"https:\/\/www.europesays.com\/fr\/wp-json\/wp\/v2\/users\/2"}],"replies":[{"embeddable":true,"href":"https:\/\/www.europesays.com\/fr\/wp-json\/wp\/v2\/comments?post=612356"}],"version-history":[{"count":0,"href":"https:\/\/www.europesays.com\/fr\/wp-json\/wp\/v2\/posts\/612356\/revisions"}],"wp:featuredmedia":[{"embeddable":true,"href":"https:\/\/www.europesays.com\/fr\/wp-json\/wp\/v2\/media\/612357"}],"wp:attachment":[{"href":"https:\/\/www.europesays.com\/fr\/wp-json\/wp\/v2\/media?parent=612356"}],"wp:term":[{"taxonomy":"category","embeddable":true,"href":"https:\/\/www.europesays.com\/fr\/wp-json\/wp\/v2\/categories?post=612356"},{"taxonomy":"post_tag","embeddable":true,"href":"https:\/\/www.europesays.com\/fr\/wp-json\/wp\/v2\/tags?post=612356"}],"curies":[{"name":"wp","href":"https:\/\/api.w.org\/{rel}","templated":true}]}}