{"id":612358,"date":"2025-12-20T20:05:15","date_gmt":"2025-12-20T20:05:15","guid":{"rendered":"https:\/\/www.europesays.com\/fr\/612358\/"},"modified":"2025-12-20T20:05:15","modified_gmt":"2025-12-20T20:05:15","slug":"allemagne-outre-rhin-la-tendance-est-au-cremant-pour-le-reveillon","status":"publish","type":"post","link":"https:\/\/www.europesays.com\/fr\/612358\/","title":{"rendered":"Allemagne. Outre-Rhin, la tendance est au cr\u00e9mant pour le r\u00e9veillon"},"content":{"rendered":"<p>Une journaliste de Rheinblick qui se rend fr\u00e9quemment \u00e0 Berlin, Anne Vouaux, l\u2019a v\u00e9rifi\u00e9 par elle-m\u00eame\u00a0: dans les caf\u00e9s et restaurants de la capitale allemande, le cr\u00e9mant de Loire est tendance. \u00ab\u00a0C\u2019est syst\u00e9matique, on en trouve partout, une vraie mode, et les Allemands en raffolent\u00a0\u00bb, confie notre cons\u0153ur, un peu pein\u00e9e quand m\u00eame de ne trouver que rarement un cr\u00e9mant d\u2019Alsace \u00e0 la carte.<\/p>\n<p>\u00ab\u00a0Ce cr\u00e9mant de Loire ressemble beaucoup au champagne\u00a0\u00bb, expliquait aussi r\u00e9cemment un viticulteur allemand \u00e0 nos confr\u00e8res de l\u2019agence de presse allemande DPA. Une tendance que confirme aussi&#8230;<\/p>\n","protected":false},"excerpt":{"rendered":"Une journaliste de Rheinblick qui se rend fr\u00e9quemment \u00e0 Berlin, Anne Vouaux, l\u2019a v\u00e9rifi\u00e9 par elle-m\u00eame\u00a0: dans les&hellip;\n","protected":false},"author":2,"featured_media":612359,"comment_status":"","ping_status":"","sticky":false,"template":"","format":"standard","meta":{"footnotes":""},"categories":[1587],"tags":[11,672,2389,1804,1805,1803,33,1777,674,107,329,1801,12,1802,1806,6182],"class_list":{"0":"post-612358","1":"post","2":"type-post","3":"status-publish","4":"format-standard","5":"has-post-thumbnail","7":"category-allemagne","8":"tag-actualites","9":"tag-allemagne","10":"tag-alsace","11":"tag-bundesrepublik-deutschland","12":"tag-de","13":"tag-deutschland","14":"tag-economie","15":"tag-eu","16":"tag-europe","17":"tag-fil-info","18":"tag-france-monde","19":"tag-germany","20":"tag-news","21":"tag-republique-federale-dallemagne","22":"tag-rheinblick","23":"tag-vins-et-viticulture"},"share_on_mastodon":{"url":"https:\/\/pubeurope.com\/@fr\/115753695711093949","error":""},"_links":{"self":[{"href":"https:\/\/www.europesays.com\/fr\/wp-json\/wp\/v2\/posts\/612358","targetHints":{"allow":["GET"]}}],"collection":[{"href":"https:\/\/www.europesays.com\/fr\/wp-json\/wp\/v2\/posts"}],"about":[{"href":"https:\/\/www.europesays.com\/fr\/wp-json\/wp\/v2\/types\/post"}],"author":[{"embeddable":true,"href":"https:\/\/www.europesays.com\/fr\/wp-json\/wp\/v2\/users\/2"}],"replies":[{"embeddable":true,"href":"https:\/\/www.europesays.com\/fr\/wp-json\/wp\/v2\/comments?post=612358"}],"version-history":[{"count":0,"href":"https:\/\/www.europesays.com\/fr\/wp-json\/wp\/v2\/posts\/612358\/revisions"}],"wp:featuredmedia":[{"embeddable":true,"href":"https:\/\/www.europesays.com\/fr\/wp-json\/wp\/v2\/media\/612359"}],"wp:attachment":[{"href":"https:\/\/www.europesays.com\/fr\/wp-json\/wp\/v2\/media?parent=612358"}],"wp:term":[{"taxonomy":"category","embeddable":true,"href":"https:\/\/www.europesays.com\/fr\/wp-json\/wp\/v2\/categories?post=612358"},{"taxonomy":"post_tag","embeddable":true,"href":"https:\/\/www.europesays.com\/fr\/wp-json\/wp\/v2\/tags?post=612358"}],"curies":[{"name":"wp","href":"https:\/\/api.w.org\/{rel}","templated":true}]}}