{"id":61236,"date":"2025-04-29T07:31:14","date_gmt":"2025-04-29T07:31:14","guid":{"rendered":"https:\/\/www.europesays.com\/fr\/61236\/"},"modified":"2025-04-29T07:31:14","modified_gmt":"2025-04-29T07:31:14","slug":"un-distributeur-automatique-de-beton-installe","status":"publish","type":"post","link":"https:\/\/www.europesays.com\/fr\/61236\/","title":{"rendered":"un distributeur automatique de b\u00e9ton install\u00e9"},"content":{"rendered":"<p>            Par<br \/>\n        <strong><br \/>\n            <a href=\"https:\/\/actu.fr\/auteur\/redaction-jv\" title=\"Consulter tous les articles de R\u00e9daction Vitr\u00e9\" rel=\"nofollow noopener\" target=\"_blank\">R\u00e9daction Vitr\u00e9<\/a><br \/>\n        <\/strong><\/p>\n<p>        Publi\u00e9 le<\/p>\n<p>            29 avr. 2025 \u00e0 7h16        <\/p>\n<p>Situ\u00e9 au lieu-dit Le D\u00e9sert \u00e0 La Bou\u00ebxi\u00e8re (Ille-et-Vilaine), ce syst\u00e8me de distribution de b\u00e9ton s\u2019adresse <b>aux particuliers et aux professionnels<\/b> qui ont besoin de b\u00e9ton pr\u00eat \u00e0 l\u2019emploi. Il s\u2019appelle Selfbeton.<\/p>\n<p>100\u2009% libre-service<\/p>\n<p class=\" wall-content\">\u00ab\u2009C\u2019est une <b>solution pratique et 100\u2009% libre-service<\/b> que nous proposons. Les utilisateurs peuvent <b>choisir la recette et la quantit\u00e9 souhait\u00e9e <\/b>\u00e0 partir de 150 litres. Le paiement se fait <b>par carte bancaire \u00e0 une borne<\/b>, vous chargez votre b\u00e9ton pr\u00eat \u00e0 l\u2019emploi en quelques minutes. Que vous soyez pro ou bricoleur, <b>fini les longues attentes ou les d\u00e9placements fastidieux<\/b>. C\u2019est \u00e0 port\u00e9e de mains\u2009\u00bb, souligne Antoine Chantrel.<\/p>\n<p class=\" wall-content\">Les professionnels peuvent <b>demander un badge<\/b> pour utiliser cet outil permettant ainsi une facturation mensuelle.<\/p>\n<p>Ouvert 6\u00a0jours sur 7<\/p>\n<p class=\" wall-content\">Ouvert 6\u00a0jours sur 7, ce distributeur automatique, dont le <b>concept a \u00e9t\u00e9 d\u00e9velopp\u00e9 en 2020 <\/b>par une entreprise bas\u00e9e en Moselle, est le <b>sixi\u00e8me implant\u00e9 en Ille-et-Vilaine<\/b>. C\u2019est de surcro\u00eet le plus proche du Pays de Vitr\u00e9.<\/p>\n<p>Vid\u00e9os : en ce moment sur Actu<\/p>\n<p class=\" wall-content\">Les mati\u00e8res premi\u00e8res qui alimentent le distributeur proviennent de <b>carri\u00e8res locales<\/b>. Et le recyclage des restes de compos\u00e9s se fait sur place.<\/p>\n<p class=\" wall-content\">Avec cette nouvelle prestation, AC Concept Paysage regroupe d\u00e9sormais sur un m\u00eame site <b>l\u2019ensemble de ses activit\u00e9s<\/b> avec la <b>cr\u00e9ation et la r\u00e9novation d\u2019am\u00e9nagements ext\u00e9rieurs<\/b>.<\/p>\n<p>AC Concept Paysage, distributeur Selfbeton, au lieu-dit Le D\u00e9sert le d\u00e9sert \u00e0 La Bou\u00ebxi\u00e8re. Ouvert du lundi au vendredi de 7\u2009h \u00e0 18\u2009h \u2013 le samedi de 7\u2009h \u00e0 16\u2009h. Contact\u2009: <a href=\"https:\/\/actu.fr\/cdn-cgi\/l\/email-protection\" class=\"__cf_email__\" data-cfemail=\"1261777e747077667d7c7e73707d67776a7b77607752757f737b7e3c717d7f\" rel=\"nofollow noopener\" target=\"_blank\">[email\u00a0protected]<\/a> ou 06\u200988\u200926\u200938\u200980.<\/p>\n<p class=\" wall-content\">Suivez toute l\u2019actualit\u00e9 de vos villes et m\u00e9dias favoris en vous inscrivant \u00e0 <a href=\"https:\/\/moncompte.actu.fr\" title=\"D\u00e9couvez Mon Actu\" rel=\"nofollow noopener\" data-trk=\"{&quot;cta&quot;:{&quot;action&quot;:&quot;https:\\\/\\\/moncompte.actu.fr&quot;,&quot;category&quot;:&quot;mon compte&quot;,&quot;from&quot;:&quot;article footer&quot;,&quot;name&quot;:&quot;Mon actu&quot;,&quot;type&quot;:&quot;cta&quot;}}\" target=\"_blank\">Mon Actu<\/a>.<\/p>\n","protected":false},"excerpt":{"rendered":"Par R\u00e9daction Vitr\u00e9 Publi\u00e9 le 29 avr. 2025 \u00e0 7h16 Situ\u00e9 au lieu-dit Le D\u00e9sert \u00e0 La Bou\u00ebxi\u00e8re&hellip;\n","protected":false},"author":2,"featured_media":61237,"comment_status":"","ping_status":"","sticky":false,"template":"","format":"standard","meta":{"footnotes":""},"categories":[2821],"tags":[1111,11,829,14386,1777,674,1011,27,12,584,25,104],"class_list":{"0":"post-61236","1":"post","2":"type-post","3":"status-publish","4":"format-standard","5":"has-post-thumbnail","7":"category-rennes","8":"tag-actu","9":"tag-actualites","10":"tag-bretagne","11":"tag-bricolage","12":"tag-eu","13":"tag-europe","14":"tag-fr","15":"tag-france","16":"tag-news","17":"tag-rennes","18":"tag-republique-francaise","19":"tag-societe"},"share_on_mastodon":{"url":"https:\/\/pubeurope.com\/@fr\/114420087772591703","error":""},"_links":{"self":[{"href":"https:\/\/www.europesays.com\/fr\/wp-json\/wp\/v2\/posts\/61236","targetHints":{"allow":["GET"]}}],"collection":[{"href":"https:\/\/www.europesays.com\/fr\/wp-json\/wp\/v2\/posts"}],"about":[{"href":"https:\/\/www.europesays.com\/fr\/wp-json\/wp\/v2\/types\/post"}],"author":[{"embeddable":true,"href":"https:\/\/www.europesays.com\/fr\/wp-json\/wp\/v2\/users\/2"}],"replies":[{"embeddable":true,"href":"https:\/\/www.europesays.com\/fr\/wp-json\/wp\/v2\/comments?post=61236"}],"version-history":[{"count":0,"href":"https:\/\/www.europesays.com\/fr\/wp-json\/wp\/v2\/posts\/61236\/revisions"}],"wp:featuredmedia":[{"embeddable":true,"href":"https:\/\/www.europesays.com\/fr\/wp-json\/wp\/v2\/media\/61237"}],"wp:attachment":[{"href":"https:\/\/www.europesays.com\/fr\/wp-json\/wp\/v2\/media?parent=61236"}],"wp:term":[{"taxonomy":"category","embeddable":true,"href":"https:\/\/www.europesays.com\/fr\/wp-json\/wp\/v2\/categories?post=61236"},{"taxonomy":"post_tag","embeddable":true,"href":"https:\/\/www.europesays.com\/fr\/wp-json\/wp\/v2\/tags?post=61236"}],"curies":[{"name":"wp","href":"https:\/\/api.w.org\/{rel}","templated":true}]}}