{"id":612360,"date":"2025-12-20T20:06:17","date_gmt":"2025-12-20T20:06:17","guid":{"rendered":"https:\/\/www.europesays.com\/fr\/612360\/"},"modified":"2025-12-20T20:06:17","modified_gmt":"2025-12-20T20:06:17","slug":"les-eleves-du-lycee-malraux-offrent-un-tour-deurope-des-chansons-de-noel-dans-la-ville","status":"publish","type":"post","link":"https:\/\/www.europesays.com\/fr\/612360\/","title":{"rendered":"les \u00e9l\u00e8ves du lyc\u00e9e Malraux offrent un tour d\u2019Europe des chansons de No\u00ebl dans la ville"},"content":{"rendered":"<p>C\u2019est devenu une v\u00e9ritable tradition \u00e0 la veille des vacances scolaires \u00e0 Remiremont. Sous la houlette de leurs enseignantes de langue, Gw\u00e9nola Labro (professeure d\u2019allemand), Ma\u00e9va Barnoin (professeure d\u2019anglais) et C\u00e9line Claud\u00e9 (professeure d\u2019italien), une trentaine de jeunes du lyc\u00e9e Malraux ont entonn\u00e9 des chants de No\u00ebl dans les trois langues.<\/p>\n<p>Avec des bonnets rouges sur la t\u00eate, des bois de cerfs ou encore de petites boucles d\u2019oreilles de f\u00eate, les \u00e9l\u00e8ves de classe de seconde ont donc offert <a href=\"https:\/\/www.vosgesmatin.fr\/culture-loisirs\/2024\/12\/20\/les-lyceens-offrent-un-tour-d-europe-en-chansons-sur-le-marche-de-noel\" target=\"_blank\" rel=\"noopener\">une belle prestation festive<\/a> sous les arcades, dans le centre-ville ainsi que <a href=\"https:\/\/www.vosgesmatin.fr\/culture-loisirs\/2025\/12\/06\/le-marche-de-noel-de-remiremont-devoile-ses-surprises-gourmandes\" target=\"_blank\" rel=\"noopener\">sur le march\u00e9 de No\u00ebl<\/a>.<\/p>\n<p>Outre les chansons travaill\u00e9es en classe, des \u00e9l\u00e8ves musiciens ont accompagn\u00e9 le groupe, Raphael \u00e0 l\u2019euphonium, F\u00e9licie \u00e0 la clarinette et Malia \u00e0 la fl\u00fbte traversi\u00e8re. In\u00e8s, Charlotte et Christophe, au chant, ont donn\u00e9 le tempo de cette prestation polyglotte, en anglais, en allemand et en italien.<\/p>\n","protected":false},"excerpt":{"rendered":"C\u2019est devenu une v\u00e9ritable tradition \u00e0 la veille des vacances scolaires \u00e0 Remiremont. Sous la houlette de leurs&hellip;\n","protected":false},"author":2,"featured_media":612361,"comment_status":"","ping_status":"","sticky":false,"template":"","format":"standard","meta":{"footnotes":""},"categories":[1586],"tags":[11,1687,1798,1777,674,3326,107,1011,27,12,18924,42861,25,774],"class_list":{"0":"post-612360","1":"post","2":"type-post","3":"status-publish","4":"format-standard","5":"has-post-thumbnail","7":"category-europe","8":"tag-actualites","9":"tag-culture-loisirs","10":"tag-edition-remiremont-gerardmer","11":"tag-eu","12":"tag-europe","13":"tag-fete-locale","14":"tag-fil-info","15":"tag-fr","16":"tag-france","17":"tag-news","18":"tag-remiremont","19":"tag-remiremont-ville-88a","20":"tag-republique-francaise","21":"tag-vosges"},"share_on_mastodon":{"url":"https:\/\/pubeurope.com\/@fr\/115753699616228334","error":""},"_links":{"self":[{"href":"https:\/\/www.europesays.com\/fr\/wp-json\/wp\/v2\/posts\/612360","targetHints":{"allow":["GET"]}}],"collection":[{"href":"https:\/\/www.europesays.com\/fr\/wp-json\/wp\/v2\/posts"}],"about":[{"href":"https:\/\/www.europesays.com\/fr\/wp-json\/wp\/v2\/types\/post"}],"author":[{"embeddable":true,"href":"https:\/\/www.europesays.com\/fr\/wp-json\/wp\/v2\/users\/2"}],"replies":[{"embeddable":true,"href":"https:\/\/www.europesays.com\/fr\/wp-json\/wp\/v2\/comments?post=612360"}],"version-history":[{"count":0,"href":"https:\/\/www.europesays.com\/fr\/wp-json\/wp\/v2\/posts\/612360\/revisions"}],"wp:featuredmedia":[{"embeddable":true,"href":"https:\/\/www.europesays.com\/fr\/wp-json\/wp\/v2\/media\/612361"}],"wp:attachment":[{"href":"https:\/\/www.europesays.com\/fr\/wp-json\/wp\/v2\/media?parent=612360"}],"wp:term":[{"taxonomy":"category","embeddable":true,"href":"https:\/\/www.europesays.com\/fr\/wp-json\/wp\/v2\/categories?post=612360"},{"taxonomy":"post_tag","embeddable":true,"href":"https:\/\/www.europesays.com\/fr\/wp-json\/wp\/v2\/tags?post=612360"}],"curies":[{"name":"wp","href":"https:\/\/api.w.org\/{rel}","templated":true}]}}