{"id":612373,"date":"2025-12-20T20:14:11","date_gmt":"2025-12-20T20:14:11","guid":{"rendered":"https:\/\/www.europesays.com\/fr\/612373\/"},"modified":"2025-12-20T20:14:11","modified_gmt":"2025-12-20T20:14:11","slug":"atp-ce-qui-sest-passe-entre-ferrero-et-alcaraz-est-tres-simple-alors-que-le-contrat-de-juan-carlos-sest-termine-fin-novembre-ils-ont-attendu-jusquau-13-decembre-pour-en-presenter-un-nouveau-j","status":"publish","type":"post","link":"https:\/\/www.europesays.com\/fr\/612373\/","title":{"rendered":"ATP > \u00ab\u00a0Ce qui s&rsquo;est pass\u00e9 entre Ferrero et Alcaraz est tr\u00e8s simple. Alors que le contrat de Juan Carlos s&rsquo;est termin\u00e9 fin novembre, ils ont attendu jusqu&rsquo;au 13 d\u00e9cembre pour en pr\u00e9senter un nouveau. Juan Carlos ne l&rsquo;a pas accept\u00e9, et ils n&rsquo;ont voulu apporter aucune modification\u00a0\u00bb, d\u00e9voile une source proche du dossier"},"content":{"rendered":"<p>Alors que l\u2019an\u00adnonce de la s\u00e9pa\u00adra\u00adtion entre Carlos Alcaraz et Juan Carlos Ferrero a provoqu\u00e9 une vraie onde de choc dans le monde du tennis et que les raisons restent encore incer\u00adtaines, certains jour\u00adna\u00adlistes tentent de d\u00e9cou\u00advrir la v\u00e9rit\u00e9.<\/p>\n<p>Et selon nos conf\u00e8res de <a href=\"https:\/\/www.claytenis.com\/features\/two-days-to-read-and-sign-the-contract-two-resounding-nos-and-now-a-well-deserved-break-the-inside-story-of-the-rift-between-ferrero-and-the-alcaraz-clan\/\" data-wpel-link=\"external\" target=\"_blank\" rel=\"nofollow external noopener\">Clay<\/a>, qui ont pu contacter une source proche de l\u2019en\u00adtra\u00ee\u00adneur espa\u00adgnol, le clan du num\u00e9ro 1 mondial aurait tout fait pour pousser Ferrero dehors.\u00a0<\/p>\n<p><strong>\u00ab\u202fCe qui s\u2019est pass\u00e9 est tr\u00e8s simple. Le contrat \u00e9tait annuel. Le contrat de 2025 a pris fin \u00e0 la fin du mois de novembre, et ils ont attendu jusqu\u2019au samedi 13 de ce mois pour en pr\u00e9senter un nouveau et jusqu\u2019au lundi 15 \u00e0 la premi\u00e8re heure pour le signer. Juan Carlos ne l\u2019a pas accept\u00e9, et ils n\u2019ont voulu apporter aucun modification.\u202f\u00bb<\/strong><\/p>\n<p class=\"post-published-date\" style=\"color: silver; font-size: 75%; text-align: left;\">Publi\u00e9 le samedi 20 d\u00e9cembre 2025 \u00e0 14:44<\/p>\n","protected":false},"excerpt":{"rendered":"Alors que l\u2019an\u00adnonce de la s\u00e9pa\u00adra\u00adtion entre Carlos Alcaraz et Juan Carlos Ferrero a provoqu\u00e9 une vraie onde&hellip;\n","protected":false},"author":2,"featured_media":48550,"comment_status":"","ping_status":"","sticky":false,"template":"","format":"standard","meta":{"footnotes":""},"categories":[1415],"tags":[1744,7275,1011,27,60,1467],"class_list":{"0":"post-612373","1":"post","2":"type-post","3":"status-publish","4":"format-standard","5":"has-post-thumbnail","7":"category-tennis","8":"tag-alcaraz","9":"tag-ferrero","10":"tag-fr","11":"tag-france","12":"tag-sports","13":"tag-tennis"},"share_on_mastodon":{"url":"https:\/\/pubeurope.com\/@fr\/115753730932963843","error":""},"_links":{"self":[{"href":"https:\/\/www.europesays.com\/fr\/wp-json\/wp\/v2\/posts\/612373","targetHints":{"allow":["GET"]}}],"collection":[{"href":"https:\/\/www.europesays.com\/fr\/wp-json\/wp\/v2\/posts"}],"about":[{"href":"https:\/\/www.europesays.com\/fr\/wp-json\/wp\/v2\/types\/post"}],"author":[{"embeddable":true,"href":"https:\/\/www.europesays.com\/fr\/wp-json\/wp\/v2\/users\/2"}],"replies":[{"embeddable":true,"href":"https:\/\/www.europesays.com\/fr\/wp-json\/wp\/v2\/comments?post=612373"}],"version-history":[{"count":0,"href":"https:\/\/www.europesays.com\/fr\/wp-json\/wp\/v2\/posts\/612373\/revisions"}],"wp:featuredmedia":[{"embeddable":true,"href":"https:\/\/www.europesays.com\/fr\/wp-json\/wp\/v2\/media\/48550"}],"wp:attachment":[{"href":"https:\/\/www.europesays.com\/fr\/wp-json\/wp\/v2\/media?parent=612373"}],"wp:term":[{"taxonomy":"category","embeddable":true,"href":"https:\/\/www.europesays.com\/fr\/wp-json\/wp\/v2\/categories?post=612373"},{"taxonomy":"post_tag","embeddable":true,"href":"https:\/\/www.europesays.com\/fr\/wp-json\/wp\/v2\/tags?post=612373"}],"curies":[{"name":"wp","href":"https:\/\/api.w.org\/{rel}","templated":true}]}}