{"id":612374,"date":"2025-12-20T20:18:09","date_gmt":"2025-12-20T20:18:09","guid":{"rendered":"https:\/\/www.europesays.com\/fr\/612374\/"},"modified":"2025-12-20T20:18:09","modified_gmt":"2025-12-20T20:18:09","slug":"fecamp-21-decembre-2025-les-engages-du-cyclo-cross-velopressecollection","status":"publish","type":"post","link":"https:\/\/www.europesays.com\/fr\/612374\/","title":{"rendered":"F\u00e9camp 21 d\u00e9cembre 2025 les engag\u00e9s du cyclo-cross &#8211; Velopressecollection"},"content":{"rendered":"<ol>\n<li><a href=\"https:\/\/news.google.com\/rss\/articles\/CBMixAFBVV95cUxOWHlPbDdvVUFmVVBGVG44aWdOTHlhSWRZcXJUU09RWVB5MWN6NHB5N2hVd1VnWDh1X0RQeVhGV2FlbFhibllzYWxiX1pmVGZtb3BlWVFLdnpaaE9wTmJmUjR3UGNmS29WOHpWYTM1TXFsTjBlWm5mM0YzaE5JbngyMGNWeTUtaVNhdE1nNGg5SnVlNEFSV0pTNDFSbkhyUHM2U1A5UEdJY1YxZFN0allBcjhCVVFVWjZDWVlSS2I0d2g5VmJL?oc=5\" target=\"_blank\" rel=\"noopener\">F\u00e9camp 21 d\u00e9cembre 2025 les engag\u00e9s du cyclo-cross<\/a>&nbsp;&nbsp;Velopressecollection<\/li>\n<li><a href=\"https:\/\/news.google.com\/rss\/articles\/CBMiowJBVV95cUxNMTRzME1uX1QxOFBoNEhlNEl2bXlhUm1TZlI1ZXFHNEhfOWZsVG91UWVKUXNkZlRJaUhiU2FjekYzNUJvMDRkcFRFdlI2Smx4cW54c1lYRERBUVluM0lKT2ZyRkpyd2Q0MkUyVFRlNTBMZEhOWHc5OXpjWkl1ZGpVQV9USmhXbXBKX3hGcDZZeDNQYnJjMjJaQmd4SnpBWXpyQXR5V0hVdG5hV1lLNUl4RGhFUUhpSEVuVy1oWnM2TnRmSUw1RngxREFyT2pUMjdVNlcwUFRkMHFjVmdrVHdHMVAwWGNMektJYXRPNXplYl85b2VQV1J5Mi1xMkhabzUxT0hpVWV4UTVueHNQUlZidFBhbkpmeUFjRE9fdjNFcTJyalU?oc=5\" target=\"_blank\" rel=\"noopener\">Cyclo-cross. \u00ab En Normandie, beaucoup veulent voir ma chute \u00bb : Cyprien Gilles vise un 4e titre r\u00e9gional \u00e0 F\u00e9camp<\/a>&nbsp;&nbsp;Ouest-France<\/li>\n<li><a href=\"https:\/\/news.google.com\/rss\/articles\/CBMiggJBVV95cUxPVjNvOGU3eUMtN1kyaGNZX0E4LXg1VS1Semh4WXhMdlBTTXhFaDFBVGJ6STVFaTJnVEtLSUZrbGpDU0M4Wm1KclV5TVFLZnUzVG1BUEdLcG9hVHpla1V4dDVRUWRKeXBwLTUxVS1nMHhnZ3E1dHYtWUtubHlWcEJoUmJIR2dwMngzekVvdjNXNVd1Vlp2eUZ3WTB2N1pBVVdKeVZNbGJXV25HUW1mMFFPRXRzMzhRT2lqaEwwbjBJbFN6aFFISWF3dlBBUFNDU0d4Q3ZNU1NpbWI4M29RalJqWVdNbnlmcnVRNTdpVldvMGxmZ2hZY0NoemtJbl9tYTJQQmc?oc=5\" target=\"_blank\" rel=\"noopener\">Cyclo-cross. Sur la route et dans les labours, Pauline et Manon Bramoull\u00e9 prolongent la tradition<\/a>&nbsp;&nbsp;Maville Angers<\/li>\n<li><a href=\"https:\/\/news.google.com\/rss\/articles\/CBMiywFBVV95cUxPZVQyZ2tqTndYZGZPVUJ5TEZBY0RKaFBTTklNMGgyVTExZGlLWWdlQXBsQ25wZEczWmNsaklydG8tNmtLQS05WjRMRXJiY2VYZ052b1RlX25HX0Y1cEY5aVpmaTk2Sy1zRExhX0luQ0l4THZuTk5FZGFVNnhPWERsclYzZ3pHRWpCeEtJR2RJR0pDa24tc0VZVTdTMEFOR2lJNGVTSDdVY0NkMnBuNDI0WGdlQlQtbFlMOWxTRmwzRDU5Rlo3djhXbGdMQQ?oc=5\" target=\"_blank\" rel=\"noopener\">F\u00e9camp : cinquante b\u00e9n\u00e9voles sur le pont pour accueillir le championnat de Normandie de cyclo-cross<\/a>&nbsp;&nbsp;Paris Normandie<\/li>\n<li><a href=\"https:\/\/news.google.com\/rss\/articles\/CBMinAFBVV95cUxPdjFqWWxJajhXUVBlTHMwRzNWQ04yR1NjYWtnM01rRjhQVENXUjE3anRFazRNUy1lM1l2WGV6TDBWNWphQXc2TGQ3bDBjQTdVZFhJNF9weHIwaGRyYjJPUm1vZWlJdmpiVEtOYTE4Tm1NUEZEYXZsUlZNTkRoSFJ0eXZVbWhFZktkcVRDeEJWaEZIY0lXM0RnY1JHZV8?oc=5\" target=\"_blank\" rel=\"noopener\">Cyclo-cross. L&rsquo;\u00e9lite r\u00e9gionale r\u00e9unie \u00e0 F\u00e9camp<\/a>&nbsp;&nbsp;lecourriercauchois.fr<\/li>\n<\/ol>\n","protected":false},"excerpt":{"rendered":"F\u00e9camp 21 d\u00e9cembre 2025 les engag\u00e9s du cyclo-cross&nbsp;&nbsp;Velopressecollection Cyclo-cross. \u00ab En Normandie, beaucoup veulent voir ma chute \u00bb&hellip;\n","protected":false},"author":2,"featured_media":612375,"comment_status":"","ping_status":"","sticky":false,"template":"","format":"standard","meta":{"footnotes":""},"categories":[1411],"tags":[1154,207,1011,27,60],"class_list":{"0":"post-612374","1":"post","2":"type-post","3":"status-publish","4":"format-standard","5":"has-post-thumbnail","7":"category-cyclisme","8":"tag-cycling","9":"tag-cyclisme","10":"tag-fr","11":"tag-france","12":"tag-sports"},"share_on_mastodon":{"url":"https:\/\/pubeurope.com\/@fr\/115753746779415964","error":""},"_links":{"self":[{"href":"https:\/\/www.europesays.com\/fr\/wp-json\/wp\/v2\/posts\/612374","targetHints":{"allow":["GET"]}}],"collection":[{"href":"https:\/\/www.europesays.com\/fr\/wp-json\/wp\/v2\/posts"}],"about":[{"href":"https:\/\/www.europesays.com\/fr\/wp-json\/wp\/v2\/types\/post"}],"author":[{"embeddable":true,"href":"https:\/\/www.europesays.com\/fr\/wp-json\/wp\/v2\/users\/2"}],"replies":[{"embeddable":true,"href":"https:\/\/www.europesays.com\/fr\/wp-json\/wp\/v2\/comments?post=612374"}],"version-history":[{"count":0,"href":"https:\/\/www.europesays.com\/fr\/wp-json\/wp\/v2\/posts\/612374\/revisions"}],"wp:featuredmedia":[{"embeddable":true,"href":"https:\/\/www.europesays.com\/fr\/wp-json\/wp\/v2\/media\/612375"}],"wp:attachment":[{"href":"https:\/\/www.europesays.com\/fr\/wp-json\/wp\/v2\/media?parent=612374"}],"wp:term":[{"taxonomy":"category","embeddable":true,"href":"https:\/\/www.europesays.com\/fr\/wp-json\/wp\/v2\/categories?post=612374"},{"taxonomy":"post_tag","embeddable":true,"href":"https:\/\/www.europesays.com\/fr\/wp-json\/wp\/v2\/tags?post=612374"}],"curies":[{"name":"wp","href":"https:\/\/api.w.org\/{rel}","templated":true}]}}