{"id":612378,"date":"2025-12-20T20:20:15","date_gmt":"2025-12-20T20:20:15","guid":{"rendered":"https:\/\/www.europesays.com\/fr\/612378\/"},"modified":"2025-12-20T20:20:15","modified_gmt":"2025-12-20T20:20:15","slug":"carla-bruni-sarkozy-a-termine-son-traitement-contre-le-cancer-du-sein","status":"publish","type":"post","link":"https:\/\/www.europesays.com\/fr\/612378\/","title":{"rendered":"Carla Bruni-Sarkozy a termin\u00e9 son traitement contre le cancer du sein"},"content":{"rendered":"<p>La chanteuse Carla Bruni a annonc\u00e9 samedi sur son compte Instagram avoir termin\u00e9 son hormonoth\u00e9rapie apr\u00e8s avoir \u00e9t\u00e9 <a href=\"https:\/\/www.20minutes.fr\/arts-stars\/people\/4093671-20240530-carla-bruni-confie-tout-remission-cancer-sein\" class=\"c-link c-link--is-underlined\" target=\"_blank\" rel=\"noopener\">diagnostiqu\u00e9e fin\u00a02019 d\u2019un cancer du sein<\/a>, appelant \u00e0 nouveau les femmes <a href=\"https:\/\/www.20minutes.fr\/arts-stars\/people\/4148056-20250410-carla-bruni-rappelle-importance-depistage-cancer-sein\" class=\"c-link c-link--is-underlined\" target=\"_blank\" rel=\"noopener\">\u00e0 se faire d\u00e9pister chaque ann\u00e9e.<\/a><\/p>\n<p class=\"mb-m@xs text-l@xs\">En cliquant sur\u00ab J\u2019accepte \u00bb, vous acceptez le d\u00e9p\u00f4t de cookies par des services externes et aurez ainsi acc\u00e8s aux contenus de nos partenaires.<\/p>\n<p class=\"mb-xl@xs text-s@xs\">Plus d\u2019informations sur la page<a href=\"https:\/\/www.20minutes.fr\/gestion-cookies\" class=\"mx-xxs@xs color-ultramarine\" target=\"_blank\" rel=\"noopener\">Politique de gestion des cookies<\/a><\/p>\n<p>J\u2019accepte<\/p>\n<p>\u00ab\u00a0Malgr\u00e9 ses effets secondaires assez agressifs je suis reconnaissante \u00e0 la science d\u2019avoir invent\u00e9 l\u2019hormonoth\u00e9rapie\u00a0: cela prot\u00e8ge efficacement de la rechute qui est fr\u00e9quente dans les ann\u00e9es qui suivent le diagnostic\u00a0\u00bb, a \u00e9crit l\u2019\u00e9pouse de l\u2019ancien pr\u00e9sident Nicolas Sarkozy apr\u00e8s avoir suivi <a href=\"https:\/\/www.20minutes.fr\/arts-stars\/people\/4056156-20231004-carla-bruni-annonce-avoir-cancer-sein-soigne-temps-grace-depistage-precoce\" class=\"c-link c-link--is-underlined\" target=\"_blank\" rel=\"noopener\">pendant cinq ans <\/a>ce traitement m\u00e9dical utilis\u00e9 surtout en canc\u00e9rologie.<\/p>\n<blockquote class=\"mx-m@xs mx-xxl@md color-ultramarine c-citation\">\n<p class=\"font-weight-regular@xs text-italic font-source-serif-pro text-l@xs c-citation__content\">\u00ab\u00a0Je veux dire encore une fois \u00e0 toutes les femmes qui liront ce post de ne pas h\u00e9siter \u00e0 faire leur d\u00e9pistage chaque ann\u00e9e si possible.\u00a0\u00bb<\/p>\n<\/blockquote>\n<p>L\u2019ex-Premi\u00e8re dame qui avait d\u00e9voil\u00e9 d\u00e9but octobre\u00a02023 avoir \u00e9t\u00e9 diagnostiqu\u00e9e d\u2019un cancer du sein quatre ans plus t\u00f4t. Elle a remerci\u00e9 l\u2019\u00e9quipe m\u00e9dicale qui a fait preuve de \u00ab\u00a0comp\u00e9tence\u00a0\u00bb et \u00ab\u00a0d\u2019humanit\u00e9\u00a0\u00bb pendant cette \u00ab\u00a0\u00e9preuve\u00a0\u00bb.<\/p>\n<p>Inhiber la prolif\u00e9ration des cellules<\/p>\n<p>Les femmes atteintes de cancers du sein hormonod\u00e9pendants au stade m\u00e9tastatique sont g\u00e9n\u00e9ralement trait\u00e9es par une combinaison de m\u00e9dicaments\u00a0: une hormonoth\u00e9rapie qui diminue la fabrication d\u2019oestrog\u00e8nes et un traitement inhibant la prolif\u00e9ration des cellules.<\/p>\n<\/p>\n<p>Mais chez presque 40\u00a0% de ces patientes, un g\u00e8ne essentiel au r\u00e9cepteur des oestrog\u00e8ne mute, ce qui rend l\u2019hormonoth\u00e9rapie moins efficace et conduit \u00e0 une rechute.<\/p>\n<p><a href=\"https:\/\/www.20minutes.fr\/dossier\/cancer_du_sein\" class=\"c-link c-btn c-btn--primary\" target=\"_blank\" rel=\"noopener\">Notre dossier sur le cancer du sein<\/a><\/p>\n<p>L\u2019enjeu actuel est de d\u00e9tecter ces mutations pr\u00e9cocement dans le sang, avant la progression du cancer, afin d\u2019adapter le traitement hormonal, de le combiner aux inhibiteurs du cycle cellulaire et ainsi r\u00e9duire le risque de r\u00e9-\u00e9volution de la tumeur.<\/p>\n","protected":false},"excerpt":{"rendered":"La chanteuse Carla Bruni a annonc\u00e9 samedi sur son compte Instagram avoir termin\u00e9 son hormonoth\u00e9rapie apr\u00e8s avoir \u00e9t\u00e9&hellip;\n","protected":false},"author":2,"featured_media":612379,"comment_status":"","ping_status":"","sticky":false,"template":"","format":"standard","meta":{"footnotes":""},"categories":[1359],"tags":[101,2776,12667,58,59,1011,27,2440,3091,973,71],"class_list":{"0":"post-612378","1":"post","2":"type-post","3":"status-publish","4":"format-standard","5":"has-post-thumbnail","7":"category-people","8":"tag-cancer","9":"tag-cancer-du-sein","10":"tag-carla-bruni","11":"tag-divertissement","12":"tag-entertainment","13":"tag-fr","14":"tag-france","15":"tag-instagram","16":"tag-nicolas-sarkozy","17":"tag-people","18":"tag-sante"},"share_on_mastodon":{"url":"https:\/\/pubeurope.com\/@fr\/115753754572708075","error":""},"_links":{"self":[{"href":"https:\/\/www.europesays.com\/fr\/wp-json\/wp\/v2\/posts\/612378","targetHints":{"allow":["GET"]}}],"collection":[{"href":"https:\/\/www.europesays.com\/fr\/wp-json\/wp\/v2\/posts"}],"about":[{"href":"https:\/\/www.europesays.com\/fr\/wp-json\/wp\/v2\/types\/post"}],"author":[{"embeddable":true,"href":"https:\/\/www.europesays.com\/fr\/wp-json\/wp\/v2\/users\/2"}],"replies":[{"embeddable":true,"href":"https:\/\/www.europesays.com\/fr\/wp-json\/wp\/v2\/comments?post=612378"}],"version-history":[{"count":0,"href":"https:\/\/www.europesays.com\/fr\/wp-json\/wp\/v2\/posts\/612378\/revisions"}],"wp:featuredmedia":[{"embeddable":true,"href":"https:\/\/www.europesays.com\/fr\/wp-json\/wp\/v2\/media\/612379"}],"wp:attachment":[{"href":"https:\/\/www.europesays.com\/fr\/wp-json\/wp\/v2\/media?parent=612378"}],"wp:term":[{"taxonomy":"category","embeddable":true,"href":"https:\/\/www.europesays.com\/fr\/wp-json\/wp\/v2\/categories?post=612378"},{"taxonomy":"post_tag","embeddable":true,"href":"https:\/\/www.europesays.com\/fr\/wp-json\/wp\/v2\/tags?post=612378"}],"curies":[{"name":"wp","href":"https:\/\/api.w.org\/{rel}","templated":true}]}}