{"id":61238,"date":"2025-04-29T07:32:25","date_gmt":"2025-04-29T07:32:25","guid":{"rendered":"https:\/\/www.europesays.com\/fr\/61238\/"},"modified":"2025-04-29T07:32:25","modified_gmt":"2025-04-29T07:32:25","slug":"les-travaux-sont-lances-deux-generalistes-et-un-infirmier-attendus-en-2026","status":"publish","type":"post","link":"https:\/\/www.europesays.com\/fr\/61238\/","title":{"rendered":"les travaux sont lanc\u00e9s, deux g\u00e9n\u00e9ralistes et un infirmier attendus en 2026"},"content":{"rendered":"<p>\u00ab\u00a0D\u2019ici trois ou quatre ans, on en aura a priori trois ou quatre de moins, alors qu\u2019on est d\u00e9j\u00e0 sous-dot\u00e9s\u00a0\u00bb, d\u00e9plorent en substance, \u00e0 Hoenheim, le maire et son premier adjoint. \u00ab\u00a0Quand ils partent \u00e0 la retraite, ils ne trouvent pas de rempla\u00e7ants. [\u2026] La soci\u00e9t\u00e9 a chang\u00e9, les 60 heures par semaine du docteur de famille, c\u2019est r\u00e9volu\u00a0!\u00a0\u00bb<\/p>\n<p>Bref, la commune <a href=\"https:\/\/www.dna.fr\/sante\/2025\/04\/28\/deserts-medicaux-un-appel-a-la-greve-illimitee-ce-lundi-des-cabinets-de-medecins-fermes\" target=\"_blank\" rel=\"nofollow noopener\">manque de m\u00e9decins g\u00e9n\u00e9ralistes<\/a>, signalent le maire Vincent Debes et le premier adjoint Jean-Claude Heitmann.<\/p>\n<p>Une premi\u00e8re dans la commune<\/p>\n<p>\u00ab\u00a0On a du mal \u00e0 avoir de nouveaux&#8230;<\/p>\n","protected":false},"excerpt":{"rendered":"\u00ab\u00a0D\u2019ici trois ou quatre ans, on en aura a priori trois ou quatre de moins, alors qu\u2019on est&hellip;\n","protected":false},"author":2,"featured_media":61239,"comment_status":"","ping_status":"","sticky":false,"template":"","format":"standard","meta":{"footnotes":""},"categories":[2820],"tags":[1111,11,4749,4406,1984,4523,33,2880,1777,674,107,1011,27,775,15899,12,316,25,137,71,801,104,640,3265,1631],"class_list":{"0":"post-61238","1":"post","2":"type-post","3":"status-publish","4":"format-standard","5":"has-post-thumbnail","7":"category-strasbourg","8":"tag-actu","9":"tag-actualites","10":"tag-btp-et-chantiers","11":"tag-commerce-et-services","12":"tag-conseil-municipal","13":"tag-conseils-pratiques","14":"tag-economie","15":"tag-edition-strasbourg","16":"tag-eu","17":"tag-europe","18":"tag-fil-info","19":"tag-fr","20":"tag-france","21":"tag-grand-est","22":"tag-hoenheim","23":"tag-news","24":"tag-politique","25":"tag-republique-francaise","26":"tag-retraite","27":"tag-sante","28":"tag-social","29":"tag-societe","30":"tag-strasbourg","31":"tag-strasbourg-nord","32":"tag-vie-associative"},"share_on_mastodon":{"url":"https:\/\/pubeurope.com\/@fr\/114420091693476967","error":""},"_links":{"self":[{"href":"https:\/\/www.europesays.com\/fr\/wp-json\/wp\/v2\/posts\/61238","targetHints":{"allow":["GET"]}}],"collection":[{"href":"https:\/\/www.europesays.com\/fr\/wp-json\/wp\/v2\/posts"}],"about":[{"href":"https:\/\/www.europesays.com\/fr\/wp-json\/wp\/v2\/types\/post"}],"author":[{"embeddable":true,"href":"https:\/\/www.europesays.com\/fr\/wp-json\/wp\/v2\/users\/2"}],"replies":[{"embeddable":true,"href":"https:\/\/www.europesays.com\/fr\/wp-json\/wp\/v2\/comments?post=61238"}],"version-history":[{"count":0,"href":"https:\/\/www.europesays.com\/fr\/wp-json\/wp\/v2\/posts\/61238\/revisions"}],"wp:featuredmedia":[{"embeddable":true,"href":"https:\/\/www.europesays.com\/fr\/wp-json\/wp\/v2\/media\/61239"}],"wp:attachment":[{"href":"https:\/\/www.europesays.com\/fr\/wp-json\/wp\/v2\/media?parent=61238"}],"wp:term":[{"taxonomy":"category","embeddable":true,"href":"https:\/\/www.europesays.com\/fr\/wp-json\/wp\/v2\/categories?post=61238"},{"taxonomy":"post_tag","embeddable":true,"href":"https:\/\/www.europesays.com\/fr\/wp-json\/wp\/v2\/tags?post=61238"}],"curies":[{"name":"wp","href":"https:\/\/api.w.org\/{rel}","templated":true}]}}