{"id":612380,"date":"2025-12-20T20:21:50","date_gmt":"2025-12-20T20:21:50","guid":{"rendered":"https:\/\/www.europesays.com\/fr\/612380\/"},"modified":"2025-12-20T20:21:50","modified_gmt":"2025-12-20T20:21:50","slug":"le-tableau-a-15-000-e-de-marin-marie-est-arrive","status":"publish","type":"post","link":"https:\/\/www.europesays.com\/fr\/612380\/","title":{"rendered":"le tableau \u00e0 15 000 \u20ac de Marin Marie est arriv\u00e9"},"content":{"rendered":"<p>                    Par<br \/>\n        <strong><br \/>\n            <a href=\"https:\/\/actu.fr\/auteur\/pierrick-kerbaul\" title=\"Consulter tous les articles de Pierrick Kerbaul\" target=\"_blank\" rel=\"noopener\">Pierrick Kerbaul<\/a><br \/>\n                    <\/strong><\/p>\n<p>        Publi\u00e9 le<\/p>\n<p>            17 d\u00e9c. 2025 \u00e0 12h51        <\/p>\n<p>Il est enfin l\u00e0. Le tableau Saint-Hilaire sous la neige du peintre et navigateur du <a href=\"https:\/\/actu.fr\/tag\/sud-manche\" target=\"_blank\" rel=\"noopener\">Sud Manche<\/a> Marin Marie est arriv\u00e9 \u00e0 <a href=\"https:\/\/actu.fr\/normandie\/saint-hilaire-du-harcouet_50484\" target=\"_blank\" rel=\"noopener\">Saint-Hilaire-du-Harcou\u00ebt<\/a>, lundi 15\u00a0d\u00e9cembre. L\u2019\u0153uvre a \u00e9t\u00e9 pr\u00e9sent\u00e9e au conseil municipal ce mardi, <a href=\"https:\/\/actu.fr\/normandie\/saint-hilaire-du-harcouet_50484\/la-commune-de-saint-hilaire-du-harcouet-achete-un-tableau-de-ce-celebre-peintre-du-sud-manche_62040782.html\" target=\"_blank\" rel=\"noopener\">un an apr\u00e8s son achat critiqu\u00e9 par l\u2019opposition et certains habitants<\/a>, pour la somme de 15\u2009000\u00a0\u20ac. Apr\u00e8s de longs mois sans nouvelles de cette acquisition, le tableau est finalement apparu \u00ab\u2009avec du retard\u2009\u00bb, en d\u00e9but de semaine. Celui-ci devait arriver pour le week-end de No\u00ebl des 13 et 14\u00a0d\u00e9cembre.<\/p>\n<p class=\" wall-content\">\u00ab\u2009Finalement nous avons sign\u00e9 l\u2019acte d\u2019acquisition lundi, avec les h\u00e9ritiers de Marin Marie, souligne Jacky Bouvet, maire de la commune. Ils sont tr\u00e8s fiers et honor\u00e9s que cette \u0153uvre reste en ville et n\u2019ait pas \u00e9t\u00e9 vendue n\u2019importe o\u00f9. C\u2019est une pi\u00e8ce assez unique. Marin Marie avait peint \u00e9norm\u00e9ment de tableaux sur la marine et finalement peu de paysages\u2009\u00bb. Pour rappel, l\u2019artiste a v\u00e9cu une partie de sa vie \u00e0 Saint-Hilaire-du-Harcou\u00ebt, o\u00f9 il est d\u00e9c\u00e9d\u00e9 en 1987.<\/p>\n<p>Des travaux \u00e0 effectuer<\/p>\n<p class=\" wall-content\">Saint-Hilaire sous la neige ne sera pas encore tout de suite pr\u00e9sent\u00e9 au public. Quelques analyses et travaux restent \u00e0 effectuer. \u00ab\u2009Nous allons notamment changer le cadre, qui est d\u2019origine, et refaire les contours\u2009\u00bb, indique Jean-Luc Garnier, adjoint \u00e0 la culture. Aucune date d\u2019exposition n\u2019a encore \u00e9t\u00e9 donn\u00e9e mais le tableau sera pr\u00e9serv\u00e9 au sein de la mairie. La r\u00e9flexion est en cours pour d\u00e9terminer son emplacement id\u00e9al.<\/p>\n<p>    <a href=\"https:\/\/maps.google.com\/maps?q=48.5774306,-1.093247&amp;z=15&amp;output=embed\" title=\"Ouvrie le lien\" target=\"_blank\" rel=\"noopener\">Cliquez ici pour visualiser le contenu<\/a><\/p>\n<p class=\" wall-content\">Personnalisez votre actualit\u00e9 en ajoutant vos villes et m\u00e9dias en favori avec <a href=\"https:\/\/moncompte.actu.fr\" title=\"D\u00e9couvez Mon Actu\" rel=\"nofollow noopener\" data-trk=\"{&quot;cta&quot;:{&quot;action&quot;:&quot;https:\\\/\\\/moncompte.actu.fr&quot;,&quot;category&quot;:&quot;mon compte&quot;,&quot;from&quot;:&quot;article footer&quot;,&quot;name&quot;:&quot;Mon actu&quot;,&quot;type&quot;:&quot;cta&quot;}}\" target=\"_blank\">Mon Actu<\/a>.<\/p>\n","protected":false},"excerpt":{"rendered":"Par Pierrick Kerbaul Publi\u00e9 le 17 d\u00e9c. 2025 \u00e0 12h51 Il est enfin l\u00e0. Le tableau Saint-Hilaire sous&hellip;\n","protected":false},"author":2,"featured_media":612381,"comment_status":"","ping_status":"","sticky":false,"template":"","format":"standard","meta":{"footnotes":""},"categories":[1358],"tags":[1348,1384,1385,1386,58,59,1011,27,1652,23784],"class_list":{"0":"post-612380","1":"post","2":"type-post","3":"status-publish","4":"format-standard","5":"has-post-thumbnail","7":"category-arts-et-design","8":"tag-arts","9":"tag-arts-and-design","10":"tag-arts-et-design","11":"tag-design","12":"tag-divertissement","13":"tag-entertainment","14":"tag-fr","15":"tag-france","16":"tag-loisirs-culture","17":"tag-sud-manche"},"share_on_mastodon":{"url":"https:\/\/pubeurope.com\/@fr\/115753762415407038","error":""},"_links":{"self":[{"href":"https:\/\/www.europesays.com\/fr\/wp-json\/wp\/v2\/posts\/612380","targetHints":{"allow":["GET"]}}],"collection":[{"href":"https:\/\/www.europesays.com\/fr\/wp-json\/wp\/v2\/posts"}],"about":[{"href":"https:\/\/www.europesays.com\/fr\/wp-json\/wp\/v2\/types\/post"}],"author":[{"embeddable":true,"href":"https:\/\/www.europesays.com\/fr\/wp-json\/wp\/v2\/users\/2"}],"replies":[{"embeddable":true,"href":"https:\/\/www.europesays.com\/fr\/wp-json\/wp\/v2\/comments?post=612380"}],"version-history":[{"count":0,"href":"https:\/\/www.europesays.com\/fr\/wp-json\/wp\/v2\/posts\/612380\/revisions"}],"wp:featuredmedia":[{"embeddable":true,"href":"https:\/\/www.europesays.com\/fr\/wp-json\/wp\/v2\/media\/612381"}],"wp:attachment":[{"href":"https:\/\/www.europesays.com\/fr\/wp-json\/wp\/v2\/media?parent=612380"}],"wp:term":[{"taxonomy":"category","embeddable":true,"href":"https:\/\/www.europesays.com\/fr\/wp-json\/wp\/v2\/categories?post=612380"},{"taxonomy":"post_tag","embeddable":true,"href":"https:\/\/www.europesays.com\/fr\/wp-json\/wp\/v2\/tags?post=612380"}],"curies":[{"name":"wp","href":"https:\/\/api.w.org\/{rel}","templated":true}]}}