{"id":612382,"date":"2025-12-20T20:24:16","date_gmt":"2025-12-20T20:24:16","guid":{"rendered":"https:\/\/www.europesays.com\/fr\/612382\/"},"modified":"2025-12-20T20:24:16","modified_gmt":"2025-12-20T20:24:16","slug":"vous-avez-vu-le-sondage-il-joue-carte","status":"publish","type":"post","link":"https:\/\/www.europesays.com\/fr\/612382\/","title":{"rendered":"\u00ab\u00a0Vous avez vu le sondage ?\u00a0\u00bb, il joue carte &#8230;"},"content":{"rendered":"<p>EN BREF<\/p>\n<ul class=\"bloc_resume_post_list\">\n<li>St\u00e9phane Bern rejoint le casting de Danse avec les stars<br \/>\nsur TF1<\/li>\n<li>L\u2019animateur assume pleinement sa participation malgr\u00e9 son<br \/>\nattachement \u00e0 France T\u00e9l\u00e9visions<\/li>\n<li>Il voit cette exp\u00e9rience comme un d\u00e9fi et une opportunit\u00e9<br \/>\nde toucher un nouveau public<\/li>\n<\/ul>\n<p data-start=\"348\" data-end=\"929\">Dans quelques semaines, de<br \/>\nnouvelles c\u00e9l\u00e9brit\u00e9s fouleront le parquet du studio 217, dans le<br \/>\ncadre d<a href=\"https:\/\/www.telestar.fr\/actu_tv\/danse-avec-les-stars-nouveaute-casting-changement-tout-sur-la-saison-15-1748792\" target=\"_blank\" rel=\"noopener\">e<br \/>\nl\u2019\u00e9mission<br \/>\nDanse avec les stars.<\/a><br \/>\nTF1 vient tout juste de d\u00e9voiler <a href=\"https:\/\/www.telestar.fr\/tele_realite\/dals\/danse-avec-les-stars-la-streameuse-la-plus-influente-du-web-rejoint-le-casting-1748813\" target=\"_blank\" rel=\"noopener\"><br \/>\nl\u2019int\u00e9gralit\u00e9 du casting<\/a>, qui est tr\u00e8s vari\u00e9. Parmi les stars<br \/>\nse trouve <strong><br \/>\nSt\u00e9phane Bern<\/strong>, plut\u00f4t connu pour ses connaissances<br \/>\nen histoire et son talent de pr\u00e9sentateur que pour ses talents de<br \/>\ndanseur. Mais c\u2019est l\u00e0 tout le principe et l\u2019enjeu de l\u2019\u00e9mission :<br \/>\nassurer des chor\u00e9graphies de danses de salon, tout en \u00e9tant novice<br \/>\ndans le domaine.<\/p>\n<p data-start=\"931\" data-end=\"1235\">Sa participation a beaucoup<br \/>\nsurpris, et pour plusieurs raisons. L\u2019une d\u2019entre elles est qu\u2019il<br \/>\nofficie g\u00e9n\u00e9ralement chez<br \/>\nFrance T\u00e9l\u00e9visions, qui est en concurrence directe avec TF1.<br \/>\nDans <a href=\"https:\/\/www.telestar.fr\/tele_realite\/dals\/exclu-stephane-bern-dans-dals-ils-ont-un-peu-il-leve-le-voile-sur-la-reaction-de-france-televisions-1748909\" target=\"_blank\" rel=\"noopener\"><br \/>\nune interview exclusive accord\u00e9e \u00e0 T\u00e9l\u00e9 Star<\/a>, il joue cartes<br \/>\nsur table concernant sa participation.<\/p>\n<p>St\u00e9phane Bern bient\u00f4t dans<br \/>\nDALS<\/p>\n<p data-start=\"1274\" data-end=\"1809\">Cette ann\u00e9e, la concurrence va<br \/>\n\u00eatre de taille pour St\u00e9phane Bern. Si aucun candidat ne semble<br \/>\navoir de connaissances aguerries en danse de salon, d\u2019autres, comme<br \/>\nEmma, candidate de la<br \/>\nStar Academy 2024, ont d\u00e9j\u00e0 montr\u00e9 qu\u2019ils avaient le rythme<br \/>\ndans la peau. Le moins que l\u2019on puisse dire, c\u2019est que l\u2019on<br \/>\nn\u2019attendait pas l\u2019animateur dans une \u00e9mission telle que celle-ci,<br \/>\nbien loin de<br \/>\nSecrets d\u2019Histoire. Lui-m\u00eame le reconna\u00eet : <strong>\u201cTout le monde a \u00e9t\u00e9 surpris. DALS<br \/>\nest un beau d\u00e9fi<\/strong>\u201d, affirme-t-il.<\/p>\n<p data-start=\"1811\" data-end=\"2092\">Cette \u00e9mission lui permettra<br \/>\nde se faire conna\u00eetre d\u2019autres personnes et de montrer une nouvelle<br \/>\nfacette de sa personnalit\u00e9 : \u201cJe toucherai un autre public. \u00c7a peut amener des gens \u00e0<br \/>\nregarder Secrets d\u2019Histoire. C\u2019est bien pour France T\u00e9l\u00e9visions,<br \/>\ncomme pour moi\u201d, explique-t-il.<\/p>\n<p>St\u00e9phane Bern va-t-il quitter France T\u00e9l\u00e9visions ?<\/p>\n<p data-start=\"2150\" data-end=\"2760\">Cette exp\u00e9rience dans le<br \/>\ngroupe priv\u00e9 va-t-elle lui faire <strong>quitter France T\u00e9l\u00e9visions<br \/>\n?<\/strong> Il n\u2019en est visiblement pas question : \u201c<strong>Vous avez vu les sondages sur les<br \/>\nanimateurs les plus \u2018incarnants\u2019 du service public ? Je suis juste<br \/>\nderri\u00e8re Laurent Delahousse. Ce n\u2019est pas parce que je vais d\u00eener<br \/>\nchez quelqu\u2019un d\u2019autre que je quitte le domicile<br \/>\nfamilial<\/strong>\u201d. Cependant, du c\u00f4t\u00e9 de France T\u00e9l\u00e9visions,<br \/>\nla nouvelle n\u2019est, au premier abord, pas vraiment bien pass\u00e9e :<br \/>\n\u201cIls ont un peu tiqu\u00e9, mais<br \/>\non s\u2019est expliqu\u00e9 et j\u2019avais quelques arguments. Je ne pr\u00e9sente pas<br \/>\ntoutes les \u00e9missions d\u2019histoires\u2026\u201d, explique-t-il.<\/p>\n<p data-start=\"2762\" data-end=\"3044\">L\u2019ann\u00e9e 2026 s\u2019annonce donc<br \/>\ncharg\u00e9e pour St\u00e9phane Bern. Car en plus de DALS, il pr\u00e9sentera<br \/>\nEscapade viennoise le<br \/>\n1er janvier, ainsi qu\u2019une nouvelle \u00e9mission sur le patrimoine<br \/>\nculturel immat\u00e9riel de l\u2019humanit\u00e9. Et ce n\u2019est qu\u2019une petite partie<br \/>\nde ses projets pour les mois \u00e0 venir\u2026<\/p>\n<p><strong>Interview \u00e0 retrouver en int\u00e9gralit\u00e9 dans votre<br \/>\nmagazine T\u00e9l\u00e9 Star en kiosque et en version num\u00e9rique ce lundi 22<br \/>\nd\u00e9cembre 2025\u00a0<\/strong><\/p>\n","protected":false},"excerpt":{"rendered":"EN BREF St\u00e9phane Bern rejoint le casting de Danse avec les stars sur TF1 L\u2019animateur assume pleinement sa&hellip;\n","protected":false},"author":2,"featured_media":612383,"comment_status":"","ping_status":"","sticky":false,"template":"","format":"standard","meta":{"footnotes":""},"categories":[1356],"tags":[548,58,59,1011,27,18875,252,1364],"class_list":{"0":"post-612382","1":"post","2":"type-post","3":"status-publish","4":"format-standard","5":"has-post-thumbnail","7":"category-television","8":"tag-article-simple","9":"tag-divertissement","10":"tag-entertainment","11":"tag-fr","12":"tag-france","13":"tag-stephane-bern","14":"tag-television","15":"tag-tv"},"share_on_mastodon":{"url":"https:\/\/pubeurope.com\/@fr\/115753770821576307","error":""},"_links":{"self":[{"href":"https:\/\/www.europesays.com\/fr\/wp-json\/wp\/v2\/posts\/612382","targetHints":{"allow":["GET"]}}],"collection":[{"href":"https:\/\/www.europesays.com\/fr\/wp-json\/wp\/v2\/posts"}],"about":[{"href":"https:\/\/www.europesays.com\/fr\/wp-json\/wp\/v2\/types\/post"}],"author":[{"embeddable":true,"href":"https:\/\/www.europesays.com\/fr\/wp-json\/wp\/v2\/users\/2"}],"replies":[{"embeddable":true,"href":"https:\/\/www.europesays.com\/fr\/wp-json\/wp\/v2\/comments?post=612382"}],"version-history":[{"count":0,"href":"https:\/\/www.europesays.com\/fr\/wp-json\/wp\/v2\/posts\/612382\/revisions"}],"wp:featuredmedia":[{"embeddable":true,"href":"https:\/\/www.europesays.com\/fr\/wp-json\/wp\/v2\/media\/612383"}],"wp:attachment":[{"href":"https:\/\/www.europesays.com\/fr\/wp-json\/wp\/v2\/media?parent=612382"}],"wp:term":[{"taxonomy":"category","embeddable":true,"href":"https:\/\/www.europesays.com\/fr\/wp-json\/wp\/v2\/categories?post=612382"},{"taxonomy":"post_tag","embeddable":true,"href":"https:\/\/www.europesays.com\/fr\/wp-json\/wp\/v2\/tags?post=612382"}],"curies":[{"name":"wp","href":"https:\/\/api.w.org\/{rel}","templated":true}]}}