{"id":612391,"date":"2025-12-20T20:29:23","date_gmt":"2025-12-20T20:29:23","guid":{"rendered":"https:\/\/www.europesays.com\/fr\/612391\/"},"modified":"2025-12-20T20:29:23","modified_gmt":"2025-12-20T20:29:23","slug":"le-prince-william-et-le-prince-george-reproduisent-une-visite-de-noel-de-1993-avec-diana","status":"publish","type":"post","link":"https:\/\/www.europesays.com\/fr\/612391\/","title":{"rendered":"Le prince William et le prince George reproduisent une visite de No\u00ebl de 1993 avec Diana"},"content":{"rendered":"<p>En d\u00e9cembre 1993, Diana effectuait une visite avec son fils William, \u00e0 quelques jours de No\u00ebl. Cette visite aupr\u00e8s des sans-abri qui fr\u00e9quentent l\u2019association The Passage a marqu\u00e9 tous les esprits. Ce 20 d\u00e9cembre, le prince William souhaitait que son fils George d\u00e9couvre \u00e0 son tour le travail de cette association. L\u2019h\u00e9ritier du tr\u00f4ne et son propre h\u00e9ritier ont pr\u00eat\u00e9 main-forte aux b\u00e9n\u00e9voles en pleins pr\u00e9paratifs de No\u00ebl. <\/p>\n<p><strong>Lire aussi : <a href=\"https:\/\/histoiresroyales.fr\/symbole-cache-photo-de-noel-william-kate-enfants-noel-jonquilles\/\" target=\"_blank\" rel=\"noopener\">Ce symbole cach\u00e9 dans la photo de No\u00ebl de William, Kate et leurs enfants dont personne ne parle<\/a><\/strong><\/p>\n<p>Le prince William avait rendu une visite \u00e0 The Passage avec sa m\u00e8re en 1993<\/p>\n<p>Le prince William assure un suivi de longue date avec l\u2019association The Passage, qu\u2019il a visit\u00e9e pour la premi\u00e8re fois dans sa jeunesse avec sa m\u00e8re et son fr\u00e8re. En d\u00e9cembre 1993, Diana avait visit\u00e9 The Passage avec le prince William et le prince Harry, alors \u00e2g\u00e9s de 11 et 9 ans. Depuis lors, William rend visite fr\u00e9quemment \u00e0 l\u2019association et il a accept\u00e9 d\u2019en devenir le parrain en 2019.<\/p>\n<p><img fetchpriority=\"high\" decoding=\"async\" width=\"1300\" height=\"731\" src=\"https:\/\/www.europesays.com\/fr\/wp-content\/uploads\/2025\/12\/prince-william-the-passage-prince-george.jpg\" alt=\"\" class=\"wp-image-232731 lazyload\" data-  \/>Le prince de Galles et le prince George ont visit\u00e9 le centre St Vincent de l\u2019association The Passage (Photo : Andrew Parsons \/ Kensington Palace)<\/p>\n<p><strong>Lire aussi : <a href=\"https:\/\/histoiresroyales.fr\/princesse-de-galles-visite-jardin-eternel-illumine-30-000-roses-hopital\/\" target=\"_blank\" rel=\"noopener\">La visite nocturne \u00e9mouvante de la princesse de Galles au jardin de roses lumineuses devant l\u2019h\u00f4pital o\u00f9 elle a \u00e9t\u00e9 trait\u00e9e contre le cancer<\/a><\/strong><\/p>\n<p>Ce 20 d\u00e9cembre 1993, vingt-deux ans apr\u00e8s sa premi\u00e8re visite \u00e0 The Passage avec sa m\u00e8re, le prince William \u00e9tait de retour avec son fils a\u00een\u00e9, le prince George, 12 ans.   William et George ont visit\u00e9 le centre St Vincent de Londres, un centre que le prince de Galles avait inaugur\u00e9 en 2016 lorsqu\u2019il \u00e9tait duc de Cambridge. \u00ab\u00a0Il \u00e9tait important pour le prince de Galles de faire d\u00e9couvrir au prince George le travail de l\u2019association The Passage et de passer du temps comme b\u00e9n\u00e9vole aupr\u00e8s de l\u2019\u00e9quipe \u00bb, explique un porte-parole du prince William apr\u00e8s la visite.<\/p>\n<p><img loading=\"lazy\" decoding=\"async\" width=\"1300\" height=\"885\" src=\"https:\/\/www.europesays.com\/fr\/wp-content\/uploads\/2025\/12\/princesse-diana-prince-william-the-passage-1993.jpg\" alt=\"\" class=\"wp-image-232728 lazyload\" data-  \/>Diana et William dans la cuisine de l\u2019association lors de leur visite en d\u00e9cembre 1993 (Photo : The Passage\/Shutterstock\/SIPA)<\/p>\n<blockquote class=\"instagram-media\" data-instgrm-permalink=\"https:\/\/www.instagram.com\/p\/DSffZBHjV8W\/?utm_source=ig_embed&amp;utm_campaign=loading\" data-instgrm-version=\"14\" style=\" background:#FFF; border:0; border-radius:3px; box-shadow:0 0 1px 0 rgba(0,0,0,0.5),0 1px 10px 0 rgba(0,0,0,0.15); margin: 1px; max-width:540px; min-width:326px; padding:0; width:99.375%; width:-webkit-calc(100% - 2px); width:calc(100% - 2px);\"\/>\n<p><strong>Lire aussi : <a href=\"https:\/\/histoiresroyales.fr\/roi-charles-iii-repand-joie-avent-service-oecumenique-abbaye-de-westminster\/\" target=\"_blank\" rel=\"noopener\">Le roi Charles III r\u00e9pand la joie de l\u2019Avent lors d\u2019un service \u0153cum\u00e9nique \u00e0 l\u2019abbaye de Westminster<\/a><\/strong><\/p>\n<p>Le prince William et le prince George ont aid\u00e9 les b\u00e9n\u00e9voles a pr\u00e9par\u00e9 un d\u00e9jeuner de No\u00ebl pour les clients de la cuisine communautaire. Le fils et le petit-fils du roi Charles III ont aussi aid\u00e9 \u00e0 pr\u00e9parer des colis comprenant des produits d\u2019hygi\u00e8ne essentiels. Ils ont aussi d\u00e9cor\u00e9 un sapin de No\u00ebl, apr\u00e8s avoir visit\u00e9 le centre avec Mick Clarke, directeur g\u00e9n\u00e9ral de l\u2019association The Passage.<\/p>\n<p><img loading=\"lazy\" decoding=\"async\" width=\"1300\" height=\"879\" src=\"https:\/\/www.europesays.com\/fr\/wp-content\/uploads\/2025\/12\/prince-george-aide-prince-william-the-passage.jpg\" alt=\"\" class=\"wp-image-232730 lazyload\" data-  \/>Le prince William et son fils aident \u00e0 dresser les tables pour le d\u00e9jeuner de No\u00ebl de l\u2019association (Photo : Andrew Parsons \/ Kensington Palace)<\/p>\n<p><strong>Lire aussi : <a href=\"https:\/\/histoiresroyales.fr\/princesse-de-galles-lance-celebrations-noel-entouree-trois-enfants-famille-royale\/\" target=\"_blank\" rel=\"noopener\">La princesse de Galles lance les c\u00e9l\u00e9brations de No\u00ebl entour\u00e9e de ses trois enfants et de la famille royale<\/a><\/strong><\/p>\n<p>The Passage tire ses valeurs et sa philosophie des enseignements et de l\u2019exemple de saint Vincent de Paul. L\u2019association aide les sans-abri, les soutient dans leurs d\u00e9marches, leur offre un logement, une formation, et toutes sortes d\u2019autres services qui permettent d\u2019apporter une aide aux personnes dans le besoin, le tout en \u00ab\u00a0s\u2019effor\u00e7ant d\u2019\u00eatre inclusif, englobant une culture diversifi\u00e9e et riche \u00bb. L\u2019un des principes de l\u2019association est \u00ab\u00a0d\u2019agir avec compassion et bienveillance\u00a0\u00bb, comme il est indiqu\u00e9 <a href=\"https:\/\/passage.org.uk\/about-us\/vision-mission-and-values\/\" target=\"_blank\" rel=\"noreferrer noopener nofollow\">sur son site<\/a>.<\/p>\n<p><img loading=\"lazy\" decoding=\"async\" width=\"1300\" height=\"873\" src=\"https:\/\/www.europesays.com\/fr\/wp-content\/uploads\/2025\/12\/prince-william-visite-the-passage-prince-george.jpg\" alt=\"\" class=\"wp-image-232732 lazyload\" data-  \/>Le prince William avait promis de visiter l\u2019association avec ses enfants (Photo : Andrew Parsons \/ Kensington Palace)<\/p>\n<p>Chaque ann\u00e9e, le prince William essaie d\u2019effectuer au moins une visite aupr\u00e8s de l\u2019association. En d\u00e9cembre 2024, le prince de Galles surpris en effectuant une visite non annonc\u00e9e. Lors de sa visite en 2023, une religieuse qui \u00e9tait pr\u00e9sente lors de la visite de William et Diana en 1993, lui avait fait part de son souhait qu\u2019il fasse d\u00e9couvrir \u00e0 son tour l\u2019association \u00e0 ses trois enfants.<\/p>\n<p>\u00ab\u00a0Au fil des nombreuses ann\u00e9es o\u00f9 j\u2019ai visit\u00e9 The Passage, d\u2019abord avec ma m\u00e8re quand j\u2019\u00e9tais tout petit, j\u2019ai d\u00e9velopp\u00e9 une grande affection pour vous tous \u00bb, <a href=\"https:\/\/passage.org.uk\/about-us\/our-royal-patron-hrh-prince-william\/\" target=\"_blank\" rel=\"noreferrer noopener nofollow\">avait d\u00e9clar\u00e9<\/a> le prince William apr\u00e8s une pr\u00e9sente visite. \u00ab\u00a0Je suis toujours tr\u00e8s impressionn\u00e9 de voir et d\u2019entendre l\u2019impact positif de The Passage sur la vie des personnes sans-abri. Merci \u00e0 tous pour votre travail constant. \u00bb<\/p>\n<p>\t\t\t\t<img loading=\"lazy\" alt=\"Avatar photo\" src=\"https:\/\/www.europesays.com\/fr\/wp-content\/uploads\/2025\/04\/1516945716303-164x164.jpeg\"  class=\"avatar avatar-164 photo lazyload\" height=\"164\" width=\"164\" decoding=\"async\"\/><br \/>\n\t\t<a href=\"https:\/\/histoiresroyales.fr\/author\/royaliste123\/\" target=\"_blank\" rel=\"noopener\">Nicolas Fontaine<\/a><br \/>\n\t\t\t\t\tR\u00e9dacteur en chef<\/p>\n<p>Nicolas Fontaine a \u00e9t\u00e9 concepteur-r\u00e9dacteur et auteur pour de nombreuses marques et m\u00e9dias belges et fran\u00e7ais. Sp\u00e9cialiste de l&rsquo;actualit\u00e9 des familles royales, Nicolas a fond\u00e9 le site Histoires royales dont il est le r\u00e9dacteur en chef.&#13;<br \/>\n&#13;<br \/>\nnicolas@histoiresroyales.fr<\/p>\n<p>\t\t\t\t\t\t\t<a href=\"https:\/\/twitter.com\/ActusRoyales\" class=\"boxed-icon fill twitter\" target=\"_blank\" rel=\"noopener\"><\/a><br \/>\n\t\t\t\t\t\t\t\t\t<a href=\"https:\/\/www.instagram.com\/histoiresroyales.fr\/\" class=\"boxed-icon fill instagram\" target=\"_blank\" rel=\"noopener\"><\/a><\/p>\n<p>\t\t\t\t\t\t\t\t\t\t\t\t\t<script async src=\"https:\/\/platform.twitter.com\/widgets.js\" charset=\"utf-8\"><\/script><script async src=\"\/\/www.instagram.com\/embed.js\"><\/script><\/p>\n","protected":false},"excerpt":{"rendered":"En d\u00e9cembre 1993, Diana effectuait une visite avec son fils William, \u00e0 quelques jours de No\u00ebl. Cette visite&hellip;\n","protected":false},"author":2,"featured_media":612392,"comment_status":"","ping_status":"","sticky":false,"template":"","format":"standard","meta":{"footnotes":""},"categories":[8],"tags":[58,59,1011,27,10801,3937,3936,15317],"class_list":{"0":"post-612391","1":"post","2":"type-post","3":"status-publish","4":"format-standard","5":"has-post-thumbnail","7":"category-divertissement","8":"tag-divertissement","9":"tag-entertainment","10":"tag-fr","11":"tag-france","12":"tag-george-de-cambridge","13":"tag-lady-diana","14":"tag-prince-william","15":"tag-sans-abri"},"share_on_mastodon":{"url":"https:\/\/pubeurope.com\/@fr\/115753791340172970","error":""},"_links":{"self":[{"href":"https:\/\/www.europesays.com\/fr\/wp-json\/wp\/v2\/posts\/612391","targetHints":{"allow":["GET"]}}],"collection":[{"href":"https:\/\/www.europesays.com\/fr\/wp-json\/wp\/v2\/posts"}],"about":[{"href":"https:\/\/www.europesays.com\/fr\/wp-json\/wp\/v2\/types\/post"}],"author":[{"embeddable":true,"href":"https:\/\/www.europesays.com\/fr\/wp-json\/wp\/v2\/users\/2"}],"replies":[{"embeddable":true,"href":"https:\/\/www.europesays.com\/fr\/wp-json\/wp\/v2\/comments?post=612391"}],"version-history":[{"count":0,"href":"https:\/\/www.europesays.com\/fr\/wp-json\/wp\/v2\/posts\/612391\/revisions"}],"wp:featuredmedia":[{"embeddable":true,"href":"https:\/\/www.europesays.com\/fr\/wp-json\/wp\/v2\/media\/612392"}],"wp:attachment":[{"href":"https:\/\/www.europesays.com\/fr\/wp-json\/wp\/v2\/media?parent=612391"}],"wp:term":[{"taxonomy":"category","embeddable":true,"href":"https:\/\/www.europesays.com\/fr\/wp-json\/wp\/v2\/categories?post=612391"},{"taxonomy":"post_tag","embeddable":true,"href":"https:\/\/www.europesays.com\/fr\/wp-json\/wp\/v2\/tags?post=612391"}],"curies":[{"name":"wp","href":"https:\/\/api.w.org\/{rel}","templated":true}]}}