{"id":612393,"date":"2025-12-20T20:30:13","date_gmt":"2025-12-20T20:30:13","guid":{"rendered":"https:\/\/www.europesays.com\/fr\/612393\/"},"modified":"2025-12-20T20:30:13","modified_gmt":"2025-12-20T20:30:13","slug":"michel-devoret-prix-nobel-de-physique-2025","status":"publish","type":"post","link":"https:\/\/www.europesays.com\/fr\/612393\/","title":{"rendered":"Michel Devoret, prix Nobel de physique 2025"},"content":{"rendered":"<p class=\"PopSlotParagraph qg-tx2 qg-xtra-lh svelte-1r0pyek\">Au mois de d\u00e9cembre 1925, le physicien autrichien Erwin Schr\u00f6dinger renoua avec l\u2019une de ses anciennes ma\u00eetresses. Juste avant No\u00ebl, les deux amants partirent pour Arosa, une station de ski dans les Grisons, o\u00f9 ils demeur\u00e8rent jusqu\u2019au 9 janvier 1926. Le 27 d\u00e9cembre, Schr\u00f6dinger \u00e9crivit \u00e0 l\u2019un de ses amis, Willy Wien\u00a0: \u00ab\u00a0En ce moment, je me bats avec une nouvelle th\u00e9orie de l\u2019atome. Dommage que je ne connaisse pas davantage de math\u00e9matiques\u00a0! Mais je suis plut\u00f4t optimiste\u00a0: si je viens \u00e0 bout de cette th\u00e9orie, elle sera tr\u00e8s belle\u00a0.\u00a0\u00bb Quelques jours plus tard, le physicien confiera \u00e0 un autre de ses amis, Hermann Weyl, que c\u2019est au terme d\u2019\u00ab\u00a0un \u00e9pisode \u00e9rotique fulgurant et tardif\u00a0\u00bb qu\u2019il a fini par d\u00e9couvrir l\u2019\u00e9quation qui pilote le comportement des \u00e9lectrons au sein des atomes\u00a0: la fameuse \u00e9quation dite \u00ab\u00a0de Schr\u00f6dinger\u00a0\u00bb \u00e9tait n\u00e9e. Sa publication signera l\u2019acte de naissance de la d\u00e9sormais centenaire physique quantique.<\/p>\n<p class=\"PopSlotParagraph qg-tx2 qg-xtra-lh svelte-1r0pyek\">Pile un si\u00e8cle plus tard,\u00a0Michel Devoret\u00a0et deux de ses coll\u00e8gues, John Clark et John Martinis, se sont vus d\u00e9cerner ensemble le prix Nobel de physique. Au milieu des ann\u00e9es 1980, les trois chercheurs ont r\u00e9alis\u00e9 des exp\u00e9riences d\u00e9montrant que les ph\u00e9nom\u00e8nes quantiques peuvent se manifester non seulement au niveau d\u2019objets minuscules tels que les atomes ou les particules \u00e9l\u00e9mentaires, mais aussi \u00e0 des \u00e9chelles quasi-macroscopiques, ce qui permet de les voir quasiment \u00ab\u00a0\u00e0 l\u2019\u0153il nu\u00a0\u00bb, au sein de circuits \u00e9lectroniques sophistiqu\u00e9s. Ils ont d\u2019abord r\u00e9ussi \u00e0 faire passer des paquets constitu\u00e9s de milliards d\u2019\u00e9lectrons au travers de barri\u00e8res de potentiel qui seraient proprement infranchissables si la physique que l\u2019on apprend au lyc\u00e9e \u00e9tait juste. C\u2019est ce qu\u2019on appelle \u00ab\u00a0l\u2019effet tunnel\u00a0\u00bb. De quoi s\u2019agit-il\u00a0? Dans notre monde, les cyclistes doivent p\u00e9daler sans cesse sur les pentes qui m\u00e8nent au sommet d\u2019un col, sans quoi ils ne tardent pas \u00e0 s\u2019immobiliser\u2026 Or, il se trouve que les particules quantiques ne sont nullement soumises \u00e0 cette \u00e9puisante obligation. \u00c0 leur \u00e9chelle, elles peuvent traverser l\u2019\u00e9quivalent d\u2019authentiques montagnes sans avoir \u00e0 d\u00e9penser d\u2019\u00e9nergie et sans qu\u2019il soit n\u00e9cessaire qu\u2019on leur en fournisse. Elles ont en effet une probabilit\u00e9 non nulle d\u2019appara\u00eetre, toutes seules comme des grandes, de l\u2019autre c\u00f4t\u00e9 des montagnes qu\u2019elles rencontrent\u2026 Comme si ces montagnes \u00e9taient perc\u00e9es de v\u00e9ritables tunnels au travers desquels les particules pourraient tranquillement passer. Dans le monde quantique, en effet, il n\u2019est nulle \u00e9tanch\u00e9it\u00e9 qui soit garantie. En r\u00e9alit\u00e9, il n\u2019y a pas vraiment de \u00ab\u00a0tunnel\u00a0\u00bb\u00a0: tout se passe plut\u00f4t comme si les particules \u00ab\u00a0sautaient\u00a0\u00bb litt\u00e9ralement d\u2019un c\u00f4t\u00e9 \u00e0 l\u2019autre de la montagne, sans passer par les positions interm\u00e9diaires\u00a0; elles font une sorte de saut quantique dans l\u2019espace.<\/p>\n<p class=\"PopSlotParagraph qg-tx2 qg-xtra-lh svelte-1r0pyek\">Ce qu\u2019ont d\u00e9montr\u00e9 Michel Devoret et ses deux co-laur\u00e9ats du Nobel 2025, c\u2019est que ce ph\u00e9nom\u00e8ne, l\u2019effet tunnel, peut \u00eatre observ\u00e9 m\u00eame lorsque l\u2019on a affaire \u00e0 un tr\u00e8s grand nombre de particules, ce dont tout le monde n\u2019\u00e9tait pas convaincu dans les ann\u00e9es 1970. En fait, ils ont con\u00e7u des circuits \u00e9lectroniques qui se comportent comme des \u00ab\u00a0atomes artificiels\u00a0\u00bb, ayant une taille bien plus grande que celle des vrais atomes, de sorte que les propri\u00e9t\u00e9s quantiques se laissent voir \u00e0 grande \u00e9chelle.<\/p>\n<p class=\"PopSlotParagraph qg-tx2 qg-xtra-lh svelte-1r0pyek\">En somme, ils ont \u00e0 leur fa\u00e7on prolong\u00e9 les trouvailles de Schr\u00f6dinger, en intriquant le microscopique et le macroscopique, exploit lui aussi tardif et tout \u00e0 fait fulgurant.<\/p>\n<p class=\"PopSlotParagraph qg-tx2 qg-xtra-lh svelte-1r0pyek\">Avec\u00a0<a href=\"https:\/\/engineering.yale.edu\/research-and-faculty\/faculty-directory\/michel-devoret\" target=\"_blank\" rel=\"noopener noreferrer\" class=\"\" data-testid=\"link\"><strong>Michel Devoret<\/strong><\/a>, physicien, professeur de physique \u00e0 l\u2019universit\u00e9 de Yale, laur\u00e9at du prix Nobel de physique 2025<\/p>\n<p>  <img decoding=\"async\" class=\"Image-preview  svelte-1b9cmvl\" data-testid=\"image-preview\" src=\"data:image\/jpeg;charset=utf-8;base64, \/9j\/2wBDACgcHiMeGSgjISMtKygwPGRBPDc3PHtYXUlkkYCZlo+AjIqgtObDoKrarYqMyP\/L2u71\/\/\/\/m8H\/\/\/\/6\/+b9\/\/j\/2wBDASstLTw1PHZBQXb4pYyl+Pj4+Pj4+Pj4+Pj4+Pj4+Pj4+Pj4+Pj4+Pj4+Pj4+Pj4+Pj4+Pj4+Pj4+Pj4+Pj4+Pj\/wAARCAAbACoDASIAAhEBAxEB\/8QAGAABAQEBAQAAAAAAAAAAAAAAAgMBAAT\/xAAYEAEBAQEBAAAAAAAAAAAAAAAAAQIREv\/EABQBAQAAAAAAAAAAAAAAAAAAAAD\/xAAUEQEAAAAAAAAAAAAAAAAAAAAA\/9oADAMBAAIRAxEAPwDw5OJ5qkoNsDUPo0EdQOK6DgFKU0kUBX060I0GUW1gP\/\/Z\" alt=\"\" aria-hidden=\"false\"\/>     <img decoding=\"async\" src=\"https:\/\/www.europesays.com\/fr\/wp-content\/uploads\/2025\/12\/860_sc_constantin-foniadakis-1005624.jpg\" loading=\"lazy\" fetchpriority=\"low\" width=\"860\" height=\"571\" class=\"Image-main  svelte-1b9cmvl rounded\" data-testid=\"image-src\" alt=\"Etienne Klein et Michel Devoret\" aria-hidden=\"false\" onload=\"this.__e=event\" onerror=\"this.__e=event\"\/> Etienne Klein et Michel Devoret  &#8211; Constantin Foniadakis <\/p>\n","protected":false},"excerpt":{"rendered":"Au mois de d\u00e9cembre 1925, le physicien autrichien Erwin Schr\u00f6dinger renoua avec l\u2019une de ses anciennes ma\u00eetresses. Juste&hellip;\n","protected":false},"author":2,"featured_media":612394,"comment_status":"","ping_status":"","sticky":false,"template":"","format":"standard","meta":{"footnotes":""},"categories":[7],"tags":[1011,27,43,40,41,39,42,44],"class_list":{"0":"post-612393","1":"post","2":"type-post","3":"status-publish","4":"format-standard","5":"has-post-thumbnail","7":"category-sciences-et-technologies","8":"tag-fr","9":"tag-france","10":"tag-science","11":"tag-science-and-technology","12":"tag-sciences","13":"tag-sciences-et-technologies","14":"tag-technologies","15":"tag-technology"},"share_on_mastodon":{"url":"https:\/\/pubeurope.com\/@fr\/115753794072241687","error":""},"_links":{"self":[{"href":"https:\/\/www.europesays.com\/fr\/wp-json\/wp\/v2\/posts\/612393","targetHints":{"allow":["GET"]}}],"collection":[{"href":"https:\/\/www.europesays.com\/fr\/wp-json\/wp\/v2\/posts"}],"about":[{"href":"https:\/\/www.europesays.com\/fr\/wp-json\/wp\/v2\/types\/post"}],"author":[{"embeddable":true,"href":"https:\/\/www.europesays.com\/fr\/wp-json\/wp\/v2\/users\/2"}],"replies":[{"embeddable":true,"href":"https:\/\/www.europesays.com\/fr\/wp-json\/wp\/v2\/comments?post=612393"}],"version-history":[{"count":0,"href":"https:\/\/www.europesays.com\/fr\/wp-json\/wp\/v2\/posts\/612393\/revisions"}],"wp:featuredmedia":[{"embeddable":true,"href":"https:\/\/www.europesays.com\/fr\/wp-json\/wp\/v2\/media\/612394"}],"wp:attachment":[{"href":"https:\/\/www.europesays.com\/fr\/wp-json\/wp\/v2\/media?parent=612393"}],"wp:term":[{"taxonomy":"category","embeddable":true,"href":"https:\/\/www.europesays.com\/fr\/wp-json\/wp\/v2\/categories?post=612393"},{"taxonomy":"post_tag","embeddable":true,"href":"https:\/\/www.europesays.com\/fr\/wp-json\/wp\/v2\/tags?post=612393"}],"curies":[{"name":"wp","href":"https:\/\/api.w.org\/{rel}","templated":true}]}}