{"id":61240,"date":"2025-04-29T07:33:08","date_gmt":"2025-04-29T07:33:08","guid":{"rendered":"https:\/\/www.europesays.com\/fr\/61240\/"},"modified":"2025-04-29T07:33:08","modified_gmt":"2025-04-29T07:33:08","slug":"ligue-1-strasbourg-prolonge-liam-rosenior","status":"publish","type":"post","link":"https:\/\/www.europesays.com\/fr\/61240\/","title":{"rendered":"Ligue 1 &#8211; Strasbourg prolonge Liam Rosenior"},"content":{"rendered":"<p style=\"text-align: justify;\">Le RC <strong>Strasbourg<\/strong> avait cr\u00e9e la surprise l\u2019\u00e9t\u00e9 dernier en changeant d\u2019entra\u00eeneur au c\u0153ur du mois de juillet. Exit le champion du monde Patrick Vieira, remplac\u00e9 par <strong>Liam<\/strong> <strong>Rosenior<\/strong>, \u00e0 peine 40 ans et m\u00e9connu du football fran\u00e7ais. Avec l\u2019effectif le plus jeune de <strong>Ligue 1<\/strong>, le technicien anglais d\u00e9fie tous les pronostics. \u00c0 trois journ\u00e9es de la fin de la saison, le club alsacien pointe \u00e0 la 7e place du championnat, \u00e0 seulement un point d\u2019une qualification pour le tour pr\u00e9liminaire de Ligue des Champions.<\/p>\n<p style=\"text-align: justify;\">\u00c0 lire aussi &gt;&gt; <a href=\"https:\/\/maligue2.fr\/2025\/04\/29\/estac-mercato-le-depart-de-cyriaque-irie-deja-boucle\/\" target=\"_blank\" rel=\"noopener\">ESTAC \u2013 Mercato : le d\u00e9part de Cyriaque Iri\u00e9 d\u00e9j\u00e0 boucl\u00e9 ?<\/a><\/p>\n<p style=\"text-align: justify;\">Lundi soir, le RCSA a annonc\u00e9 la prolongation du coach jusqu\u2019en <strong>juin 2028<\/strong>. \u00ab Signer au Racing est la meilleure d\u00e9cision de ma carri\u00e8re, et c\u2019est une immense fiert\u00e9 de prolonger<br \/>ici. La confiance renouvel\u00e9e du Pr\u00e9sident Marc Keller et du club me touche profond\u00e9ment ; je veux leur rendre cette confiance sur le terrain \u00bb, d\u00e9clare Rosenior sur le site officiel du club.<\/p>\n<p style=\"text-align: justify;\">Son pr\u00e9sident, Marc Keller ajoute : \u00ab\u00a0 Liam fait du tr\u00e8s bon travail et, dans cette phase charni\u00e8re \u2013 r\u00e9novation de la Meinau et construction d\u2019une \u00e9quipe aux ambitions europ\u00e9ennes \u2013, la stabilit\u00e9 sur le banc est importante. C\u2019\u00e9tait une \u00e9vidence pour le club et BlueCo de poursuivre l\u2019aventure avec Liam et son staff. \u00bb<\/p>\n","protected":false},"excerpt":{"rendered":"Le RC Strasbourg avait cr\u00e9e la surprise l\u2019\u00e9t\u00e9 dernier en changeant d\u2019entra\u00eeneur au c\u0153ur du mois de juillet.&hellip;\n","protected":false},"author":2,"featured_media":61241,"comment_status":"","ping_status":"","sticky":false,"template":"","format":"standard","meta":{"footnotes":""},"categories":[2820],"tags":[1962,1111,11,1777,674,1011,27,775,15900,12,25,640],"class_list":{"0":"post-61240","1":"post","2":"type-post","3":"status-publish","4":"format-standard","5":"has-post-thumbnail","7":"category-strasbourg","8":"tag-alaune5","9":"tag-actu","10":"tag-actualites","11":"tag-eu","12":"tag-europe","13":"tag-fr","14":"tag-france","15":"tag-grand-est","16":"tag-liam-rosenior","17":"tag-news","18":"tag-republique-francaise","19":"tag-strasbourg"},"share_on_mastodon":{"url":"https:\/\/pubeurope.com\/@fr\/114420095599816971","error":""},"_links":{"self":[{"href":"https:\/\/www.europesays.com\/fr\/wp-json\/wp\/v2\/posts\/61240","targetHints":{"allow":["GET"]}}],"collection":[{"href":"https:\/\/www.europesays.com\/fr\/wp-json\/wp\/v2\/posts"}],"about":[{"href":"https:\/\/www.europesays.com\/fr\/wp-json\/wp\/v2\/types\/post"}],"author":[{"embeddable":true,"href":"https:\/\/www.europesays.com\/fr\/wp-json\/wp\/v2\/users\/2"}],"replies":[{"embeddable":true,"href":"https:\/\/www.europesays.com\/fr\/wp-json\/wp\/v2\/comments?post=61240"}],"version-history":[{"count":0,"href":"https:\/\/www.europesays.com\/fr\/wp-json\/wp\/v2\/posts\/61240\/revisions"}],"wp:featuredmedia":[{"embeddable":true,"href":"https:\/\/www.europesays.com\/fr\/wp-json\/wp\/v2\/media\/61241"}],"wp:attachment":[{"href":"https:\/\/www.europesays.com\/fr\/wp-json\/wp\/v2\/media?parent=61240"}],"wp:term":[{"taxonomy":"category","embeddable":true,"href":"https:\/\/www.europesays.com\/fr\/wp-json\/wp\/v2\/categories?post=61240"},{"taxonomy":"post_tag","embeddable":true,"href":"https:\/\/www.europesays.com\/fr\/wp-json\/wp\/v2\/tags?post=61240"}],"curies":[{"name":"wp","href":"https:\/\/api.w.org\/{rel}","templated":true}]}}