{"id":612407,"date":"2025-12-20T20:37:26","date_gmt":"2025-12-20T20:37:26","guid":{"rendered":"https:\/\/www.europesays.com\/fr\/612407\/"},"modified":"2025-12-20T20:37:26","modified_gmt":"2025-12-20T20:37:26","slug":"photos-derniere-ligne-droite-avant-noel-a-nancy","status":"publish","type":"post","link":"https:\/\/www.europesays.com\/fr\/612407\/","title":{"rendered":"Photos. Derni\u00e8re ligne droite avant No\u00ebl \u00e0 Nancy"},"content":{"rendered":"<p>Avec Gare \u00e0 l\u2019art \u00e0 l\u2019h\u00f4tel de ville, l\u2019artisanat s\u2019invite au c\u0153ur de la ville pour d\u00e9nicher des cadeaux uniques. \u00c0 l\u2019op\u00e9ra, les chansons d\u2019op\u00e9rette et de No\u00ebl installent la magie des f\u00eates, tandis qu\u2019\u00e0 la MJC Trois Maisons, le march\u00e9 \u00ab\u00a0L\u2019art et la mani\u00e8re\u00a0\u00bb met en lumi\u00e8re le savoir-faire et la cr\u00e9ation, de quoi trouver les derni\u00e8res id\u00e9es cadeaux originales.\u00a0Trois rendez-vous pour offrir du sens, du fait main\u2026 et un peu de magie sous le sapin de No\u00ebl. A d\u00e9couvrir ce dimanche encore.<\/p>\n","protected":false},"excerpt":{"rendered":"Avec Gare \u00e0 l\u2019art \u00e0 l\u2019h\u00f4tel de ville, l\u2019artisanat s\u2019invite au c\u0153ur de la ville pour d\u00e9nicher des&hellip;\n","protected":false},"author":2,"featured_media":612408,"comment_status":"","ping_status":"","sticky":false,"template":"","format":"standard","meta":{"footnotes":""},"categories":[9635],"tags":[1111,11,1477,1687,33,1704,1777,674,2271,1011,27,2798,775,1702,12,15830,25,104],"class_list":{"0":"post-612407","1":"post","2":"type-post","3":"status-publish","4":"format-standard","5":"has-post-thumbnail","7":"category-nancy","8":"tag-actu","9":"tag-actualites","10":"tag-artisanat","11":"tag-culture-loisirs","12":"tag-economie","13":"tag-edition-nancy-et-agglomeration","14":"tag-eu","15":"tag-europe","16":"tag-exposition-arts-plastiques","17":"tag-fr","18":"tag-france","19":"tag-galerie-photo","20":"tag-grand-est","21":"tag-nancy","22":"tag-news","23":"tag-noel","24":"tag-republique-francaise","25":"tag-societe"},"share_on_mastodon":{"url":"https:\/\/pubeurope.com\/@fr\/115753821430633365","error":""},"_links":{"self":[{"href":"https:\/\/www.europesays.com\/fr\/wp-json\/wp\/v2\/posts\/612407","targetHints":{"allow":["GET"]}}],"collection":[{"href":"https:\/\/www.europesays.com\/fr\/wp-json\/wp\/v2\/posts"}],"about":[{"href":"https:\/\/www.europesays.com\/fr\/wp-json\/wp\/v2\/types\/post"}],"author":[{"embeddable":true,"href":"https:\/\/www.europesays.com\/fr\/wp-json\/wp\/v2\/users\/2"}],"replies":[{"embeddable":true,"href":"https:\/\/www.europesays.com\/fr\/wp-json\/wp\/v2\/comments?post=612407"}],"version-history":[{"count":0,"href":"https:\/\/www.europesays.com\/fr\/wp-json\/wp\/v2\/posts\/612407\/revisions"}],"wp:featuredmedia":[{"embeddable":true,"href":"https:\/\/www.europesays.com\/fr\/wp-json\/wp\/v2\/media\/612408"}],"wp:attachment":[{"href":"https:\/\/www.europesays.com\/fr\/wp-json\/wp\/v2\/media?parent=612407"}],"wp:term":[{"taxonomy":"category","embeddable":true,"href":"https:\/\/www.europesays.com\/fr\/wp-json\/wp\/v2\/categories?post=612407"},{"taxonomy":"post_tag","embeddable":true,"href":"https:\/\/www.europesays.com\/fr\/wp-json\/wp\/v2\/tags?post=612407"}],"curies":[{"name":"wp","href":"https:\/\/api.w.org\/{rel}","templated":true}]}}