{"id":612414,"date":"2025-12-20T20:42:39","date_gmt":"2025-12-20T20:42:39","guid":{"rendered":"https:\/\/www.europesays.com\/fr\/612414\/"},"modified":"2025-12-20T20:42:39","modified_gmt":"2025-12-20T20:42:39","slug":"distribution-de-jouets-et-spectacle","status":"publish","type":"post","link":"https:\/\/www.europesays.com\/fr\/612414\/","title":{"rendered":"distribution de jouets et spectacle"},"content":{"rendered":"<p>                    Par<br \/>\n        <strong><br \/>\n            <a href=\"https:\/\/actu.fr\/auteur\/jm-aubert\" title=\"Consulter tous les articles de Jean-Marc Aubert\" target=\"_blank\" rel=\"noopener\">Jean-Marc Aubert<\/a><br \/>\n                    <\/strong><\/p>\n<p>        Publi\u00e9 le<\/p>\n<p>            19 d\u00e9c. 2025 \u00e0 11h56        <\/p>\n<p>On a bien cru un instant que les paysans en col\u00e8re investissaient le <strong>CHU de Montpellier, <\/strong>ce jeudi 18 d\u00e9cembre 2025\u00a0aupr\u00e8s-midi ! Que nenni, tant attendu par les enfants hospitalis\u00e9s d\u2019Arnaud-de-Villeneuve, le <strong>P\u00e8re No\u00ebl,<\/strong>\u00a0branch\u00e9 visiblement sur l\u2019actualit\u00e9 du moment est arriv\u00e9, non pas par le ciel en h\u00e9licopt\u00e8re comme des ann\u00e9es pr\u00e9c\u00e9dentes, ni en tra\u00eeneau, mais assis sur la remorque d\u2019un tracteur agricole. Acclamations et joie des enfants, des parents et des soignants \u00e0 l\u2019arriv\u00e9e de ce Papa No\u00ebl g\u00e9n\u00e9reux, avec son grand sac rempli de magnifiques jouets et cadeaux.<\/p>\n<p>    <a href=\"https:\/\/www.google.com\/maps\/embed?pb=!1m18!1m12!1m3!1d10237.564395983323!2d3.8494289099582395!3d43.631658501270614!2m3!1f0!2f0!3f0!3m2!1i1024!2i768!4f13.1!3m3!1m2!1s0x12b6aee814df19cf%3A0xd7dfd399223f84d0!2sHOPITAL%20ARNAUD%20DE%20VILLENEUVE%20-%2034090!5e0!3m2!1sfr!2sfr!4v1766139188053!5m2!1sfr!2sfr\" title=\"Ouvrie le lien\" target=\"_blank\" rel=\"noopener\">Cliquez ici pour visualiser le contenu<\/a><\/p>\n<p class=\" wall-content\">Joie et all\u00e9gresse, sur fond de musique et de spectacle dans un hall des services p\u00e9diatriques de l\u2019h\u00f4pital bond\u00e9, avec sur sc\u00e8ne pas moins de <strong>19 tableaux<\/strong> qui ont enchant\u00e9 les quelque 250 personnes rassembl\u00e9es. Au programme pr\u00e9par\u00e9 minutieusement depuis ces derniers mois par les m\u00e9decins, les infirmi\u00e8res et les aides-soignantes d\u2019Arnaud-de-Villeneuve d\u00e9guis\u00e9s pour l\u2019\u00e9v\u00e9nement, de la <strong>danse<\/strong>, des chansons, de la<strong> magie,<\/strong> sans oublier du rire avec deux <strong>clowns<\/strong>\u00a0hilarants qui ont enchant\u00e9 petits et grands, sur la sc\u00e8ne baptis\u00e9e <strong>Le Cirque Auguste<\/strong> et pour cause : il \u00e9tait pr\u00e9sente par Augustine et Augustin.<\/p>\n<p class=\" wall-content\">L\u2019incontournable Pat Patrouille a ouvert ce spectacle qui a dur\u00e9 deux bonnes heures dans une ambiance festive, suivi notamment de samba Br\u00e9sil, Mercredi Adams, des Minions, de la fabrique des jouets et pour cl\u00f4turer du greatest showman, sous les applaudissements nourris. Enfants, parents et soignants ont bien s\u00fbr entonn\u00e9 la chanson plan\u00e9taire \u00ab\u00a0Petit Papa No\u00ebl\u00a0\u00bb et son refrain : \u00ab\u00a0Quand tu descendras du ciel avec des jouets par milliers, n\u2019oublie pas mon petit soulier\u00a0\u00bb etc. Un Papa No\u00ebl en avance au CHU de Montpellier.<\/p>\n<p class=\" wall-content\">\n    <img   decoding=\"async\" loading=\"lazy\" src=\"https:\/\/www.europesays.com\/fr\/wp-content\/uploads\/2025\/12\/0-2-9-960x640.jpeg\" alt=\"Le P\u00e8re-No\u00ebl est arriv\u00e9 sur la remorque qu'un tracteur agricole !\" width=\"960\" height=\"640\"\/><br \/>\n    Le P\u00e8re-No\u00ebl est arriv\u00e9 sur la remorque qu\u2019un tracteur agricole ! (\u00a9M\u00e9tropolitain \/ JMA)<br \/>\n    <img   decoding=\"async\" loading=\"lazy\" src=\"https:\/\/www.europesays.com\/fr\/wp-content\/uploads\/2025\/12\/0-3-11-960x640.jpeg\" alt=\"Distribution de jouets magnifiques aux enfants devant l'h\u00f4pital\" width=\"960\" height=\"640\"\/><br \/>\n    Distribution de jouets magnifiques aux enfants devant l\u2019h\u00f4pital (\u00a9M\u00e9tropolitain \/ JMA)<br \/>\n    <img   decoding=\"async\" loading=\"lazy\" src=\"https:\/\/www.europesays.com\/fr\/wp-content\/uploads\/2025\/12\/0-5-1-960x640.jpeg\" alt=\"Le hall de l'h\u00f4pital Arnaud-de-Villeneuve bond\u00e9 ce jeudi \" width=\"960\" height=\"640\"\/><br \/>\n    Le hall de l\u2019h\u00f4pital Arnaud-de-Villeneuve bond\u00e9 ce jeudi (\u00a9M\u00e9tropolitain \/ JMA)<\/p>\n<p class=\" wall-content\">Pendant ce temps, personne ne s\u2019en est aper\u00e7u, le P\u00e8re-No\u00ebl a fil\u00e9 dans les \u00e9tages, o\u00f9 il a rendu une visite inattendue aux enfants clou\u00e9s sur leur lit dans leurs chambres pour leur distribuer de beaux jouets, appropri\u00e9s pour chaque \u00e2ge. Des enfants et des parents enchant\u00e9s qui ont pu suivre le spectacle en live devant leur t\u00e9l\u00e9vision, en pr\u00e9sence des soignants tr\u00e8s fiers de leur initiative.<\/p>\n<p>Vid\u00e9os : en ce moment sur Actu<\/p>\n<p class=\" wall-content\">Incontestablement, le personnel d\u2019Arnaud-de-Villeneuve qui a organis\u00e9 cette parenth\u00e8se festive inoubliable m\u00e9rite un grand bravo, pour avoir offert ces moments de bonheur \u00e0 ces enfants qui vont passer No\u00ebl \u00e0 l\u2019h\u00f4pital.<\/p>\n<p>Votre r\u00e9gion, votre actu !<\/p>\n<p>Recevez chaque jour les infos qui comptent pour vous.<\/p>\n<p>\t<a href=\"https:\/\/actu.fr\/newsletter\" class=\"ac-btn ac-btn--corner ac-btn--medium ac-btn--blue800\" target=\"_blank\" rel=\"noopener\">S&rsquo;incrire<\/a><br \/>\nSapins et ateliers cr\u00e9atifs\u00a0<\/p>\n<p class=\" wall-content\">C\u2019est \u00e9galement No\u00ebl dans d\u2019autres services. Ainsi, des sapins illuminent les couloirs du CHU, route de Ganges. \u00c0 l\u2019occasion des f\u00eates, l\u2019enseigne<strong> Carrefour Lattes<\/strong> a propos\u00e9 des sapins d\u00e9cor\u00e9s pour le service de socio-esth\u00e9tique et de socio-coiffure de l\u2019h\u00f4pital La Colombi\u00e8re et le service p\u00e9diatrique de dialyse d\u2019Arnaud de Villeneuve, apportant lumi\u00e8re et magie dans les couloirs de l\u2019h\u00f4pital.<\/p>\n<p class=\" wall-content\">De son c\u00f4t\u00e9, l\u2019Association Douce\u2019Heure accompagne les jeunes patients toute l\u2019ann\u00e9e avec des ateliers cr\u00e9atifs, artistiques et de relaxation, contribuant \u00e0 leur bien-\u00eatre et \u00e0 leur \u00e9panouissement.\u00a0Apporter de la douceur au quotidien des patients : c\u2019est aussi l\u2019un des engagements du service de socio-esth\u00e9tique et de socio-coiffure, qui \u0153uvre chaque jour pour leur bien-\u00eatre en leur offrant des soins personnalis\u00e9s. Le personnel remercie\u00a0Pierre Klur, directeur de Carrefour Lattes, Romain de Barleuven, responsable du magasin, \u00e0 l\u2019Association Douce\u2019Heure, ainsi qu\u2019\u00e0 Ludivine et Sophie, du service de socio-esth\u00e9tique et socio-coiffure de l\u2019Unit\u00e9 de soins et de r\u00e9adaptation de La Colombi\u00e8re pour leur g\u00e9n\u00e9rosit\u00e9 et leur engagement.<\/p>\n<p class=\" wall-content\">Personnalisez votre actualit\u00e9 en ajoutant vos villes et m\u00e9dias en favori avec <a href=\"https:\/\/moncompte.actu.fr\" title=\"D\u00e9couvez Mon Actu\" rel=\"nofollow noopener\" data-trk=\"{&quot;cta&quot;:{&quot;action&quot;:&quot;https:\\\/\\\/moncompte.actu.fr&quot;,&quot;category&quot;:&quot;mon compte&quot;,&quot;from&quot;:&quot;article footer&quot;,&quot;name&quot;:&quot;Mon actu&quot;,&quot;type&quot;:&quot;cta&quot;}}\" target=\"_blank\">Mon Actu<\/a>.<\/p>\n","protected":false},"excerpt":{"rendered":"Par Jean-Marc Aubert Publi\u00e9 le 19 d\u00e9c. 2025 \u00e0 11h56 On a bien cru un instant que les&hellip;\n","protected":false},"author":2,"featured_media":612415,"comment_status":"","ping_status":"","sticky":false,"template":"","format":"standard","meta":{"footnotes":""},"categories":[9599],"tags":[1111,11,15154,1719,1777,674,1011,27,1652,2208,12,15830,2680,25],"class_list":{"0":"post-612414","1":"post","2":"type-post","3":"status-publish","4":"format-standard","5":"has-post-thumbnail","7":"category-montpellier","8":"tag-actu","9":"tag-actualites","10":"tag-chu-de-montpellier","11":"tag-enfants","12":"tag-eu","13":"tag-europe","14":"tag-fr","15":"tag-france","16":"tag-loisirs-culture","17":"tag-montpellier","18":"tag-news","19":"tag-noel","20":"tag-occitanie","21":"tag-republique-francaise"},"share_on_mastodon":{"url":"https:\/\/pubeurope.com\/@fr\/115753842105381020","error":""},"_links":{"self":[{"href":"https:\/\/www.europesays.com\/fr\/wp-json\/wp\/v2\/posts\/612414","targetHints":{"allow":["GET"]}}],"collection":[{"href":"https:\/\/www.europesays.com\/fr\/wp-json\/wp\/v2\/posts"}],"about":[{"href":"https:\/\/www.europesays.com\/fr\/wp-json\/wp\/v2\/types\/post"}],"author":[{"embeddable":true,"href":"https:\/\/www.europesays.com\/fr\/wp-json\/wp\/v2\/users\/2"}],"replies":[{"embeddable":true,"href":"https:\/\/www.europesays.com\/fr\/wp-json\/wp\/v2\/comments?post=612414"}],"version-history":[{"count":0,"href":"https:\/\/www.europesays.com\/fr\/wp-json\/wp\/v2\/posts\/612414\/revisions"}],"wp:featuredmedia":[{"embeddable":true,"href":"https:\/\/www.europesays.com\/fr\/wp-json\/wp\/v2\/media\/612415"}],"wp:attachment":[{"href":"https:\/\/www.europesays.com\/fr\/wp-json\/wp\/v2\/media?parent=612414"}],"wp:term":[{"taxonomy":"category","embeddable":true,"href":"https:\/\/www.europesays.com\/fr\/wp-json\/wp\/v2\/categories?post=612414"},{"taxonomy":"post_tag","embeddable":true,"href":"https:\/\/www.europesays.com\/fr\/wp-json\/wp\/v2\/tags?post=612414"}],"curies":[{"name":"wp","href":"https:\/\/api.w.org\/{rel}","templated":true}]}}