{"id":612418,"date":"2025-12-20T20:46:04","date_gmt":"2025-12-20T20:46:04","guid":{"rendered":"https:\/\/www.europesays.com\/fr\/612418\/"},"modified":"2025-12-20T20:46:04","modified_gmt":"2025-12-20T20:46:04","slug":"la-hausse-du-tarif-des-parkings-des-quais-fait-grincer-des-dents","status":"publish","type":"post","link":"https:\/\/www.europesays.com\/fr\/612418\/","title":{"rendered":"la hausse du tarif des parkings des quais fait grincer des dents"},"content":{"rendered":"<p class=\"article__intro\">Depuis le 1er d\u00e9cembre 2025, le parking des Mar\u00e9graphes sur les quais pr\u00e9sente des tarifs de stationnement en hausse \u00e0 Rouen (Seine-Maritime). Le gestionnaire argue des investissements \u00e0 venir pour justifier les nouveaux prix.<\/p>\n<p>\n      L\u2019actu des r\u00e9gions\n    <\/p>\n<p>\n      Chaque jour, un tour d\u2019horizon des principales infos de toutes les r\u00e9gions.\n    <\/p>\n<p>    France T\u00e9l\u00e9visions utilise votre adresse e-mail afin de vous envoyer la newsletter \u00ab\u00a0L\u2019actu des r\u00e9gions\u00a0\u00bb. Vous pouvez vous d\u00e9sinscrire \u00e0 tout moment via le lien en bas de cette newsletter. <a target=\"_blank\" href=\"https:\/\/www.francetelevisions.fr\/groupe\/confidentialite\/politique-de-confidentialite\/politique-de-confidentialite-de-france-televisions-6503\" rel=\"noopener\">Notre politique de confidentialit\u00e9<\/a><\/p>\n<p>Sur les bornes d&rsquo;entr\u00e9e du parking des Mar\u00e9graphes, une affiche discr\u00e8te annonce<a href=\"https:\/\/rnas.fr\/wp-content\/uploads\/2025\/12\/Tarif-Maregraphes-2026-12-format-A4.pdf\" target=\"_blank\" rel=\"noopener noreferrer nofollow\" data-tooltip-url=\"https:\/\/rnas.fr\/wp-content\/uploads\/2025\/12\/Tarif-Maregraphes-2026-12-format-A4.pdf\"> la hausse du prix de stationnement sur les quais de Rouen<\/a>. <\/p>\n<p>Depuis le d\u00e9but du mois de d\u00e9cembre 2025, seule la premi\u00e8re demi-heure reste gratuite, contre trois heures initialement.<\/p>\n<p>Un changement de tarification aux cons\u00e9quences bien r\u00e9elles pour les clients, puisque les g\u00e9rants des caf\u00e9s et restaurants implant\u00e9s sur les quais ne remboursent plus syst\u00e9matiquement les tickets de parking de leurs clients.<\/p>\n<p>Auparavant, il leur suffisait de s&rsquo;acquitter de la somme de sept centimes pour couvrir le temps d&rsquo;un d\u00e9jeuner ou d&rsquo;une s\u00e9ance de sport. <\/p>\n<p>\u00ab\u00a0Les gens veulent acc\u00e9der au plus pr\u00e8s de nos \u00e9tablissements, mais je ne suis pas s\u00fbr qu&rsquo;ils viennent aussi r\u00e9guli\u00e8rement, s&rsquo;ils doivent d\u00e9sormais payer 2 ou 3 euros en plus de leur repas\u00a0\u00bb, constate \u00c9ric Hartout, le g\u00e9rant du All Sports Caf\u00e9.<\/p>\n<p><strong>VID\u00c9O. Reportage de Fran\u00e7ois Pesquet et St\u00e9phane L&rsquo;h\u00f4te :<\/strong><\/p>\n<p>        <img decoding=\"async\" width=\"640\" height=\"426\" class=\"article-image not-lazy\" src=\"https:\/\/www.europesays.com\/fr\/wp-content\/uploads\/2025\/12\/e462f572-767f-427f-9894-54e5dac8b6be.jpg\" alt=\"\" fetchpriority=\"high\"\/><\/p>\n<p>              Voir la video.\u00a0<br \/>\n                  Voir la video<\/p>\n<p>\n          A Rouen, la nouvelle tarification du parking des quais de Seine ne passe pas.<\/p>\n<p>        \u2022<\/p>\n<p>              \u00a9F. Pesquet \/ S. L&rsquo;H\u00f4te\n      <\/p>\n<p>Si la majorit\u00e9 des chalands qui fr\u00e9quentent ces \u00e9tablissements des quais rouennais viennent \u00e0 pied ou en transports en commun, la mesure fait grincer les automobilistes.<\/p>\n<p>\u00ab\u00a0Quand on passe de 0 \u00e0 2 ou 3 euros pour venir manger ici, \u00e7a commence \u00e0 faire un budget\u00a0\u00bb, regrette un client venu d\u00e9jeuner, ce mercredi 17 d\u00e9cembre. \u00ab\u00a0C&rsquo;est une somme suppl\u00e9mentaire qu&rsquo;il va falloir d\u00e9bourser. Forc\u00e9ment, \u00e7a questionne\u00a0\u00bb, abonde un autre.<\/p>\n<p>Pour les repr\u00e9sentants du port de Rouen qui g\u00e8rent les parkings des quais, cette augmentation \u00e9tait in\u00e9vitable apr\u00e8s un bar\u00e8me qui est rest\u00e9 en vigueur pendant pr\u00e8s de dix ans.<\/p>\n<p>\u00ab\u00a0Nous allons s\u00e9curiser les parkings pour \u00e9viter les chutes dans la Seine, investir dans la vid\u00e9osurveillance et dans des lecteurs de plaques d&rsquo;immatriculation, afin de fluidifier le trafic\u00a0\u00bb, pr\u00e9cise Caroline Pisarz, cheffe du service territorial de Rouen Haropa Ports.<\/p>\n<p>Commer\u00e7ants et port de Rouen se sont donn\u00e9 rendez-vous dans un an pour \u00e9valuer les cons\u00e9quences r\u00e9elles de cette nouvelle tarification sur la fr\u00e9quentation des parkings des quais de Seine.<\/p>\n<p>Avec Fran\u00e7ois Pesquet<\/p><\/p>\n","protected":false},"excerpt":{"rendered":"Depuis le 1er d\u00e9cembre 2025, le parking des Mar\u00e9graphes sur les quais pr\u00e9sente des tarifs de stationnement en&hellip;\n","protected":false},"author":2,"featured_media":612419,"comment_status":"","ping_status":"","sticky":false,"template":"","format":"standard","meta":{"footnotes":""},"categories":[9587],"tags":[1111,11,1777,674,1011,27,12,5161,25,9590],"class_list":{"0":"post-612418","1":"post","2":"type-post","3":"status-publish","4":"format-standard","5":"has-post-thumbnail","7":"category-rouen","8":"tag-actu","9":"tag-actualites","10":"tag-eu","11":"tag-europe","12":"tag-fr","13":"tag-france","14":"tag-news","15":"tag-normandie","16":"tag-republique-francaise","17":"tag-rouen"},"share_on_mastodon":{"url":"https:\/\/pubeurope.com\/@fr\/115753858334758357","error":""},"_links":{"self":[{"href":"https:\/\/www.europesays.com\/fr\/wp-json\/wp\/v2\/posts\/612418","targetHints":{"allow":["GET"]}}],"collection":[{"href":"https:\/\/www.europesays.com\/fr\/wp-json\/wp\/v2\/posts"}],"about":[{"href":"https:\/\/www.europesays.com\/fr\/wp-json\/wp\/v2\/types\/post"}],"author":[{"embeddable":true,"href":"https:\/\/www.europesays.com\/fr\/wp-json\/wp\/v2\/users\/2"}],"replies":[{"embeddable":true,"href":"https:\/\/www.europesays.com\/fr\/wp-json\/wp\/v2\/comments?post=612418"}],"version-history":[{"count":0,"href":"https:\/\/www.europesays.com\/fr\/wp-json\/wp\/v2\/posts\/612418\/revisions"}],"wp:featuredmedia":[{"embeddable":true,"href":"https:\/\/www.europesays.com\/fr\/wp-json\/wp\/v2\/media\/612419"}],"wp:attachment":[{"href":"https:\/\/www.europesays.com\/fr\/wp-json\/wp\/v2\/media?parent=612418"}],"wp:term":[{"taxonomy":"category","embeddable":true,"href":"https:\/\/www.europesays.com\/fr\/wp-json\/wp\/v2\/categories?post=612418"},{"taxonomy":"post_tag","embeddable":true,"href":"https:\/\/www.europesays.com\/fr\/wp-json\/wp\/v2\/tags?post=612418"}],"curies":[{"name":"wp","href":"https:\/\/api.w.org\/{rel}","templated":true}]}}