{"id":61242,"date":"2025-04-29T07:34:08","date_gmt":"2025-04-29T07:34:08","guid":{"rendered":"https:\/\/www.europesays.com\/fr\/61242\/"},"modified":"2025-04-29T07:34:08","modified_gmt":"2025-04-29T07:34:08","slug":"un-homme-est-mort-percute-par-une-moto","status":"publish","type":"post","link":"https:\/\/www.europesays.com\/fr\/61242\/","title":{"rendered":"un homme est mort percut\u00e9 par une moto"},"content":{"rendered":"<p>            Par<br \/>\n        <strong><br \/>\n            <a href=\"https:\/\/actu.fr\/auteur\/ugo-maillard\" title=\"Consulter tous les articles de Ugo Maillard\" rel=\"nofollow noopener\" target=\"_blank\">Ugo Maillard<\/a><br \/>\n        <\/strong><\/p>\n<p>        Publi\u00e9 le<\/p>\n<p>            29 avr. 2025 \u00e0 9h11        <\/p>\n<p>Lors du d\u00e9but de soir\u00e9e de ce lundi 28\u00a0avril 2025, un violent accident de la route s\u2019est produit sur la route du bord de mer (D6098) \u00e0 Antibes, pr\u00e8s de <a href=\"https:\/\/actu.fr\/nice\/\" rel=\"nofollow noopener\" target=\"_blank\">Nice<\/a>.<\/p>\n<p>    <a href=\"https:\/\/www.google.com\/maps\/embed?pb=!1m18!1m12!1m3!1d23108.37808582285!2d7.132022203332657!3d43.61596741633529!2m3!1f0!2f0!3f0!3m2!1i1024!2i768!4f13.1!3m3!1m2!1s0x12cdd071028ec757%3A0x1415beed13313076!2sD6098!5e0!3m2!1sfr!2sfr!4v1745909092777!5m2!1sfr!2sfr\" title=\"Ouvrie le lien\" rel=\"nofollow noopener\" target=\"_blank\">Cliquez ici pour visualiser le contenu<\/a><\/p>\n<p class=\" wall-content\">Les sapeurs-pompiers des <a href=\"https:\/\/actu.fr\/provence-alpes-cote-d-azur\/alpes-maritimes_06\" rel=\"nofollow noopener\" target=\"_blank\">Alpes-Maritimes<\/a> sont intervenus pour prendre en charge les <strong>deux personnes impliqu\u00e9es<\/strong> dans le choc. Il s\u2019agit d\u2019un homme d\u2019une quarantaine d\u2019ann\u00e9es au guidon de sa moto et d\u2019un homme d\u2019une cinquantaine d\u2019ann\u00e9es \u00e0 v\u00e9lo.<\/p>\n<p class=\" wall-content\">Ce dernier est d\u00e9c\u00e9d\u00e9 malgr\u00e9 la tentative de r\u00e9animation des secours.<\/p>\n<p>Le motard dans un \u00e9tat grave<\/p>\n<p class=\" wall-content\">Le motard a \u00e9t\u00e9 gri\u00e8vement bless\u00e9 suite au choc. Il a \u00e9t\u00e9 m\u00e9dicalis\u00e9 sur place par une \u00e9quipe du SMUR, puis a \u00e9t\u00e9 <strong>transport\u00e9 dans un \u00e9tat pr\u00e9occupant<\/strong> sur le centre hospitalier de Pasteur II \u00e0 Nice.<\/p>\n<p>Vid\u00e9os : en ce moment sur Actu<\/p>\n<p class=\" wall-content\">Des effectifs de police municipale et nationale \u00e9taient sur les lieux pour d\u00e9terminer les circonstances de cet accident.<\/p>\n<p class=\" wall-content\">Suivez toute l\u2019actualit\u00e9 de vos villes et m\u00e9dias favoris en vous inscrivant \u00e0 <a href=\"https:\/\/moncompte.actu.fr\" title=\"D\u00e9couvez Mon Actu\" rel=\"nofollow noopener\" data-trk=\"{&quot;cta&quot;:{&quot;action&quot;:&quot;https:\\\/\\\/moncompte.actu.fr&quot;,&quot;category&quot;:&quot;mon compte&quot;,&quot;from&quot;:&quot;article footer&quot;,&quot;name&quot;:&quot;Mon actu&quot;,&quot;type&quot;:&quot;cta&quot;}}\" target=\"_blank\">Mon Actu<\/a>.<\/p>\n","protected":false},"excerpt":{"rendered":"Par Ugo Maillard Publi\u00e9 le 29 avr. 2025 \u00e0 9h11 Lors du d\u00e9but de soir\u00e9e de ce lundi&hellip;\n","protected":false},"author":2,"featured_media":61243,"comment_status":"","ping_status":"","sticky":false,"template":"","format":"standard","meta":{"footnotes":""},"categories":[2819],"tags":[119,1111,11,1777,674,118,1011,27,12,2401,1311,882,25],"class_list":{"0":"post-61242","1":"post","2":"type-post","3":"status-publish","4":"format-standard","5":"has-post-thumbnail","7":"category-nice","8":"tag-accident","9":"tag-actu","10":"tag-actualites","11":"tag-eu","12":"tag-europe","13":"tag-faits-divers","14":"tag-fr","15":"tag-france","16":"tag-news","17":"tag-nice","18":"tag-pompiers","19":"tag-provence-alpes-cote-dazur","20":"tag-republique-francaise"},"share_on_mastodon":{"url":"https:\/\/pubeurope.com\/@fr\/114420099627561275","error":""},"_links":{"self":[{"href":"https:\/\/www.europesays.com\/fr\/wp-json\/wp\/v2\/posts\/61242","targetHints":{"allow":["GET"]}}],"collection":[{"href":"https:\/\/www.europesays.com\/fr\/wp-json\/wp\/v2\/posts"}],"about":[{"href":"https:\/\/www.europesays.com\/fr\/wp-json\/wp\/v2\/types\/post"}],"author":[{"embeddable":true,"href":"https:\/\/www.europesays.com\/fr\/wp-json\/wp\/v2\/users\/2"}],"replies":[{"embeddable":true,"href":"https:\/\/www.europesays.com\/fr\/wp-json\/wp\/v2\/comments?post=61242"}],"version-history":[{"count":0,"href":"https:\/\/www.europesays.com\/fr\/wp-json\/wp\/v2\/posts\/61242\/revisions"}],"wp:featuredmedia":[{"embeddable":true,"href":"https:\/\/www.europesays.com\/fr\/wp-json\/wp\/v2\/media\/61243"}],"wp:attachment":[{"href":"https:\/\/www.europesays.com\/fr\/wp-json\/wp\/v2\/media?parent=61242"}],"wp:term":[{"taxonomy":"category","embeddable":true,"href":"https:\/\/www.europesays.com\/fr\/wp-json\/wp\/v2\/categories?post=61242"},{"taxonomy":"post_tag","embeddable":true,"href":"https:\/\/www.europesays.com\/fr\/wp-json\/wp\/v2\/tags?post=61242"}],"curies":[{"name":"wp","href":"https:\/\/api.w.org\/{rel}","templated":true}]}}