{"id":612429,"date":"2025-12-20T20:52:12","date_gmt":"2025-12-20T20:52:12","guid":{"rendered":"https:\/\/www.europesays.com\/fr\/612429\/"},"modified":"2025-12-20T20:52:12","modified_gmt":"2025-12-20T20:52:12","slug":"une-victoire-incroyable-sig-strasbourg","status":"publish","type":"post","link":"https:\/\/www.europesays.com\/fr\/612429\/","title":{"rendered":"Une victoire incroyable ! | SIG Strasbourg"},"content":{"rendered":"<p class=\"chapo\">Nos Espoirs recevaient \u00e0 la maison pour la douzi\u00e8me journ\u00e9e le SQBB actuellement avant dernier du classement avec deux victoires pour seulement neuf d\u00e9faites. Port\u00e9s par une adresse exceptionnelle et un collectif huil\u00e9, les Espoirs de la SIG Strasbourg ont livr\u00e9 une prestation aboutie face au SQBB. Dominateurs d\u00e8s l\u2019entame, les hommes de Patrice Koenig ont impos\u00e9 leur rythme, m\u00ealant intensit\u00e9 d\u00e9fensive, jeu rapide et profondeur d\u2019effectif, pour s\u2019offrir une victoire ma\u00eetris\u00e9e devant leur public.<\/p>\n<p>\u00a0<\/p>\n<p class=\"intertitre\">Q#1 : Une adresse qui peut changer la donne ?\u00a0<\/p>\n<p>Le premier panier \u00e9tait inscrit par l\u2019intraitable Jahel Tr\u00e8fle, qui faisait trembler les filets du Hall de la Poste (2-0, 0\u201930). Le jeu collectif \u00e9tait bien en place : la circulation de balle \u00e9tait fluide en ce d\u00e9but de match, avec un Logan Bourgeois adroit \u00e0 trois points (5-5, 2\u2019). Le coach Koenig avait align\u00e9 ses deux grands dans le cinq de d\u00e9part afin de rivaliser avec la puissance physique du SQBB. Le natif de la SIG Association, Samuel Fontanelle, n\u2019avait rien perdu de son adresse insolente \u00e0 trois points (10-11, 3\u201930). Logan Bourgeois r\u00e9alisait un tr\u00e8s bon d\u00e9but de match, alternant cr\u00e9ation de jeu pour ses co\u00e9quipiers et excellente s\u00e9lection de tirs, avec une grande efficacit\u00e9. Il menait son \u00e9quipe dans ce premier quart-temps (13-11, 5\u2019). Erwan Merlin faisait ensuite repasser son \u00e9quipe devant au score en fin de p\u00e9riode (21-19, 7\u2019). On assistait \u00e9galement \u00e0 la premi\u00e8re apparition de Tom Heidet en Espoirs. Le jeune pivot issu de la formation U18 confirmait en match ce qu\u2019il montrait d\u00e9j\u00e0 \u00e0 l\u2019entra\u00eenement : sa capacit\u00e9 \u00e0 aider l\u2019\u00e9quipe du dessus. Sasha Thiam, fid\u00e8le soldat dans la raquette, faisait souffrir la d\u00e9fense adverse gr\u00e2ce \u00e0 son jeu dos au panier (31-23, 9\u2019). Nos Espoirs affichaient une adresse exceptionnelle dans ce premier quart-temps, \u00e9tablissant un record de points en d\u00e9but de match sur la saison 2025\/2026. <strong data-start=\"1474\" data-end=\"1524\">Score \u00e0 la fin du premier quart-temps : 33-23.<\/strong><\/p>\n<p class=\"text-align-justify\">\u00a0<\/p>\n<p class=\"intertitre\">Q#2 : Une avance confortable pour la suite\u00a0<\/p>\n<p>La reprise \u00e9tait un peu plus compliqu\u00e9e, avec de petits d\u00e9tails qui ne tournaient pas en notre faveur. La d\u00e9fense saint-quentinoise se resserrait davantage sur Jahel Tr\u00e8fle, mais Samuel Fontanelle restait bien pr\u00e9sent derri\u00e8re la ligne \u00e0 trois points (36-27, 13\u2019). Malgr\u00e9 une d\u00e9fense plus agressive, Jahel Tr\u00e8fle portait un v\u00e9ritable coup de massue dans la raquette, provoquant un nouvel \u00e9lan strasbourgeois (40-27, 15\u2019). Gabe Brown et Mike Davis Jr \u00e9taient pr\u00e9sents pour soutenir la nouvelle g\u00e9n\u00e9ration strasbourgeoise. Mapote Benga utilisait son exp\u00e9rience pour trouver les bonnes ouvertures dans le jeu de relance (47-28, 27\u2019). L\u2019\u00e9cart se creusait entre les deux \u00e9quipes, ce qui n\u2019emp\u00eachait pas Logan Bourgeois de poursuivre son \u00e9norme travail des deux c\u00f4t\u00e9s du terrain (49-31, 28\u2019). Le trio Tr\u00e8fle, Bourgeois et Wembanyama perturbait les adversaires du jour, incapables de suivre le rythme en termes de vitesse et de puissance (49-33, 29\u2019). <strong>Score \u00e0 la mi-temps 55 \u00e0 33<\/strong><\/p>\n<p class=\"text-align-justify\">\u00a0<\/p>\n<p class=\"intertitre\">Q#3 : \u00a0Plus calme que d&rsquo;habitude\u00a0<\/p>\n<p>Mapote Benga ouvrait le bal avec un lay-up en contre-attaque (57-35, 21\u2019). Nos Espoirs se l\u00e2chaient ensuite avec un run de 8-0 en l\u2019espace de deux minutes (63-35, 23\u2019). Logan Bourgeois, d\u00e9termin\u00e9, allait chercher son rebond avec ambition avant de remonter fort vers le cercle (67-35, 25\u2019). La suite \u00e9tait ensuite assez calme des deux c\u00f4t\u00e9s. L\u2019intensit\u00e9 \u00e9tait bien pr\u00e9sente chez les Strasbourgeois, mais la r\u00e9ussite, elle, faisait d\u00e9faut. Patrice Koenig faisait tourner l\u2019effectif, misant sur la jeunesse du centre de formation afin de leur permettre d\u2019engranger de l\u2019exp\u00e9rience. Sur jeu de contre-attaque, ce n\u2019\u00e9tait pas l\u2019individualit\u00e9 qui primait sur le collectif, mais bien l\u2019inverse : les joueurs se partageaient la balle au point que celle-ci ne touchait m\u00eame pas le sol pour passer du panier adverse au n\u00f4tre (69-42, 38\u2019). Les Saint-Quentinois optaient pour une d\u00e9fense de zone, sans pour autant emp\u00eacher nos jeunes d\u2019attaquer le cercle. <strong data-start=\"1069\" data-end=\"1121\">Score \u00e0 la fin du troisi\u00e8me quart-temps : 71-50.<\/strong><\/p>\n<p class=\"text-align-justify\">\u00a0<\/p>\n<p class=\"text-align-justify intertitre\"><strong data-start=\"1069\" data-end=\"1121\">Q#4 : La meilleure des mani\u00e8res pour conclure un match\u00a0<\/strong><\/p>\n<p>Thierno Diawara inscrivait les premiers points de ce dernier quart-temps (73-51, 32\u2019). La d\u00e9fense devenait de plus en plus agressive, mais Mapote Benga surgissait de l\u2019ombre, interceptait le ballon et concluait en lay-up (75-52, 33\u2019). Oscar Wembanyama ajoutait un lancer franc apr\u00e8s une faute technique siffl\u00e9e contre le coach du SQBB. Logan Bourgeois et Erwan Merlin faisaient leur retour sur le parquet avec un objectif clair : remettre le collectif au c\u0153ur de la strat\u00e9gie de la SIG Strasbourg. Samuel Fontanelle concluait une contre-attaque apr\u00e8s une d\u00e9fense de fer, port\u00e9e par un public en feu (79-58, 36\u2019). Les Axonais prenaient alors l\u2019avantage au nombre de points inscrits sur le quart-temps, leur permettant de conserver un brin d\u2019espoir (81-62, 37\u2019). F\u00e9lix Sovann inscrivait ses premiers points derri\u00e8re la ligne \u00e0 trois points. C\u2019\u00e9tait son quatri\u00e8me match avec l\u2019\u00e9quipe de Patrice Koenig et, \u00e0 chaque entr\u00e9e en jeu, il apportait un impact positif (84-64, 38\u2019). Le jeu propos\u00e9 par nos SIGmen s\u2019orientait vers du small-ball, sans pour autant effacer l\u2019impact de Sasha Thiam dans la raquette, bien au contraire. Il restait trente secondes \u00e0 jouer lorsque Leny Martin inscrivait ses premiers points en U21 (91-67, 39\u2019).<\/p>\n","protected":false},"excerpt":{"rendered":"Nos Espoirs recevaient \u00e0 la maison pour la douzi\u00e8me journ\u00e9e le SQBB actuellement avant dernier du classement avec&hellip;\n","protected":false},"author":2,"featured_media":612430,"comment_status":"","ping_status":"","sticky":false,"template":"","format":"standard","meta":{"footnotes":""},"categories":[2820],"tags":[1111,11,3146,1777,674,1011,27,775,3145,12,25,3144,640],"class_list":{"0":"post-612429","1":"post","2":"type-post","3":"status-publish","4":"format-standard","5":"has-post-thumbnail","7":"category-strasbourg","8":"tag-actu","9":"tag-actualites","10":"tag-betclic-elite","11":"tag-eu","12":"tag-europe","13":"tag-fr","14":"tag-france","15":"tag-grand-est","16":"tag-lnb","17":"tag-news","18":"tag-republique-francaise","19":"tag-sig","20":"tag-strasbourg"},"share_on_mastodon":{"url":"https:\/\/pubeurope.com\/@fr\/115753880416717544","error":""},"_links":{"self":[{"href":"https:\/\/www.europesays.com\/fr\/wp-json\/wp\/v2\/posts\/612429","targetHints":{"allow":["GET"]}}],"collection":[{"href":"https:\/\/www.europesays.com\/fr\/wp-json\/wp\/v2\/posts"}],"about":[{"href":"https:\/\/www.europesays.com\/fr\/wp-json\/wp\/v2\/types\/post"}],"author":[{"embeddable":true,"href":"https:\/\/www.europesays.com\/fr\/wp-json\/wp\/v2\/users\/2"}],"replies":[{"embeddable":true,"href":"https:\/\/www.europesays.com\/fr\/wp-json\/wp\/v2\/comments?post=612429"}],"version-history":[{"count":0,"href":"https:\/\/www.europesays.com\/fr\/wp-json\/wp\/v2\/posts\/612429\/revisions"}],"wp:featuredmedia":[{"embeddable":true,"href":"https:\/\/www.europesays.com\/fr\/wp-json\/wp\/v2\/media\/612430"}],"wp:attachment":[{"href":"https:\/\/www.europesays.com\/fr\/wp-json\/wp\/v2\/media?parent=612429"}],"wp:term":[{"taxonomy":"category","embeddable":true,"href":"https:\/\/www.europesays.com\/fr\/wp-json\/wp\/v2\/categories?post=612429"},{"taxonomy":"post_tag","embeddable":true,"href":"https:\/\/www.europesays.com\/fr\/wp-json\/wp\/v2\/tags?post=612429"}],"curies":[{"name":"wp","href":"https:\/\/api.w.org\/{rel}","templated":true}]}}