{"id":612431,"date":"2025-12-20T20:53:11","date_gmt":"2025-12-20T20:53:11","guid":{"rendered":"https:\/\/www.europesays.com\/fr\/612431\/"},"modified":"2025-12-20T20:53:11","modified_gmt":"2025-12-20T20:53:11","slug":"percutee-par-un-vehicule-de-police-municipale-a-nice-une-pietonne-agee-decede-a-lhopital","status":"publish","type":"post","link":"https:\/\/www.europesays.com\/fr\/612431\/","title":{"rendered":"percut\u00e9e par un v\u00e9hicule de police municipale \u00e0 Nice, une pi\u00e9tonne \u00e2g\u00e9e d\u00e9c\u00e8de \u00e0 l\u2019h\u00f4pital"},"content":{"rendered":"<p class=\"fs-5 \">Un dramatique accident s\u2019est produit <strong>jeudi 18 d\u00e9cembre en fin d\u2019apr\u00e8s-midi<\/strong>, en plein centre-ville de Nice. Peu avant 16 heures, \u00e0 l\u2019<strong>angle de l\u2019avenue Jean-M\u00e9decin et de la rue de Paris<\/strong>, un v\u00e9hicule de la police municipale qui \u00e9tait en service a percut\u00e9 une pi\u00e9tonne.<\/p>\n<p class=\"fs-5 \">La victime, une <strong>femme \u00e2g\u00e9e<\/strong>, a \u00e9t\u00e9 gri\u00e8vement bless\u00e9e. Rapidement prise en charge par les secours et le SMUR, elle a \u00e9t\u00e9 <strong>transport\u00e9e \u00e0 l\u2019h\u00f4pital en \u00e9tat d\u2019urgence absolue<\/strong>. Elle a finalement succomb\u00e9 \u00e0 ses blessures.<\/p>\n<p class=\"fs-5 \">Selon nos informations, <strong>le conducteur du v\u00e9hicule de la police municipale<\/strong> aurait \u00e9t\u00e9 plac\u00e9 <strong>en garde \u00e0 vue<\/strong>. \u00c0 ce stade, le parquet n\u2019a pas souhait\u00e9 communiquer sur les circonstances pr\u00e9cises de l\u2019accident.<\/p>\n<p>                                                                                <strong>\u00ab\u00a0Nous sommes profond\u00e9ment touch\u00e9s\u00a0\u00bb, dixit la Ville<\/strong><\/p>\n<p class=\"fs-5 \">Sollicit\u00e9e par Nice-Matin, la Ville de Nice a r\u00e9agi par la voix de son directeur g\u00e9n\u00e9ral des services, Bastien Nespoulous. \u00ab Nous sommes profond\u00e9ment touch\u00e9s par le drame survenu \u00e0 la suite d\u2019un accident impliquant un v\u00e9hicule de la police municipale alors qu\u2019il \u00e9tait en service \u00bb.<\/p>\n<p class=\"fs-5 \">Il pr\u00e9cise que \u00ab lors d\u2019une man\u0153uvre effectu\u00e9e dans ce cadre, un choc est malheureusement intervenu. Malgr\u00e9 une prise en charge imm\u00e9diate par les services de secours, l\u2019issue a \u00e9t\u00e9 tragique \u00bb.<\/p>\n<p class=\"fs-5 \">La municipalit\u00e9 adresse \u00ab ses pens\u00e9es les plus sinc\u00e8res et ses condol\u00e9ances \u00e0 la famille et aux proches de la victime \u00bb et affirme \u00eatre \u00ab en lien avec eux \u00bb afin de les accompagner dans cette \u00e9preuve.<\/p>\n<p>                                                                                \u00ab Les contr\u00f4les r\u00e9glementaires r\u00e9alis\u00e9s sans d\u00e9lai \u00bb<\/p>\n<p class=\"fs-5 \">La Ville assure par ailleurs que \u00ab l\u2019ensemble des contr\u00f4les r\u00e9glementaires a \u00e9t\u00e9 r\u00e9alis\u00e9 sans d\u00e9lai \u00bb et que \u00ab les circonstances exactes de cet accident font actuellement l\u2019objet de v\u00e9rifications approfondies \u00bb.<\/p>\n<p class=\"fs-5 \">L\u2019\u00e9quipage de la police municipale concern\u00e9 \u00ab se tient pleinement \u00e0 la disposition des autorit\u00e9s judiciaires comp\u00e9tentes afin que toute la lumi\u00e8re soit faite \u00bb, conclut Bastien Nespoulous, \u00e9voquant \u00ab un esprit de responsabilit\u00e9, de rigueur et de transparence \u00bb.<\/p>\n","protected":false},"excerpt":{"rendered":"Un dramatique accident s\u2019est produit jeudi 18 d\u00e9cembre en fin d\u2019apr\u00e8s-midi, en plein centre-ville de Nice. Peu avant&hellip;\n","protected":false},"author":2,"featured_media":612432,"comment_status":"","ping_status":"","sticky":false,"template":"","format":"standard","meta":{"footnotes":""},"categories":[2819],"tags":[1111,11,1777,674,1011,27,12,2401,882,25],"class_list":{"0":"post-612431","1":"post","2":"type-post","3":"status-publish","4":"format-standard","5":"has-post-thumbnail","7":"category-nice","8":"tag-actu","9":"tag-actualites","10":"tag-eu","11":"tag-europe","12":"tag-fr","13":"tag-france","14":"tag-news","15":"tag-nice","16":"tag-provence-alpes-cote-dazur","17":"tag-republique-francaise"},"share_on_mastodon":{"url":"https:\/\/pubeurope.com\/@fr\/115753884345109788","error":""},"_links":{"self":[{"href":"https:\/\/www.europesays.com\/fr\/wp-json\/wp\/v2\/posts\/612431","targetHints":{"allow":["GET"]}}],"collection":[{"href":"https:\/\/www.europesays.com\/fr\/wp-json\/wp\/v2\/posts"}],"about":[{"href":"https:\/\/www.europesays.com\/fr\/wp-json\/wp\/v2\/types\/post"}],"author":[{"embeddable":true,"href":"https:\/\/www.europesays.com\/fr\/wp-json\/wp\/v2\/users\/2"}],"replies":[{"embeddable":true,"href":"https:\/\/www.europesays.com\/fr\/wp-json\/wp\/v2\/comments?post=612431"}],"version-history":[{"count":0,"href":"https:\/\/www.europesays.com\/fr\/wp-json\/wp\/v2\/posts\/612431\/revisions"}],"wp:featuredmedia":[{"embeddable":true,"href":"https:\/\/www.europesays.com\/fr\/wp-json\/wp\/v2\/media\/612432"}],"wp:attachment":[{"href":"https:\/\/www.europesays.com\/fr\/wp-json\/wp\/v2\/media?parent=612431"}],"wp:term":[{"taxonomy":"category","embeddable":true,"href":"https:\/\/www.europesays.com\/fr\/wp-json\/wp\/v2\/categories?post=612431"},{"taxonomy":"post_tag","embeddable":true,"href":"https:\/\/www.europesays.com\/fr\/wp-json\/wp\/v2\/tags?post=612431"}],"curies":[{"name":"wp","href":"https:\/\/api.w.org\/{rel}","templated":true}]}}