{"id":612433,"date":"2025-12-20T20:54:23","date_gmt":"2025-12-20T20:54:23","guid":{"rendered":"https:\/\/www.europesays.com\/fr\/612433\/"},"modified":"2025-12-20T20:54:23","modified_gmt":"2025-12-20T20:54:23","slug":"alpes-maritimes-une-enquete-ouverte-apres-la-chute-dun-homme-qui-etait-place-en-garde-a-vue-a-nice","status":"publish","type":"post","link":"https:\/\/www.europesays.com\/fr\/612433\/","title":{"rendered":"Alpes-Maritimes. Une enqu\u00eate ouverte apr\u00e8s la chute d&rsquo;un homme qui \u00e9tait plac\u00e9 en garde \u00e0 vue \u00e0 Nice"},"content":{"rendered":"<p>Que s&rsquo;est-il pass\u00e9\u00a0au commissariat Auvare de Nice, mercredi\u00a0? Un homme, plac\u00e9 en garde \u00e0 vue\u00a0pour des faits de trafic de stup\u00e9fiants, a fait une chute lui occasionnant des blessures graves, selon <a href=\"https:\/\/www.nicematin.com\/faits-divers\/une-enquete-ouverte-apres-la-chute-d-un-homme-qui-etait-place-en-garde-a-vue-a-la-caserne-auvare-a-nice-10661702\" target=\"_blank\" rel=\"noopener\">Nice-Matin<\/a>.\u00a0<\/p>\n<p>L&rsquo;homme souffrirait de\u00a0fractures au cr\u00e2ne, au dos et aux cervicales et reste hospitalis\u00e9e au service de r\u00e9animation, avec un pronostic vital engag\u00e9.\u00a0<\/p>\n<p>  Une chute dans les escaliers\u00a0?<\/p>\n<p>Aupr\u00e8s de nos confr\u00e8res, le procureur de la R\u00e9publique adjoint de Nice, Maud Marty, a pr\u00e9cis\u00e9 samedi que l\u2019enqu\u00eate \u00ab pour recherche des causes des blessures de la personne plac\u00e9e en garde \u00e0 vue \u00bb a \u00e9t\u00e9 confi\u00e9e \u00e0 la cellule d\u00e9ontologie de la Direction interminist\u00e9rielle de la police nationale (DIPN) des Alpes-Maritimes.<\/p>\n<p>Selon la famille de la victime, interrog\u00e9e par le quotidien, la chute, estim\u00e9e \u00e0 six m\u00e8tres, aurait eu lieu dans les escaliers.<\/p>\n","protected":false},"excerpt":{"rendered":"Que s&rsquo;est-il pass\u00e9\u00a0au commissariat Auvare de Nice, mercredi\u00a0? Un homme, plac\u00e9 en garde \u00e0 vue\u00a0pour des faits de&hellip;\n","protected":false},"author":2,"featured_media":612434,"comment_status":"","ping_status":"","sticky":false,"template":"","format":"standard","meta":{"footnotes":""},"categories":[2819],"tags":[1111,11,271,272,1777,674,274,107,1011,27,329,12,2401,882,25],"class_list":{"0":"post-612433","1":"post","2":"type-post","3":"status-publish","4":"format-standard","5":"has-post-thumbnail","7":"category-nice","8":"tag-actu","9":"tag-actualites","10":"tag-crime","11":"tag-delit-et-contravention","12":"tag-eu","13":"tag-europe","14":"tag-faits-divers-justice","15":"tag-fil-info","16":"tag-fr","17":"tag-france","18":"tag-france-monde","19":"tag-news","20":"tag-nice","21":"tag-provence-alpes-cote-dazur","22":"tag-republique-francaise"},"share_on_mastodon":{"url":"https:\/\/pubeurope.com\/@fr\/115753888306530343","error":""},"_links":{"self":[{"href":"https:\/\/www.europesays.com\/fr\/wp-json\/wp\/v2\/posts\/612433","targetHints":{"allow":["GET"]}}],"collection":[{"href":"https:\/\/www.europesays.com\/fr\/wp-json\/wp\/v2\/posts"}],"about":[{"href":"https:\/\/www.europesays.com\/fr\/wp-json\/wp\/v2\/types\/post"}],"author":[{"embeddable":true,"href":"https:\/\/www.europesays.com\/fr\/wp-json\/wp\/v2\/users\/2"}],"replies":[{"embeddable":true,"href":"https:\/\/www.europesays.com\/fr\/wp-json\/wp\/v2\/comments?post=612433"}],"version-history":[{"count":0,"href":"https:\/\/www.europesays.com\/fr\/wp-json\/wp\/v2\/posts\/612433\/revisions"}],"wp:featuredmedia":[{"embeddable":true,"href":"https:\/\/www.europesays.com\/fr\/wp-json\/wp\/v2\/media\/612434"}],"wp:attachment":[{"href":"https:\/\/www.europesays.com\/fr\/wp-json\/wp\/v2\/media?parent=612433"}],"wp:term":[{"taxonomy":"category","embeddable":true,"href":"https:\/\/www.europesays.com\/fr\/wp-json\/wp\/v2\/categories?post=612433"},{"taxonomy":"post_tag","embeddable":true,"href":"https:\/\/www.europesays.com\/fr\/wp-json\/wp\/v2\/tags?post=612433"}],"curies":[{"name":"wp","href":"https:\/\/api.w.org\/{rel}","templated":true}]}}