{"id":612440,"date":"2025-12-20T20:58:24","date_gmt":"2025-12-20T20:58:24","guid":{"rendered":"https:\/\/www.europesays.com\/fr\/612440\/"},"modified":"2025-12-20T20:58:24","modified_gmt":"2025-12-20T20:58:24","slug":"lentraineur-des-gardiens-de-bordeaux-suspendu-un-an-france-girondins-de-bordeaux","status":"publish","type":"post","link":"https:\/\/www.europesays.com\/fr\/612440\/","title":{"rendered":"L\u2019entra\u00eeneur des gardiens de Bordeaux suspendu un an &#8211; France &#8211; Girondins de Bordeaux"},"content":{"rendered":"<p>Une sanction bien m\u00e9rit\u00e9e.<\/p>\n<p>Lors de la victoire des Girondins de Bordeaux sur la pelouse de l\u2019AS Maz\u00e8res Uros Rontignon en Coupe de France (4-3), l\u2019entra\u00eeneur des gardiens des Bordelais \u2013 Wilfrid Rastoll \u2013 avait d\u00e9pass\u00e9 les bornes en mena\u00e7ant l\u2019arbitre principal, \u00e0 qui il a aussi balanc\u00e9 des insultes homophobes : \u00ab\u00a0T\u2019es une merde, t\u2019es nul, t\u2019es une mauviette, tapette, viens je t\u2019attends !\u00a0\u00bb<\/p>\n<p>Exclu apr\u00e8s cet accrochage, Wilfrid Rastoll vient d\u2019\u00eatre suspendu un an \u2013 dont trois mois avec sursis \u2013 par la commission f\u00e9d\u00e9rale de discipline, comme le rapporte le site FootAmateur. Le motif de cette suspension retenu par la commission est le suivant : \u00ab\u00a0r\u00e9cidive d\u2019avertissements comportement intimidant, injurieux, blessant, excessif \/d\u00e9plac\u00e9 envers officiel au cours de la rencontre\u00a0\u00bb.<\/p>\n<p>Tout \u00e7a pour un match de Coupe de France contre une \u00e9quipe de R1\u2026<\/p>\n<p>\t\t\t\t\t\t\t\t\t\t<a class=\"lien-connexe\" href=\"https:\/\/www.sofoot.com\/breves\/la-masse-salariale-des-girondins-de-bordeaux-restera-encadree-par-la-dncg\" target=\"_blank\" rel=\"noopener\">La masse salariale des Girondins de Bordeaux restera encadr\u00e9e par la DNCG<\/a>\t\t\t\t\t<\/p>\n","protected":false},"excerpt":{"rendered":"Une sanction bien m\u00e9rit\u00e9e. Lors de la victoire des Girondins de Bordeaux sur la pelouse de l\u2019AS Maz\u00e8res&hellip;\n","protected":false},"author":2,"featured_media":612441,"comment_status":"","ping_status":"","sticky":false,"template":"","format":"standard","meta":{"footnotes":""},"categories":[2817],"tags":[1111,47,11,61,1997,69,65,64,1777,674,63,1011,27,68,66,12,62,2219,70,25,67],"class_list":{"0":"post-612440","1":"post","2":"type-post","3":"status-publish","4":"format-standard","5":"has-post-thumbnail","7":"category-bordeaux","8":"tag-actu","9":"tag-actualite","10":"tag-actualites","11":"tag-actus-football","12":"tag-bordeaux","13":"tag-bundesliga","14":"tag-championnats-europeens","15":"tag-equipe-de-france","16":"tag-eu","17":"tag-europe","18":"tag-football","19":"tag-fr","20":"tag-france","21":"tag-ligua","22":"tag-ligue-1","23":"tag-news","24":"tag-news-foot","25":"tag-nouvelle-aquitaine","26":"tag-premier-league","27":"tag-republique-francaise","28":"tag-serie-a"},"share_on_mastodon":{"url":"https:\/\/pubeurope.com\/@fr\/115753904098560951","error":""},"_links":{"self":[{"href":"https:\/\/www.europesays.com\/fr\/wp-json\/wp\/v2\/posts\/612440","targetHints":{"allow":["GET"]}}],"collection":[{"href":"https:\/\/www.europesays.com\/fr\/wp-json\/wp\/v2\/posts"}],"about":[{"href":"https:\/\/www.europesays.com\/fr\/wp-json\/wp\/v2\/types\/post"}],"author":[{"embeddable":true,"href":"https:\/\/www.europesays.com\/fr\/wp-json\/wp\/v2\/users\/2"}],"replies":[{"embeddable":true,"href":"https:\/\/www.europesays.com\/fr\/wp-json\/wp\/v2\/comments?post=612440"}],"version-history":[{"count":0,"href":"https:\/\/www.europesays.com\/fr\/wp-json\/wp\/v2\/posts\/612440\/revisions"}],"wp:featuredmedia":[{"embeddable":true,"href":"https:\/\/www.europesays.com\/fr\/wp-json\/wp\/v2\/media\/612441"}],"wp:attachment":[{"href":"https:\/\/www.europesays.com\/fr\/wp-json\/wp\/v2\/media?parent=612440"}],"wp:term":[{"taxonomy":"category","embeddable":true,"href":"https:\/\/www.europesays.com\/fr\/wp-json\/wp\/v2\/categories?post=612440"},{"taxonomy":"post_tag","embeddable":true,"href":"https:\/\/www.europesays.com\/fr\/wp-json\/wp\/v2\/tags?post=612440"}],"curies":[{"name":"wp","href":"https:\/\/api.w.org\/{rel}","templated":true}]}}