{"id":612446,"date":"2025-12-20T21:01:14","date_gmt":"2025-12-20T21:01:14","guid":{"rendered":"https:\/\/www.europesays.com\/fr\/612446\/"},"modified":"2025-12-20T21:01:14","modified_gmt":"2025-12-20T21:01:14","slug":"une-greve-de-la-collecte-des-dechets-pourrait-impacter-52-communes-de-la-metropole-lilloise-a-partir-du-22-decembre-20-12-2025","status":"publish","type":"post","link":"https:\/\/www.europesays.com\/fr\/612446\/","title":{"rendered":"Une gr\u00e8ve de la collecte des d\u00e9chets pourrait impacter 52 communes de la m\u00e9tropole lilloise \u00e0 partir du 22 d\u00e9cembre &#8211; 20\/12\/2025"},"content":{"rendered":"<p>\n        \u00c0 partir de ce lundi 22 d\u00e9cembre 2025, des perturbations de la collecte des d\u00e9chets m\u00e9nagers sont \u00e0 pr\u00e9voir dans 52 communes de la M\u00e9tropole Europ\u00e9enne de Lille, en lien avec un mouvement social chez le prestataire Deverra.<\/p>\n<p>Dans la famille des petites surprises avant No\u00ebl, c&rsquo;est la carte \u00ab\u00a0gr\u00e8ve des \u00e9boueurs\u00a0\u00bb qui a \u00e9t\u00e9 tir\u00e9e en cette fin d&rsquo;ann\u00e9e. Qu&rsquo;on vous explique : un pr\u00e9avis de gr\u00e8ve a \u00e9t\u00e9 d\u00e9pos\u00e9 par les organisations syndicales de Deverra, le prestataire en charge de la collecte des d\u00e9chets de la m\u00e9tropole lilloise (conjointement avec Esterra).\u00a0<\/p>\n<p>\u00ab\u00a0\u00c0 ce stade, la MEL n\u2019est pas en mesure d\u2019estimer pr\u00e9cis\u00e9ment l\u2019ampleur de la mobilisation syndicale\u00a0\u00bb, a d\u00e9voil\u00e9 la M\u00e9tropole europ\u00e9enne de Lille dans un communiqu\u00e9, n&rsquo;excluant pas \u00ab\u00a0un risque de mobilisation significative\u00a0\u00bb\u00a0au vu des \u00e9changes entre Deverra et les syndicats.<\/p>\n<p>Quelles communes sont concern\u00e9es ?\u00a0<\/p>\n<p>Les communes dont le prestataire Deverra a la charge seront directement touch\u00e9es. Voici la liste recens\u00e9e par la MEL :\u00a0<\/p>\n<p>Frelinghien, Armenti\u00e8res, Houplines, Verlinghem, P\u00e9renchies, Erquinghem-Lys, La Chapelle-d\u2019Armenti\u00e8res, Enneti\u00e8res-en-Weppes, Pr\u00e9mesques, Capinghem, Lomme, Englos, Escobecques, Erquinghem-le-Sec, Beaucamps-Ligny, Lambersart, Lompret, Saint-Andr\u00e9-lez-Lille, La Madeleine, Mons-en-Bar\u0153ul, Hellemmes, Lezennes, Ronchin, Lesquin, Sainghin-en-M\u00e9lantois, Bouvines, P\u00e9ronne-en-M\u00e9lantois, Fretin, Vendeville, Templemars, Seclin, Noyelles-l\u00e8s-Seclin, Wattignies, Faches-Thumesnil, Lille extramuros (Lille-Sud, Lille-Fives, Lille-Moulin, Faubourg de B\u00e9thune, Lille-CHR, Lille Saint Maurice Pellevoisin, Lille Bois Blanc), Loos, Ancoisne, Emmerin, Haubourdin, Sequedin, Hallennes-lez-Haubourdin, Santes, Wavrin, Don, Sainghin-en-Weppes, Fournes-en-Weppes, Herlies, Wicres, Marquillies, Hantay, Salom\u00e9, La Bass\u00e9e, Illies.<\/p>\n<p>Les communes desservies par Esterra ne sont quant \u00e0 elle pas concern\u00e9es par ce mouvement.\u00a0\u00ab\u00a0La collecte y sera assur\u00e9e normalement\u00a0\u00bb, assure la M\u00e9tropole.<\/p>\n<p>  Une nouvelle organisation planifi\u00e9e<\/p>\n<p>Des perturbations sont envisag\u00e9es mais l\u2019objectif est d\u2019\u00e9viter <a target=\"_blank\" href=\"https:\/\/www.vozer.fr\/2023\/11\/13\/fin-novembre-la-mel-partage-ses-conseils-pour-reduire-vos-dechets\/\" rel=\"noopener\">l\u2019accumulation des d\u00e9chets<\/a> l\u00e0 o\u00f9 les besoins sont les plus importants, surtout \u00e0 No\u00ebl, quand les poubelles se remplissent plus vite que les cadeaux ne sont d\u00e9ball\u00e9s.<\/p>\n<p>Le plan de ramassage pr\u00e9vu par la MEL est le suivant :<\/p>\n<ul>&#13;<\/p>\n<li>en priorit\u00e9, les communes o\u00f9 les ordures m\u00e9nag\u00e8res sont collect\u00e9es tous les 15 jours, notamment l\u00e0 o\u00f9 le tri des biod\u00e9chets est r\u00e9cent ;<\/li>\n<p>&#13;<\/p>\n<li>puis les secteurs avec une collecte hebdomadaire en biflux ;<\/li>\n<p>&#13;<\/p>\n<li>enfin, les zones urbaines denses ou certains habitats collectifs o\u00f9 la collecte a lieu deux fois par semaine, comme \u00e0 Lille ou La Madeleine<\/li>\n<p>&#13;<\/ul>\n<p>En cas de mouvement tr\u00e8s suivi, la collecte des emballages (bac jaune) pourrait \u00eatre davantage impact\u00e9e, pr\u00e9vient la MEL qui pr\u00e9voit d\u00e9j\u00e0 des d\u00e9calages horaires, reports de tourn\u00e9es sur les jours suivants et des ajustements ponctuels de la fr\u00e9quence de collecte.\u00a0<\/p>\n<p>Que faire en cas d&rsquo;absence de collecte ?<\/p>\n<p>Premi\u00e8rement, ne pas paniquer. Deuxi\u00e8mement, faire comme d&rsquo;habitude. Oui oui, c&rsquo;est la MEL qui le dit. \u00ab\u00a0Les habitants sont invit\u00e9s \u00e0\u00a0pr\u00e9senter leurs bacs ou sacs de d\u00e9chets aux jours et horaires habituels, m\u00eame en cas de retard\u00a0\u00bb et de les laisser l\u00e0\u00a0\u00ab\u00a0dans la limite des 48 heures maximum\u00a0\u00bb. Au-del\u00e0, il faudra se r\u00e9f\u00e9rer aux infos communiqu\u00e9es par la MEL \u00ab\u00a0en lien avec le prestataire, notamment en cas de rattrapage\u00a0\u00bb.\u00a0<\/p>\n<p>Selon la dur\u00e9e du mouvement, il se peut que les habitant\u00b7es soient contraint\u00b7es de stocker temporairement une partie des emballages \u00e0 domicile.<\/p>\n<p>Pour \u00e9viter que la situation n&rsquo;impacte trop <a target=\"_blank\" href=\"https:\/\/www.vozer.fr\/2025\/12\/19\/nouvel-an-a-lille-ou-faire-la-fete-le-31-decembre\/\" rel=\"noopener\">les r\u00e9veillons successifs<\/a>, \u00ab\u00a0La MEL insiste aupr\u00e8s de son prestataire pour qu\u2019un maximum de rattrapages puisse \u00eatre organis\u00e9 avant, entre et apr\u00e8s les f\u00eates, dans la limite des moyens disponibles\u00a0\u00bb. L&rsquo;ampleur du pr\u00e9avis de gr\u00e8ve sera connue ce lundi. Pour conna\u00eetre l&rsquo;\u00e9volution de la situation, la M\u00e9tropole europ\u00e9enne de Lille invite \u00e0 consulter <a target=\"_blank\" href=\"https:\/\/www.lillemetropole.fr\/communique-de-presse\/collecte-des-dechets-menagers-52-communes-de-la-mel-concernees-par-un-preavis#:~:text=19%2F12%2F2025-,Collecte%20des%20d%C3%A9chets%20m%C3%A9nagers%20%3A%2052%20communes%20de%20la%20MEL%20concern%C3%A9es,prises%20en%20charge%20par%20Deverra.\" rel=\"noopener\">son site<\/a> et <a target=\"_blank\" href=\"https:\/\/www.facebook.com\/metropoledelille\" rel=\"noopener\">ses r\u00e9seaux sociaux<\/a>.\u00a0<\/p>\n","protected":false},"excerpt":{"rendered":"\u00c0 partir de ce lundi 22 d\u00e9cembre 2025, des perturbations de la collecte des d\u00e9chets m\u00e9nagers sont \u00e0&hellip;\n","protected":false},"author":2,"featured_media":612447,"comment_status":"","ping_status":"","sticky":false,"template":"","format":"standard","meta":{"footnotes":""},"categories":[2815],"tags":[1111,11,1777,674,1011,27,811,1307,12,25],"class_list":{"0":"post-612446","1":"post","2":"type-post","3":"status-publish","4":"format-standard","5":"has-post-thumbnail","7":"category-lille","8":"tag-actu","9":"tag-actualites","10":"tag-eu","11":"tag-europe","12":"tag-fr","13":"tag-france","14":"tag-hauts-de-france","15":"tag-lille","16":"tag-news","17":"tag-republique-francaise"},"share_on_mastodon":{"url":"https:\/\/pubeurope.com\/@fr\/115753915909522118","error":""},"_links":{"self":[{"href":"https:\/\/www.europesays.com\/fr\/wp-json\/wp\/v2\/posts\/612446","targetHints":{"allow":["GET"]}}],"collection":[{"href":"https:\/\/www.europesays.com\/fr\/wp-json\/wp\/v2\/posts"}],"about":[{"href":"https:\/\/www.europesays.com\/fr\/wp-json\/wp\/v2\/types\/post"}],"author":[{"embeddable":true,"href":"https:\/\/www.europesays.com\/fr\/wp-json\/wp\/v2\/users\/2"}],"replies":[{"embeddable":true,"href":"https:\/\/www.europesays.com\/fr\/wp-json\/wp\/v2\/comments?post=612446"}],"version-history":[{"count":0,"href":"https:\/\/www.europesays.com\/fr\/wp-json\/wp\/v2\/posts\/612446\/revisions"}],"wp:featuredmedia":[{"embeddable":true,"href":"https:\/\/www.europesays.com\/fr\/wp-json\/wp\/v2\/media\/612447"}],"wp:attachment":[{"href":"https:\/\/www.europesays.com\/fr\/wp-json\/wp\/v2\/media?parent=612446"}],"wp:term":[{"taxonomy":"category","embeddable":true,"href":"https:\/\/www.europesays.com\/fr\/wp-json\/wp\/v2\/categories?post=612446"},{"taxonomy":"post_tag","embeddable":true,"href":"https:\/\/www.europesays.com\/fr\/wp-json\/wp\/v2\/tags?post=612446"}],"curies":[{"name":"wp","href":"https:\/\/api.w.org\/{rel}","templated":true}]}}