{"id":612448,"date":"2025-12-20T21:02:15","date_gmt":"2025-12-20T21:02:15","guid":{"rendered":"https:\/\/www.europesays.com\/fr\/612448\/"},"modified":"2025-12-20T21:02:15","modified_gmt":"2025-12-20T21:02:15","slug":"lille-0-1-saint-maur-a-cru-a-lexploit-pendant-80-minutes","status":"publish","type":"post","link":"https:\/\/www.europesays.com\/fr\/612448\/","title":{"rendered":"Lille (0-1) : Saint-Maur a cru \u00e0 l&rsquo;exploit pendant 80 minutes"},"content":{"rendered":"<p><strong>Paris, (SANA) \u2013 <\/strong>Dans une belle ambiance digne des belles affiches de <a href=\"https:\/\/sana.sy\/fr\/tag\/coupe-de-france\/\" data-type=\"post_tag\" data-id=\"15159\" target=\"_blank\" rel=\"noopener\">Coupe de France<\/a>, les Lusitanos Saint-Maur, pensionnaires de National 2 (4e division) ont longtemps tenu face \u00e0 Lille avant d\u2019encaisser un but \u00e0 la 80e minute.<\/p>\n<p>Selon un reportage publi\u00e9 aujourd\u2019hui par le journal fran\u00e7ais \u00ab <a href=\"https:\/\/sana.sy\/fr\/tag\/le-parisien\/\" data-type=\"post_tag\" data-id=\"15160\" target=\"_blank\" rel=\"noopener\">Le Parisien<\/a> \u00bb, debout, le public du stade Dominique Duvauchelle de Cr\u00e9teil applaudit les joueurs des Lusitanos Saint-Maur L\u2019\u00e9quipe d\u2019Helder Esteves est sortie par la grande porte de la Coupe de France en r\u00e9alisant une belle prestation face \u00e0 <a href=\"https:\/\/sana.sy\/fr\/tag\/lille\/\" data-type=\"post_tag\" data-id=\"15161\" target=\"_blank\" rel=\"noopener\">Lille<\/a>. Mais les joueurs de Bruno Genesio, qui n\u2019ont pas galvaud\u00e9 ce dernier match de l\u2019ann\u00e9e, ont arrach\u00e9 la d\u00e9cision dix minutes de la fin du temps r\u00e9glementaire (0-1).<\/p>\n<p>Et d\u2019ajouter : \u00ab Cela faisait bien longtemps que le stade Duvauchelle de Cr\u00e9teil n\u2019avait pas connu une telle ambiance pour un match de foot. Les spectateurs (7 000 dont 650 Lillois, jauge d\u00e9termin\u00e9e par le club) ont pouss\u00e9 les <a href=\"https:\/\/sana.sy\/fr\/tag\/lusitanos-saint-maur\/\" data-type=\"post_tag\" data-id=\"15162\" target=\"_blank\" rel=\"noopener\">Lusitanos Saint-Maur<\/a> pendant tout le match. Sur une pelouse qui portait encore les stigmates du match Racing 92 \u2013 Exeter (31-31) dimanche dernier en Challenge Cup de rugby, le 2e du groupe C de National 2 (4e division) a longtemps contrari\u00e9 Lille, 4e de Ligue 1 \u00bb.<\/p>\n<p>Le match est mont\u00e9 en intensit\u00e9 en 2e p\u00e9riode. Si la frappe enroul\u00e9e d\u2019Haraldsson en lucarne est magnifique, l\u2019arbitre refuse le but pour une faute d\u2019Olivier Giroud sur Pereira au d\u00e9part de l\u2019action (52e). Erwan Regulus est ensuite d\u00e9cisif sur la frappe d\u2019Ethan Mbapp\u00e9 avant d\u2019\u00eatre sauv\u00e9 par sa barre sur la reprise dans la foul\u00e9e d\u2019Haraldsson (66e).<\/p>\n<p>\u00ab Mais les Lusitanos ont jou\u00e9 tous les coups \u00e0 fond, en contres, comme sur cette frappe des 20 m d\u2019Aymeric Kissy d\u00e9tourn\u00e9e en corner par Bodart (67e) \u00bb, souligne \u00ab Le Parisien \u00bb.<\/p>\n<p>\u00c0 force de r\u00e9sister, les Lusitanos ont pourtant fini par plier. Bien d\u00e9cal\u00e9 par Haraldsson, Marius Broholm, international espoir norv\u00e9gien qui venait tout juste de remplacer Ethan Mbapp\u00e9, siffl\u00e9 par une partie du stade, ajuste Regulus (0-1, 80e).<\/p>\n<p>Et de conclure : \u00ab Si le gardien des Lusitanos \u00e9vite le 0-2 dans la foul\u00e9e sur une frappe de Sahraoui (81e), Bodart, l\u2019habituelle doublure dans les buts du LOSC, sauve l\u2019\u00e9galisation sur la reprise d\u2019Edwin Elodon (84e). Le dernier coup-franc o\u00f9 R\u00e9gulus est mont\u00e9 dans la surface pr\u00eater main forte \u00e0 ses co\u00e9quipiers n\u2019a rien donn\u00e9. Les Lusitanos y ont cru mais sont \u00e9limin\u00e9s \u00bb.<\/p>\n<p>A.Ch.<\/p>\n","protected":false},"excerpt":{"rendered":"Paris, (SANA) \u2013 Dans une belle ambiance digne des belles affiches de Coupe de France, les Lusitanos Saint-Maur,&hellip;\n","protected":false},"author":2,"featured_media":612449,"comment_status":"","ping_status":"","sticky":false,"template":"","format":"standard","meta":{"footnotes":""},"categories":[2815],"tags":[1111,11,1777,674,1011,27,811,1307,12,25],"class_list":{"0":"post-612448","1":"post","2":"type-post","3":"status-publish","4":"format-standard","5":"has-post-thumbnail","7":"category-lille","8":"tag-actu","9":"tag-actualites","10":"tag-eu","11":"tag-europe","12":"tag-fr","13":"tag-france","14":"tag-hauts-de-france","15":"tag-lille","16":"tag-news","17":"tag-republique-francaise"},"share_on_mastodon":{"url":"https:\/\/pubeurope.com\/@fr\/115753919862582212","error":""},"_links":{"self":[{"href":"https:\/\/www.europesays.com\/fr\/wp-json\/wp\/v2\/posts\/612448","targetHints":{"allow":["GET"]}}],"collection":[{"href":"https:\/\/www.europesays.com\/fr\/wp-json\/wp\/v2\/posts"}],"about":[{"href":"https:\/\/www.europesays.com\/fr\/wp-json\/wp\/v2\/types\/post"}],"author":[{"embeddable":true,"href":"https:\/\/www.europesays.com\/fr\/wp-json\/wp\/v2\/users\/2"}],"replies":[{"embeddable":true,"href":"https:\/\/www.europesays.com\/fr\/wp-json\/wp\/v2\/comments?post=612448"}],"version-history":[{"count":0,"href":"https:\/\/www.europesays.com\/fr\/wp-json\/wp\/v2\/posts\/612448\/revisions"}],"wp:featuredmedia":[{"embeddable":true,"href":"https:\/\/www.europesays.com\/fr\/wp-json\/wp\/v2\/media\/612449"}],"wp:attachment":[{"href":"https:\/\/www.europesays.com\/fr\/wp-json\/wp\/v2\/media?parent=612448"}],"wp:term":[{"taxonomy":"category","embeddable":true,"href":"https:\/\/www.europesays.com\/fr\/wp-json\/wp\/v2\/categories?post=612448"},{"taxonomy":"post_tag","embeddable":true,"href":"https:\/\/www.europesays.com\/fr\/wp-json\/wp\/v2\/tags?post=612448"}],"curies":[{"name":"wp","href":"https:\/\/api.w.org\/{rel}","templated":true}]}}