{"id":612452,"date":"2025-12-20T21:04:36","date_gmt":"2025-12-20T21:04:36","guid":{"rendered":"https:\/\/www.europesays.com\/fr\/612452\/"},"modified":"2025-12-20T21:04:36","modified_gmt":"2025-12-20T21:04:36","slug":"bruno-gilles-horizons-porte-plainte","status":"publish","type":"post","link":"https:\/\/www.europesays.com\/fr\/612452\/","title":{"rendered":"Bruno Gilles (Horizons) porte plainte"},"content":{"rendered":"<p>Cette semaine, <a href=\"https:\/\/www.laprovence.com\/article\/region\/1125993770003214\/municipales-2026-a-marseille-dans-les-4e-et-5e-arrondissements-bruno-gilles-horizons-degaine-le-premier\" target=\"_blank\" rel=\"noopener\">l&rsquo;ancien maire Bruno Gilles<\/a> (Horizons), muet jusqu&rsquo;ici sur le dossier qui <a href=\"https:\/\/www.laprovence.com\/article\/region\/4853371198696914\/marseille-un-portail-ferme-et-des-habitants-remontes-aux-chutes-lavie\" target=\"_blank\" rel=\"noopener\">oppose des habitants<\/a> soutenus par le Printemps marseillais au bailleur public PML, a pris pour la premi\u00e8re fois la parole dans une vid\u00e9o sur les r\u00e9seaux sociaux.<\/p>\n<p>Il y d\u00e9nonce les menaces re\u00e7ues sous la forme de deux messages dans sa bo\u00eete aux lettres, lui qui vit depuis toujours <a href=\"https:\/\/www.laprovence.com\/article\/region\/1929849943263314\/marseille-aux-chutes-lavie-le-portail-de-la-discorde-fait-fermer-lecole\" target=\"_blank\" rel=\"noopener\">dans ce quartier<\/a>. \u00ab\u00a0J&rsquo;ai bien s\u00fbr d\u00e9pos\u00e9 plainte\u00a0\u00bb, assure-t-il, tout en d\u00e9non\u00e7ant une \u00ab\u00a0op\u00e9ration politique \u00e0 trois mois des \u00e9lections\u00a0\u00bb, le portillon \u00e9tant ferm\u00e9 \u00ab\u00a0depuis\u00a02019\u00a0\u00bb, selon lui.<\/p>\n","protected":false},"excerpt":{"rendered":"Cette semaine, l&rsquo;ancien maire Bruno Gilles (Horizons), muet jusqu&rsquo;ici sur le dossier qui oppose des habitants soutenus par&hellip;\n","protected":false},"author":2,"featured_media":612453,"comment_status":"","ping_status":"","sticky":false,"template":"","format":"standard","meta":{"footnotes":""},"categories":[2814],"tags":[17,1111,11,3211,36196,154,1777,674,1011,27,7238,3540,884,12,316,36197,882,25],"class_list":{"0":"post-612452","1":"post","2":"type-post","3":"status-publish","4":"format-standard","5":"has-post-thumbnail","7":"category-marseille","8":"tag-17","9":"tag-actu","10":"tag-actualites","11":"tag-bruno","12":"tag-chutes-lavie","13":"tag-des","14":"tag-eu","15":"tag-europe","16":"tag-fr","17":"tag-france","18":"tag-gilles","19":"tag-horizons","20":"tag-marseille","21":"tag-news","22":"tag-politique","23":"tag-portail","24":"tag-provence-alpes-cote-dazur","25":"tag-republique-francaise"},"share_on_mastodon":{"url":"https:\/\/pubeurope.com\/@fr\/115753927588031587","error":""},"_links":{"self":[{"href":"https:\/\/www.europesays.com\/fr\/wp-json\/wp\/v2\/posts\/612452","targetHints":{"allow":["GET"]}}],"collection":[{"href":"https:\/\/www.europesays.com\/fr\/wp-json\/wp\/v2\/posts"}],"about":[{"href":"https:\/\/www.europesays.com\/fr\/wp-json\/wp\/v2\/types\/post"}],"author":[{"embeddable":true,"href":"https:\/\/www.europesays.com\/fr\/wp-json\/wp\/v2\/users\/2"}],"replies":[{"embeddable":true,"href":"https:\/\/www.europesays.com\/fr\/wp-json\/wp\/v2\/comments?post=612452"}],"version-history":[{"count":0,"href":"https:\/\/www.europesays.com\/fr\/wp-json\/wp\/v2\/posts\/612452\/revisions"}],"wp:featuredmedia":[{"embeddable":true,"href":"https:\/\/www.europesays.com\/fr\/wp-json\/wp\/v2\/media\/612453"}],"wp:attachment":[{"href":"https:\/\/www.europesays.com\/fr\/wp-json\/wp\/v2\/media?parent=612452"}],"wp:term":[{"taxonomy":"category","embeddable":true,"href":"https:\/\/www.europesays.com\/fr\/wp-json\/wp\/v2\/categories?post=612452"},{"taxonomy":"post_tag","embeddable":true,"href":"https:\/\/www.europesays.com\/fr\/wp-json\/wp\/v2\/tags?post=612452"}],"curies":[{"name":"wp","href":"https:\/\/api.w.org\/{rel}","templated":true}]}}