{"id":612454,"date":"2025-12-20T21:05:10","date_gmt":"2025-12-20T21:05:10","guid":{"rendered":"https:\/\/www.europesays.com\/fr\/612454\/"},"modified":"2025-12-20T21:05:10","modified_gmt":"2025-12-20T21:05:10","slug":"ce-que-revele-une-operation-policiere-de-grande-ampleur","status":"publish","type":"post","link":"https:\/\/www.europesays.com\/fr\/612454\/","title":{"rendered":"ce que r\u00e9v\u00e8le une op\u00e9ration polici\u00e8re de grande ampleur"},"content":{"rendered":"<p class=\"gmail-Paragraph gmail-SCXW205767447 gmail-BCX0\" lang=\"FR-FR\">Dans le cadre de la mise en \u0153uvre du\u00a0plan d\u2019action d\u00e9partemental de restauration de la s\u00e9curit\u00e9 du quotidien, la\u00a0direction interd\u00e9partementale de la police nationale (DIPN) du Rh\u00f4ne\u00a0a conduit une op\u00e9ration\u00a0\u201cville s\u00e9curit\u00e9 renforc\u00e9e\u201d\u00a0\u00e0\u00a0Villeurbanne, les\u00a017 et 18 d\u00e9cembre 2025.\u00a0<\/p>\n<p class=\"gmail-Paragraph gmail-SCXW205767447 gmail-BCX0\" lang=\"FR-FR\">Ce dispositif exceptionnel, d\u00e9ploy\u00e9\u00a0\u00e0 l\u2019approche des f\u00eates de fin d\u2019ann\u00e9e, s\u2019inscrit dans une s\u00e9rie d\u2019actions similaires men\u00e9es depuis le d\u00e9but de l\u2019ann\u00e9e dans plusieurs secteurs de la m\u00e9tropole lyonnaise, notamment\u00a0la Presqu\u2019\u00eele, les Terreaux \/ Croix-Rousse, la Guilloti\u00e8re \/ Mazagran, la Cit\u00e9 Jardin et la Part-Dieu \u00e0 Lyon, mais aussi\u00a0V\u00e9nissieux, Rillieux-la-Pape, Bron, Villeurbanne, Meyzieu, Saint-Fons et Oullins-Pierre-B\u00e9nite.\u00a0<\/p>\n<p class=\"gmail-Paragraph gmail-SCXW205767447 gmail-BCX0\" lang=\"FR-FR\">Au total,\u00a086 policiers nationaux\u00a0ont \u00e9t\u00e9 mobilis\u00e9s, aux c\u00f4t\u00e9s d\u2019agents des douanes, de\u00a0policiers municipaux, d\u2019agents de la RATP, de\u00a0Keolis, de la\u00a0DDPP\u00a0et de l\u2019Urssaf. Les effectifs engag\u00e9s comprenaient notamment des policiers de la division, des effectifs d\u00e9partementaux, du\u00a0SISTC, des\u00a0CRS\u00a0et de la\u00a0police aux fronti\u00e8res.\u00a0<\/p>\n<p>&#13;<br \/>\nUn bilan cons\u00e9quent\u00a0&#13;\n<\/p>\n<p class=\"gmail-Paragraph gmail-SCXW205767447 gmail-BCX0\" lang=\"FR-FR\">Selon la pr\u00e9fecture, le bilan de l\u2019op\u00e9ration fait \u00e9tat de\u00a0\u201cpr\u00e8s de 3 288 personnes contr\u00f4l\u00e9es par les forces de l\u2019ordre et par les contr\u00f4leurs des transports publics.\u00a0\u00bb<\/p>\n<p class=\"gmail-Paragraph gmail-SCXW205767447 gmail-BCX0\" lang=\"FR-FR\">Au cours de ces contr\u00f4les,\u00a0\u201c7 individus ont \u00e9t\u00e9 interpell\u00e9s dont 6 dans le cadre de deux proc\u00e9dures diligent\u00e9es pour trafic de stup\u00e9fiant.\u201d\u00a0<\/p>\n<p class=\"gmail-Paragraph gmail-SCXW205767447 gmail-BCX0\" lang=\"FR-FR\">Par ailleurs,\u00a0\u201c124 infractions ont \u00e9t\u00e9 verbalis\u00e9es (d\u00e9faut de titre de transport, d\u00e9lit routier, mise en fourri\u00e8re,\u00a0immobilisation,\u2026),\u201d\u00a0pr\u00e9cisent encore les services de l\u2019\u00c9tat.<\/p>\n<p class=\"gmail-Paragraph gmail-SCXW205767447 gmail-BCX0\" lang=\"FR-FR\">Par ailleurs,\u00a0\u201c2 commerces ont fait l\u2019objet de rappels pour\u00a0non conformit\u00e9\u00a0au r\u00e8glement de s\u00e9curit\u00e9 contre l\u2019incendie (r\u00e9glementation ERP).\u201d\u00a0<\/p>\n<p class=\"gmail-Paragraph gmail-SCXW205767447 gmail-BCX0\" lang=\"FR-FR\">La pr\u00e9f\u00e8te du Rh\u00f4ne,\u00a0Fabienne\u00a0Buccio, a f\u00e9licit\u00e9\u00a0\u201cl\u2019ensemble des services engag\u00e9s dans cette op\u00e9ration au service de la s\u00e9curit\u00e9 du quotidien des habitants de Villeurbanne\u201d.\u00a0\u00a0<\/p>\n","protected":false},"excerpt":{"rendered":"Dans le cadre de la mise en \u0153uvre du\u00a0plan d\u2019action d\u00e9partemental de restauration de la s\u00e9curit\u00e9 du quotidien,&hellip;\n","protected":false},"author":2,"featured_media":612455,"comment_status":"","ping_status":"","sticky":false,"template":"","format":"standard","meta":{"footnotes":""},"categories":[1889],"tags":[1111,11,2813,2190,2430,1109,251,1112,2811,1777,674,118,1011,27,1922,1110,1114,2428,2810,12,241,316,25,2812,517,800],"class_list":{"0":"post-612454","1":"post","2":"type-post","3":"status-publish","4":"format-standard","5":"has-post-thumbnail","7":"category-lyon","8":"tag-actu","9":"tag-actualites","10":"tag-article","11":"tag-asvel","12":"tag-auvergne-rhone-alpes","13":"tag-breves","14":"tag-culture","15":"tag-depeches","16":"tag-economique","17":"tag-eu","18":"tag-europe","19":"tag-faits-divers","20":"tag-fr","21":"tag-france","22":"tag-info","23":"tag-informations","24":"tag-infos","25":"tag-lyon","26":"tag-lyonmag","27":"tag-news","28":"tag-ol","29":"tag-politique","30":"tag-republique-francaise","31":"tag-sociale","32":"tag-sport","33":"tag-transports"},"share_on_mastodon":{"url":"https:\/\/pubeurope.com\/@fr\/115753931674704656","error":""},"_links":{"self":[{"href":"https:\/\/www.europesays.com\/fr\/wp-json\/wp\/v2\/posts\/612454","targetHints":{"allow":["GET"]}}],"collection":[{"href":"https:\/\/www.europesays.com\/fr\/wp-json\/wp\/v2\/posts"}],"about":[{"href":"https:\/\/www.europesays.com\/fr\/wp-json\/wp\/v2\/types\/post"}],"author":[{"embeddable":true,"href":"https:\/\/www.europesays.com\/fr\/wp-json\/wp\/v2\/users\/2"}],"replies":[{"embeddable":true,"href":"https:\/\/www.europesays.com\/fr\/wp-json\/wp\/v2\/comments?post=612454"}],"version-history":[{"count":0,"href":"https:\/\/www.europesays.com\/fr\/wp-json\/wp\/v2\/posts\/612454\/revisions"}],"wp:featuredmedia":[{"embeddable":true,"href":"https:\/\/www.europesays.com\/fr\/wp-json\/wp\/v2\/media\/612455"}],"wp:attachment":[{"href":"https:\/\/www.europesays.com\/fr\/wp-json\/wp\/v2\/media?parent=612454"}],"wp:term":[{"taxonomy":"category","embeddable":true,"href":"https:\/\/www.europesays.com\/fr\/wp-json\/wp\/v2\/categories?post=612454"},{"taxonomy":"post_tag","embeddable":true,"href":"https:\/\/www.europesays.com\/fr\/wp-json\/wp\/v2\/tags?post=612454"}],"curies":[{"name":"wp","href":"https:\/\/api.w.org\/{rel}","templated":true}]}}