{"id":612458,"date":"2025-12-20T21:08:14","date_gmt":"2025-12-20T21:08:14","guid":{"rendered":"https:\/\/www.europesays.com\/fr\/612458\/"},"modified":"2025-12-20T21:08:14","modified_gmt":"2025-12-20T21:08:14","slug":"lignes-k-p-rer-loffre-de-transport-renforcee-en-seine-et-marne","status":"publish","type":"post","link":"https:\/\/www.europesays.com\/fr\/612458\/","title":{"rendered":"Lignes K, P, RER&#8230; l&rsquo;offre de transport renforc\u00e9e en Seine-et-Marne"},"content":{"rendered":"<p>                    Par<br \/>\n        <strong><br \/>\n            <a href=\"https:\/\/actu.fr\/auteur\/audrey-gruaz\" title=\"Consulter tous les articles de Audrey Gruaz\" target=\"_blank\" rel=\"noopener\">Audrey Gruaz<\/a><br \/>\n                    <\/strong><\/p>\n<p>        Publi\u00e9 le<\/p>\n<p>            20 d\u00e9c. 2025 \u00e0 18h31        <\/p>\n<p>Les voyageurs les plus attentifs l\u2019auront s\u00fbrement remarqu\u00e9 :<b> Ile-de-France Mobilit\u00e9s<\/b> a modifi\u00e9 son<b> offre de transports<\/b> sur plusieurs lignes avec comme objectif \u00ab d\u2019assurer des conditions de transports optimales pour les voyageurs, notamment en heure de pointe \u00bb, assure Ile-de-France Mobilit\u00e9s. On fait le point en <a href=\"https:\/\/actu.fr\/ile-de-france\/seine-et-marne_77\" target=\"_blank\" rel=\"noopener\">Seine-et-Marne<\/a>.<\/p>\n<p class=\" wall-content\">M\u00eame si la SNCF \u00e9voque que ces changements interviennent dans le cadre de son plan de Service annuel 2026, les modifications sont effectives depuis le 14 d\u00e9cembre 2025.<\/p>\n<p>Quels changements en Seine-et-Marne ?<\/p>\n<p class=\" wall-content\">Sur <b>la ligne K<\/b>, tout au nord du d\u00e9partement, <b>deux trains suppl\u00e9mentaires <\/b>sont ajout\u00e9s de Cr\u00e9py-en-Valois vers Paris l\u2019apr\u00e8s-midi. Ils quittent d\u00e9sormais l\u2019Oise \u00e0 16h42 et 18h42.<\/p>\n<p class=\" wall-content\">Sur la <a href=\"https:\/\/actu.fr\/tag\/ligne-p\" target=\"_blank\" rel=\"noopener\">ligne P<\/a>, des comptages ont \u00e9t\u00e9 r\u00e9alis\u00e9s entre d\u00e9cembre\u00a02024 et mars\u00a02025. Ils ont montr\u00e9 \u00ab un<b> remplissage important<\/b> des trains entre <b>Paris et Tournan<\/b> l\u2019apr\u00e8s-midi \u00bb, commente IDFM. Pour am\u00e9liorer la qualit\u00e9 de transport des voyageurs, <b>trois trains sont d\u00e9sormais pass\u00e9s en unit\u00e9 multiplie<\/b>, c\u2019est-\u00e0-dire avec deux rames accol\u00e9es. Il s\u2019agit du <b>14h17 entre Paris et Coulommiers<\/b>, du <b>15h38 entre Coulommiers et Paris<\/b> et du <b>16h59 entre Paris et Coulommiers<\/b>.<\/p>\n<p class=\" wall-content\">A l\u2019inverse, le train Paris entre Coulommiers de <b>16h12 passe en unit\u00e9 simple<\/b>, au vu du trafic.<\/p>\n<p>Vid\u00e9os : en ce moment sur ActuDes mesures sp\u00e9cifiques pour le RER B<\/p>\n<p class=\" wall-content\">Le <a href=\"https:\/\/actu.fr\/tag\/rer-b\" target=\"_blank\" rel=\"noopener\">RER B<\/a> est l\u2019une des lignes <b>les plus \u00ab fragiles \u00bb du r\u00e9seau<\/b>, m\u00eame si Ile-de-France Mobilit\u00e9s souligne que sa ponctualit\u00e9 s\u2019am\u00e9liore depuis 2023. Pour poursuivre cette am\u00e9lioration, IDFM a d\u00e9cid\u00e9 de financer la mise en place ou la p\u00e9rennisation de mesures pour \u00ab am\u00e9liorer la robustesse \u00bb du RER B, \u00e0 hauteur de <b>2,6\u00a0millions d\u2019euros.<\/b><\/p>\n<p class=\" wall-content\">Ces mesures concernent des \u00ab <b>renforts sur les quais<\/b> pour r\u00e9guler les flux \u00e0 Gare du Nord ou Ch\u00e2telet-les-Halles, mais \u00e9galement les week-ends dans le centre de commandement unique de la ligne \u00bb, indique Ile-de-France Mobilit\u00e9s. La structure r\u00e9gulatrice des transports pr\u00e9voit \u00e9galement des <b>conducteurs de r\u00e9serve<\/b> sur les gares du nord de la ligne et <b>l\u2019augmentation des capacit\u00e9s de d\u00e9pannage \u00e0 Mitry \u2013 Claye.<\/b><\/p>\n<p class=\" wall-content\">Personnalisez votre actualit\u00e9 en ajoutant vos villes et m\u00e9dias en favori avec <a href=\"https:\/\/moncompte.actu.fr\" title=\"D\u00e9couvez Mon Actu\" rel=\"nofollow noopener\" data-trk=\"{&quot;cta&quot;:{&quot;action&quot;:&quot;https:\\\/\\\/moncompte.actu.fr&quot;,&quot;category&quot;:&quot;mon compte&quot;,&quot;from&quot;:&quot;article footer&quot;,&quot;name&quot;:&quot;Mon actu&quot;,&quot;type&quot;:&quot;cta&quot;}}\" target=\"_blank\">Mon Actu<\/a>.<\/p>\n","protected":false},"excerpt":{"rendered":"Par Audrey Gruaz Publi\u00e9 le 20 d\u00e9c. 2025 \u00e0 18h31 Les voyageurs les plus attentifs l\u2019auront s\u00fbrement remarqu\u00e9&hellip;\n","protected":false},"author":2,"featured_media":612459,"comment_status":"","ping_status":"","sticky":false,"template":"","format":"standard","meta":{"footnotes":""},"categories":[1592],"tags":[1111,11,1777,674,1011,27,662,49693,12,626,25,17235,104],"class_list":{"0":"post-612458","1":"post","2":"type-post","3":"status-publish","4":"format-standard","5":"has-post-thumbnail","7":"category-ile-de-france","8":"tag-actu","9":"tag-actualites","10":"tag-eu","11":"tag-europe","12":"tag-fr","13":"tag-france","14":"tag-ile-de-france","15":"tag-ligne-p","16":"tag-news","17":"tag-paris","18":"tag-republique-francaise","19":"tag-rer-b","20":"tag-societe"},"share_on_mastodon":{"url":"","error":""},"_links":{"self":[{"href":"https:\/\/www.europesays.com\/fr\/wp-json\/wp\/v2\/posts\/612458","targetHints":{"allow":["GET"]}}],"collection":[{"href":"https:\/\/www.europesays.com\/fr\/wp-json\/wp\/v2\/posts"}],"about":[{"href":"https:\/\/www.europesays.com\/fr\/wp-json\/wp\/v2\/types\/post"}],"author":[{"embeddable":true,"href":"https:\/\/www.europesays.com\/fr\/wp-json\/wp\/v2\/users\/2"}],"replies":[{"embeddable":true,"href":"https:\/\/www.europesays.com\/fr\/wp-json\/wp\/v2\/comments?post=612458"}],"version-history":[{"count":0,"href":"https:\/\/www.europesays.com\/fr\/wp-json\/wp\/v2\/posts\/612458\/revisions"}],"wp:featuredmedia":[{"embeddable":true,"href":"https:\/\/www.europesays.com\/fr\/wp-json\/wp\/v2\/media\/612459"}],"wp:attachment":[{"href":"https:\/\/www.europesays.com\/fr\/wp-json\/wp\/v2\/media?parent=612458"}],"wp:term":[{"taxonomy":"category","embeddable":true,"href":"https:\/\/www.europesays.com\/fr\/wp-json\/wp\/v2\/categories?post=612458"},{"taxonomy":"post_tag","embeddable":true,"href":"https:\/\/www.europesays.com\/fr\/wp-json\/wp\/v2\/tags?post=612458"}],"curies":[{"name":"wp","href":"https:\/\/api.w.org\/{rel}","templated":true}]}}