{"id":61246,"date":"2025-04-29T07:36:08","date_gmt":"2025-04-29T07:36:08","guid":{"rendered":"https:\/\/www.europesays.com\/fr\/61246\/"},"modified":"2025-04-29T07:36:08","modified_gmt":"2025-04-29T07:36:08","slug":"cet-habitant-de-loire-atlantique-est-accuse-davoir-viole-lune-de-ses-belles-filles-deux-jours-de-proces","status":"publish","type":"post","link":"https:\/\/www.europesays.com\/fr\/61246\/","title":{"rendered":"Cet habitant de Loire-Atlantique est accus\u00e9 d&rsquo;avoir viol\u00e9 l&rsquo;une de ses belles-filles : deux jours de proc\u00e8s"},"content":{"rendered":"<p>            Par<br \/>\n        <strong><br \/>\n            <a href=\"https:\/\/actu.fr\/auteur\/journaliste-sm\" title=\"Consulter tous les articles de R\u00e9daction Clisson\" target=\"_blank\" rel=\"noopener\">R\u00e9daction Clisson<\/a><br \/>\n        <\/strong><\/p>\n<p>        Publi\u00e9 le<\/p>\n<p>            29 avr. 2025 \u00e0 8h24        <\/p>\n<p>Le proc\u00e8s s\u2019ouvre <b>ce mardi 29 avril, <\/b>\u00e0 <b>Nantes, <\/b>et se tient sur deux jours. <b>L\u2019homme jug\u00e9 est en d\u00e9tention provisoire depuis le 2 mars 2022<\/b>, malgr\u00e9 ses demandes de remise en libert\u00e9.<\/p>\n<p class=\" wall-content\"><b>Le \u00ab risque de pressions \u00bb sur l\u2019adolescente et les t\u00e9moins<\/b> a en effet emp\u00each\u00e9 la remise en libert\u00e9 de ce salari\u00e9 du b\u00e2timent qui l\u2019a demand\u00e9e en d\u00e9cembre 2024 devant la chambre de l\u2019instruction de la cour d\u2019appel de Rennes. L\u2019homme de 53 ans est <b>mis en examen pour \u00ab viol incestueux sur mineur de 15 ans \u00bb<\/b>, mais aussi<b> \u00ab agressions sexuelles incestueuses \u00bb<\/b> et <b>\u00ab abus de faiblesse \u00bb.\u00a0<\/b><\/p>\n<p class=\" wall-content\">Les faits auraient \u00e9t\u00e9 <b>commis entre\u00a02011 et\u00a02021 sur l\u2019une de ses belles-filles \u00e2g\u00e9e de \u00ab moins de quinze ans \u00bb<\/b> \u00e0 l\u2019\u00e9poque des faits. En th\u00e9orie, il aurait d\u00fb \u00eatre jug\u00e9 avant le 22 d\u00e9cembre 2024 mais les \u00ab circonstances insurmontables \u00bb des juridictions criminelles nantaises et le \u00ab stock de dossiers \u00bb toujours pas trait\u00e9s \u00e0 ce jour, n\u2019ont pas permis de tenir le d\u00e9lai de \u00ab six mois \u00bb impos\u00e9 par la loi.<\/p>\n<p>L\u2019objet d\u2019un rapport pendant sa d\u00e9tention<\/p>\n<blockquote class=\"ac-article-quote wall-content\">\n<p>Si les faits sont reconnus, ils s\u2019inscrivent dans une relation perverse bien sp\u00e9cifique et dangereuse vis-\u00e0-vis de la jeune fille.<\/p>\n<p>L\u2019expert psychiatre.<\/p><\/blockquote>\n<p class=\" wall-content\">Un psychologue a pour sa part not\u00e9 sa <b>\u00ab personnalit\u00e9 parfaitement inflexible \u00bb :<\/b> il pouvait \u00ab bannir des membres de sa famille \u00bb et ne ressentait \u00ab aucune culpabilit\u00e9 ni compassion \u00bb \u00e0 l\u2019\u00e9gard de sa belle-fille.<\/p>\n<p class=\" wall-content\">Mais l\u2019enqu\u00eate de personnalit\u00e9 d\u00e9crit aussi <b>cet homme comme quelqu\u2019un de \u00ab g\u00e9n\u00e9reux \u00bb, \u00ab gentil \u00bb et \u00ab agr\u00e9able \u00bb<\/b>, avait temp\u00e9r\u00e9 la pr\u00e9sidente de la chambre de l\u2019instruction, en d\u00e9cembre 2024, en pr\u00e9sence de l\u2019int\u00e9ress\u00e9 mais sans celle de son avocat.<\/p>\n<p class=\" wall-content\">Un \u00ab incident \u00bb a toutefois \u00e9maill\u00e9 sa d\u00e9tention :<b> le centre p\u00e9nitentiaire de Nantes avait d\u00fb \u00ab faire un rapport \u00bb en juillet 2022 apr\u00e8s qu\u2019un surveillant l\u2019a vu \u00ab embrasser \u00bb une autre de ses belles-filles <\/b>\u00ab langoureusement \u00bb\u2026 Son autorisation de parloir avait donc \u00e9t\u00e9 suspendue. \u00ab<\/p>\n<blockquote class=\"ac-article-quote wall-content\">\n<p>Je vis un enfer depuis trente-trois mois et je ne tiens plus.<\/p>\n<p>L\u2019int\u00e9ress\u00e9 lors de son audience \u00e0 Rennes.\u00a0<\/p><\/blockquote>\n<p class=\" wall-content\">Il avait dit <b>souhait\u00e9 seulement \u00ab retrouver \u00bb sa famille et vivre chez sa \u00ab\u00a0femme\u00a0\u00bb <\/b>ou chez son \u00ab beau-fils \u00bb. Mais la chambre de l\u2019instruction de la cour d\u2019appel de Rennes l\u2019avait maintenu en d\u00e9tention \u00ab provisoire \u00bb jusqu\u2019\u00e0 son proc\u00e8s.<\/p>\n<p class=\" wall-content\">Suivez toute l\u2019actualit\u00e9 de vos villes et m\u00e9dias favoris en vous inscrivant \u00e0 <a href=\"https:\/\/moncompte.actu.fr\" title=\"D\u00e9couvez Mon Actu\" rel=\"nofollow noopener\" data-trk=\"{&quot;cta&quot;:{&quot;action&quot;:&quot;https:\\\/\\\/moncompte.actu.fr&quot;,&quot;category&quot;:&quot;mon compte&quot;,&quot;from&quot;:&quot;article footer&quot;,&quot;name&quot;:&quot;Mon actu&quot;,&quot;type&quot;:&quot;cta&quot;}}\" target=\"_blank\">Mon Actu<\/a>.<\/p>\n","protected":false},"excerpt":{"rendered":"Par R\u00e9daction Clisson Publi\u00e9 le 29 avr. 2025 \u00e0 8h24 Le proc\u00e8s s\u2019ouvre ce mardi 29 avril, \u00e0&hellip;\n","protected":false},"author":2,"featured_media":61247,"comment_status":"","ping_status":"","sticky":false,"template":"","format":"standard","meta":{"footnotes":""},"categories":[2818],"tags":[1111,11,1777,674,1011,27,303,766,12,2636,25,104,2900,799],"class_list":{"0":"post-61246","1":"post","2":"type-post","3":"status-publish","4":"format-standard","5":"has-post-thumbnail","7":"category-nantes","8":"tag-actu","9":"tag-actualites","10":"tag-eu","11":"tag-europe","12":"tag-fr","13":"tag-france","14":"tag-justice","15":"tag-nantes","16":"tag-news","17":"tag-pays-de-la-loire","18":"tag-republique-francaise","19":"tag-societe","20":"tag-vignoble-nantais","21":"tag-violences-sexuelles"},"share_on_mastodon":{"url":"https:\/\/pubeurope.com\/@fr\/114420107447760393","error":""},"_links":{"self":[{"href":"https:\/\/www.europesays.com\/fr\/wp-json\/wp\/v2\/posts\/61246","targetHints":{"allow":["GET"]}}],"collection":[{"href":"https:\/\/www.europesays.com\/fr\/wp-json\/wp\/v2\/posts"}],"about":[{"href":"https:\/\/www.europesays.com\/fr\/wp-json\/wp\/v2\/types\/post"}],"author":[{"embeddable":true,"href":"https:\/\/www.europesays.com\/fr\/wp-json\/wp\/v2\/users\/2"}],"replies":[{"embeddable":true,"href":"https:\/\/www.europesays.com\/fr\/wp-json\/wp\/v2\/comments?post=61246"}],"version-history":[{"count":0,"href":"https:\/\/www.europesays.com\/fr\/wp-json\/wp\/v2\/posts\/61246\/revisions"}],"wp:featuredmedia":[{"embeddable":true,"href":"https:\/\/www.europesays.com\/fr\/wp-json\/wp\/v2\/media\/61247"}],"wp:attachment":[{"href":"https:\/\/www.europesays.com\/fr\/wp-json\/wp\/v2\/media?parent=61246"}],"wp:term":[{"taxonomy":"category","embeddable":true,"href":"https:\/\/www.europesays.com\/fr\/wp-json\/wp\/v2\/categories?post=61246"},{"taxonomy":"post_tag","embeddable":true,"href":"https:\/\/www.europesays.com\/fr\/wp-json\/wp\/v2\/tags?post=61246"}],"curies":[{"name":"wp","href":"https:\/\/api.w.org\/{rel}","templated":true}]}}