{"id":612460,"date":"2025-12-20T21:09:13","date_gmt":"2025-12-20T21:09:13","guid":{"rendered":"https:\/\/www.europesays.com\/fr\/612460\/"},"modified":"2025-12-20T21:09:13","modified_gmt":"2025-12-20T21:09:13","slug":"deux-palestiniens-tues-par-balle-par-larmee-israelienne","status":"publish","type":"post","link":"https:\/\/www.europesays.com\/fr\/612460\/","title":{"rendered":"deux Palestiniens tu\u00e9s par balle par l\u2019arm\u00e9e isra\u00e9lienne"},"content":{"rendered":"\n<p class=\"article__paragraph  \">L\u2019arm\u00e9e isra\u00e9lienne a annonc\u00e9, samedi 20\u00a0d\u00e9cembre, avoir tu\u00e9 deux Palestiniens dans le nord de la Cisjordanie, disant que l\u2019un avait lanc\u00e9 une brique et l\u2019autre un \u00ab\u00a0explosif\u00a0\u00bb sur des soldats. Dans la localit\u00e9 de Qabatiya, au sud de J\u00e9nine, un adolescent de 16\u00a0ans a succomb\u00e9 \u00ab\u00a0\u00e0 sa blessure caus\u00e9e par une balle des forces de l\u2019occupation isra\u00e9lienne\u00a0\u00bb a indiqu\u00e9 <a href=\"https:\/\/french.wafa.ps\/Pages\/Details\/239414\" target=\"_blank\" rel=\"noopener\" title=\"Nouvelle fen\u00eatre\">l\u2019agence de presse palestinienne officielle Wafa<\/a>, citant le minist\u00e8re de la sant\u00e9 palestinien. Plus t\u00f4t, l\u2019agence avait indiqu\u00e9 que les forces isra\u00e9liennes avaient p\u00e9n\u00e9tr\u00e9 dans le village et s\u2019y \u00e9taient d\u00e9ploy\u00e9es.<\/p>\n<p class=\"article__paragraph  \">L\u2019arm\u00e9e isra\u00e9lienne a de son c\u00f4t\u00e9 fait \u00e9tat dans un communiqu\u00e9 d\u2019une op\u00e9ration dans la r\u00e9gion de Qabatiya, o\u00f9 \u00ab\u00a0un terroriste a jet\u00e9 une brique en direction des soldats, qui ont r\u00e9pliqu\u00e9 en ouvrant le feu et ont \u00e9limin\u00e9 le terroriste\u00a0\u00bb. \u00ab\u00a0Simultan\u00e9ment\u00a0\u00bb, poursuit l\u2019arm\u00e9e, dans une autre op\u00e9ration dans la r\u00e9gion de Silat al-Harithiya, \u00e0 l\u2019ouest de J\u00e9nine, \u00ab\u00a0un terroriste a lanc\u00e9 un explosif en direction des soldats, qui ont r\u00e9pliqu\u00e9 en ouvrant le feu et ont \u00e9limin\u00e9 le terroriste.\u00a0\u00bb<\/p>\n<p class=\"article__paragraph  \">L\u2019agence Wafa a indiqu\u00e9 que le jeune homme de 22\u00a0ans avait \u00e9t\u00e9 tu\u00e9 \u00ab\u00a0d\u2019une balle dans la poitrine, lors d\u2019un raid des forces d\u2019occupation sur la localit\u00e9\u00a0\u00bb. \u00ab\u00a0Dans les deux incidents\u00a0\u00bb, il n\u2019a \u00e9t\u00e9 rapport\u00e9 aucun bless\u00e9 parmi les soldats, pr\u00e9cise le communiqu\u00e9 de l\u2019arm\u00e9e isra\u00e9lienne.<\/p>\n<p class=\"article__paragraph  \">Isra\u00ebl occupe la Cisjordanie depuis 1967. Les violences dans ce territoire palestinien ont explos\u00e9 depuis le d\u00e9but de la guerre de Gaza d\u00e9clench\u00e9e par l\u2019attaque du mouvement islamiste palestinien Hamas sur Isra\u00ebl le 7\u00a0octobre\u00a02023. Elles n\u2019ont pas cess\u00e9 malgr\u00e9 la tr\u00eave fragile entr\u00e9e en vigueur en octobre dans la bande de Gaza.<\/p>\n<p>                                       Lire aussi |  Article r\u00e9serv\u00e9 \u00e0 nos abonn\u00e9s  <a href=\"https:\/\/www.lemonde.fr\/international\/article\/2025\/12\/10\/israel-impose-un-regime-de-terreur-en-cisjordanie_6656784_3210.html\" class=\"js-article-read-also catcher--favoris__link\" data-premium=\"1\" id=\"article-title-3449560\" target=\"_blank\" rel=\"noopener\">Les m\u00e9thodes d\u2019Isra\u00ebl pour imposer un r\u00e9gime de terreur in\u00e9dit en Cisjordanie<\/a>    <\/p>\n<p>   Lire plus tard  <\/p>\n<p class=\"article__paragraph  \">Depuis le 7-Octobre, plus d\u2019un millier de Palestiniens, parmi lesquels de nombreux combattants, mais aussi beaucoup de civils, ont \u00e9t\u00e9 tu\u00e9s en Cisjordanie par des soldats ou des colons isra\u00e9liens, selon un d\u00e9compte de l\u2019Agence France-Presse (AFP) \u00e9tabli \u00e0 partir de donn\u00e9es de l\u2019Autorit\u00e9 palestinienne. Dans le m\u00eame temps, selon des donn\u00e9es officielles isra\u00e9liennes, au moins 44 Isra\u00e9liens, parmi lesquels des civils et des soldats, y ont \u00e9t\u00e9 tu\u00e9s dans des attaques palestiniennes ou lors de raids militaires isra\u00e9liens.<\/p>\n<p class=\"author__detail\">  Le Monde avec AFP  <\/p>\n<p>                <a href=\"https:\/\/www.lemonde.fr\/syndication\/\" class=\"reuse__content\" title=\"R\u00e9utiliser ce contenu\" target=\"_blank\" rel=\"noopener\">R\u00e9utiliser ce contenu<\/a>      <\/p>\n","protected":false},"excerpt":{"rendered":"L\u2019arm\u00e9e isra\u00e9lienne a annonc\u00e9, samedi 20\u00a0d\u00e9cembre, avoir tu\u00e9 deux Palestiniens dans le nord de la Cisjordanie, disant que&hellip;\n","protected":false},"author":2,"featured_media":612461,"comment_status":"","ping_status":"","sticky":false,"template":"","format":"standard","meta":{"footnotes":""},"categories":[1888],"tags":[1111,1928,11,1927,1777,674,1011,27,12,1926,626,1925,25],"class_list":{"0":"post-612460","1":"post","2":"type-post","3":"status-publish","4":"format-standard","5":"has-post-thumbnail","7":"category-paris","8":"tag-actu","9":"tag-actu-paris","10":"tag-actualites","11":"tag-actualites-paris","12":"tag-eu","13":"tag-europe","14":"tag-fr","15":"tag-france","16":"tag-news","17":"tag-news-paris","18":"tag-paris","19":"tag-paris-news","20":"tag-republique-francaise"},"share_on_mastodon":{"url":"https:\/\/pubeurope.com\/@fr\/115753947285065298","error":""},"_links":{"self":[{"href":"https:\/\/www.europesays.com\/fr\/wp-json\/wp\/v2\/posts\/612460","targetHints":{"allow":["GET"]}}],"collection":[{"href":"https:\/\/www.europesays.com\/fr\/wp-json\/wp\/v2\/posts"}],"about":[{"href":"https:\/\/www.europesays.com\/fr\/wp-json\/wp\/v2\/types\/post"}],"author":[{"embeddable":true,"href":"https:\/\/www.europesays.com\/fr\/wp-json\/wp\/v2\/users\/2"}],"replies":[{"embeddable":true,"href":"https:\/\/www.europesays.com\/fr\/wp-json\/wp\/v2\/comments?post=612460"}],"version-history":[{"count":0,"href":"https:\/\/www.europesays.com\/fr\/wp-json\/wp\/v2\/posts\/612460\/revisions"}],"wp:featuredmedia":[{"embeddable":true,"href":"https:\/\/www.europesays.com\/fr\/wp-json\/wp\/v2\/media\/612461"}],"wp:attachment":[{"href":"https:\/\/www.europesays.com\/fr\/wp-json\/wp\/v2\/media?parent=612460"}],"wp:term":[{"taxonomy":"category","embeddable":true,"href":"https:\/\/www.europesays.com\/fr\/wp-json\/wp\/v2\/categories?post=612460"},{"taxonomy":"post_tag","embeddable":true,"href":"https:\/\/www.europesays.com\/fr\/wp-json\/wp\/v2\/tags?post=612460"}],"curies":[{"name":"wp","href":"https:\/\/api.w.org\/{rel}","templated":true}]}}