{"id":612468,"date":"2025-12-20T21:14:13","date_gmt":"2025-12-20T21:14:13","guid":{"rendered":"https:\/\/www.europesays.com\/fr\/612468\/"},"modified":"2025-12-20T21:14:13","modified_gmt":"2025-12-20T21:14:13","slug":"le-ministre-russe-lavrov-affirme-que-la-securite-est-une-condition-essentielle-au-developpement-de-lafrique","status":"publish","type":"post","link":"https:\/\/www.europesays.com\/fr\/612468\/","title":{"rendered":"Le ministre russe Lavrov affirme que la s\u00e9curit\u00e9 est une condition essentielle au d\u00e9veloppement de l&rsquo;Afrique"},"content":{"rendered":"<p>AA \/ Moscou \/ Elena Teslova<\/p>\n<p>Le ministre russe des Affaires \u00e9trang\u00e8res, Sergue\u00ef Lavrov, a d\u00e9clar\u00e9 samedi que le renforcement de la paix et de la s\u00e9curit\u00e9 en Afrique \u00e9tait une condition essentielle pour assurer le d\u00e9veloppement progressif et durable du continent et un \u00e9l\u00e9ment important pour maintenir la stabilit\u00e9 mondiale.<\/p>\n<p>S&rsquo;exprimant lors de la deuxi\u00e8me conf\u00e9rence minist\u00e9rielle du Forum de partenariat Russie-Afrique au Caire, la capitale \u00e9gyptienne, Lavrov a soulign\u00e9 l&rsquo;engagement de la Russie \u00e0 soutenir les pays africains \u00e0 cet \u00e9gard.<\/p>\n<p>\u00ab Nous accordons une grande importance aux questions relatives au renforcement de la paix et de la s\u00e9curit\u00e9 sur le continent africain. Il s&rsquo;agit d&rsquo;une condition essentielle pour garantir un d\u00e9veloppement socio-\u00e9conomique progressif et durable et d&rsquo;un \u00e9l\u00e9ment important pour le maintien de la stabilit\u00e9 mondiale \u00bb, a-t-il d\u00e9clar\u00e9.<\/p>\n<p>Lavrov a not\u00e9 que Moscou fournissait une assistance aux pays africains pour le d\u00e9minage et la neutralisation des engins explosifs improvis\u00e9s, et qu&rsquo;elle d\u00e9veloppait des programmes de formation professionnelle destin\u00e9s au personnel militaire et aux forces de l&rsquo;ordre.<\/p>\n<p>\u00ab Nous pensons qu&rsquo;il est important de traduire en termes pratiques la d\u00e9cision prise lors du deuxi\u00e8me sommet Russie-Afrique d&rsquo;\u00e9tablir un m\u00e9canisme permanent de dialogue russo-africain au plus haut niveau afin de coordonner tous les efforts dans le domaine de la s\u00e9curit\u00e9 \u00bb, a-t-il ajout\u00e9.<\/p>\n<p>Le haut diplomate russe a soulign\u00e9 que la r\u00e9solution durable des conflits en Afrique passe par la prise en compte de leurs causes profondes, \u00ab qui trouvent leur origine dans l&rsquo;h\u00e9ritage du colonialisme occidental \u00bb.<\/p>\n<p>Il a critiqu\u00e9 le syst\u00e8me colonial pour avoir \u00ab viol\u00e9 la trajectoire historique naturelle des peuples africains, trac\u00e9 arbitrairement des fronti\u00e8res et \u00e9tabli un ordre \u00e9conomique orient\u00e9 vers les int\u00e9r\u00eats des m\u00e9tropoles occidentales \u00bb. \u00ab<\/p>\n<p>Malheureusement, diverses formes de n\u00e9ocolonialisme persistent encore aujourd&rsquo;hui. Nous sommes pr\u00eats \u00e0 agir de concert avec nos partenaires africains pour les \u00e9radiquer, notamment en \u00e9laborant des instruments juridiques permettant d&rsquo;\u00e9valuer et d&rsquo;indemniser les dommages caus\u00e9s pendant la p\u00e9riode coloniale \u00bb, a d\u00e9clar\u00e9 Lavrov.<\/p>\n<p>Selon lui, le monde assiste au \u00ab deuxi\u00e8me r\u00e9veil \u00bb de l&rsquo;Afrique et \u00e0 la consolidation de son autorit\u00e9 internationale.<\/p>\n<p>Le ministre des Affaires \u00e9trang\u00e8res a \u00e9galement soulign\u00e9 la croissance du commerce bilat\u00e9ral, notant que la coop\u00e9ration \u00e9conomique se renforce.<\/p>\n<p>\u00ab L&rsquo;ann\u00e9e derni\u00e8re, le chiffre d&rsquo;affaires commercial a augment\u00e9 de 13 %, atteignant 28 milliards de dollars. Je suis convaincu que cela est loin d&rsquo;\u00eatre une limite. Nous sommes d\u00e9termin\u00e9s \u00e0 continuer \u00e0 exploiter le vaste potentiel de notre coop\u00e9ration pratique \u00bb, a-t-il conclu.<\/p>\n<p>*Traduit de l\u2019anglais par Ayse Bashoruz<\/p>\n<p>                            &#13;<br \/>\n                                <a href=\"https:\/\/www.aa.com.tr\/fr\/p\/abonnement\/1001\" target=\"_blank\" style=\"font-size:12px; color:#444; text-decoration:none;\" rel=\"noopener\">&#13;<br \/>\n                                    Seulement une partie des d\u00e9p\u00eaches, que l&rsquo;Agence Anadolu diffuse \u00e0 ses abonn\u00e9s via le Syst\u00e8me de Diffusion interne (HAS), est diffus\u00e9e sur le site de l&rsquo;AA, de mani\u00e8re r\u00e9sum\u00e9e. <b style=\"color:#1897F7\">Contactez-nous s&rsquo;il vous pla\u00eet pour vous abonner.<\/b>&#13;<br \/>\n                                <\/a>&#13;<\/p>\n","protected":false},"excerpt":{"rendered":"AA \/ Moscou \/ Elena Teslova Le ministre russe des Affaires \u00e9trang\u00e8res, Sergue\u00ef Lavrov, a d\u00e9clar\u00e9 samedi que&hellip;\n","protected":false},"author":2,"featured_media":612469,"comment_status":"","ping_status":"","sticky":false,"template":"","format":"standard","meta":{"footnotes":""},"categories":[1591],"tags":[11,879,1785,1887,12,1885,1886,132,8746,1135],"class_list":{"0":"post-612468","1":"post","2":"type-post","3":"status-publish","4":"format-standard","5":"has-post-thumbnail","7":"category-russie","8":"tag-actualites","9":"tag-afrique","10":"tag-anadolu-ajansi","11":"tag-federation-de-russie","12":"tag-news","13":"tag-russia","14":"tag-russian-federation","15":"tag-russie","16":"tag-russie-afrique","17":"tag-serguei-lavrov"},"share_on_mastodon":{"url":"https:\/\/pubeurope.com\/@fr\/115753966920417772","error":""},"_links":{"self":[{"href":"https:\/\/www.europesays.com\/fr\/wp-json\/wp\/v2\/posts\/612468","targetHints":{"allow":["GET"]}}],"collection":[{"href":"https:\/\/www.europesays.com\/fr\/wp-json\/wp\/v2\/posts"}],"about":[{"href":"https:\/\/www.europesays.com\/fr\/wp-json\/wp\/v2\/types\/post"}],"author":[{"embeddable":true,"href":"https:\/\/www.europesays.com\/fr\/wp-json\/wp\/v2\/users\/2"}],"replies":[{"embeddable":true,"href":"https:\/\/www.europesays.com\/fr\/wp-json\/wp\/v2\/comments?post=612468"}],"version-history":[{"count":0,"href":"https:\/\/www.europesays.com\/fr\/wp-json\/wp\/v2\/posts\/612468\/revisions"}],"wp:featuredmedia":[{"embeddable":true,"href":"https:\/\/www.europesays.com\/fr\/wp-json\/wp\/v2\/media\/612469"}],"wp:attachment":[{"href":"https:\/\/www.europesays.com\/fr\/wp-json\/wp\/v2\/media?parent=612468"}],"wp:term":[{"taxonomy":"category","embeddable":true,"href":"https:\/\/www.europesays.com\/fr\/wp-json\/wp\/v2\/categories?post=612468"},{"taxonomy":"post_tag","embeddable":true,"href":"https:\/\/www.europesays.com\/fr\/wp-json\/wp\/v2\/tags?post=612468"}],"curies":[{"name":"wp","href":"https:\/\/api.w.org\/{rel}","templated":true}]}}