{"id":612470,"date":"2025-12-20T21:15:39","date_gmt":"2025-12-20T21:15:39","guid":{"rendered":"https:\/\/www.europesays.com\/fr\/612470\/"},"modified":"2025-12-20T21:15:39","modified_gmt":"2025-12-20T21:15:39","slug":"guerre-en-ukraine-russes-et-ukrainiens-se-retrouvent-a-miami-pour-parler-de-paix","status":"publish","type":"post","link":"https:\/\/www.europesays.com\/fr\/612470\/","title":{"rendered":"Guerre en Ukraine : Russes et Ukrainiens se retrouvent \u00e0 Miami pour parler de paix"},"content":{"rendered":"<p class=\"mb-4 text-lg md:leading-8 break-words\"><strong>r\u00e9cap &#8211; \u00ab\u00a020 Minutes\u00a0\u00bb fait le point pour vous tous les soirs sur le conflit en Ukraine. Ce samedi, alors que la Russie a bombard\u00e9 Odessa, la paix se joue peut-\u00eatre \u00e0 Miami o\u00f9 Russes et Ukrainiens sont convi\u00e9s par Donald Trump<\/strong><\/p>\n<p class=\"mb-4 text-lg md:leading-8 break-words\">Vous avez rat\u00e9 les derniers \u00e9v\u00e9nements sur la <a href=\"https:\/\/www.20minutes.fr\/monde\/ukraine\/?at_medium=RSS%20feed&amp;at_campaign=ynews&amp;utm_source=yahoo&amp;utm_medium=rss&amp;utm_campaign=news_feed&amp;utm_content=in_article_link\" rel=\"nofollow noopener\" target=\"_blank\" data-ylk=\"slk:guerre en Ukraine;elm:context_link;itc:0;sec:content-canvas\" class=\"link \">guerre en Ukraine<\/a>\u00a0? 20 Minutes fait le point pour vous tous les soirs. Voici l\u2019essentiel de ce samedi 20\u00a0d\u00e9cembre, au 1.396e jour du conflit.<\/p>\n<p>Le fait du jour<\/p>\n<p class=\"mb-4 text-lg md:leading-8 break-words\">La Russie a poursuivi samedi <a href=\"https:\/\/www.20minutes.fr\/monde\/ukraine\/4192315-20251219-direct-guerre-ukraine-macron-juge-va-redevenir-utile-parler-poutine?at_medium=RSS%20feed&amp;at_campaign=ynews&amp;utm_source=yahoo&amp;utm_medium=rss&amp;utm_campaign=news_feed&amp;utm_content=in_article_link\" rel=\"nofollow noopener\" target=\"_blank\" data-ylk=\"slk:ses frappes sur Odessa;elm:context_link;itc:0;sec:content-canvas\" class=\"link \">ses frappes sur Odessa<\/a> et les infrastructures de sa r\u00e9gion, dans le sud de l\u2019Ukraine, provoquant un important incendie dans le plus grand terminal d\u2019huile v\u00e9g\u00e9tale du pays dont au moins un employ\u00e9 a p\u00e9ri.<\/p>\n<p class=\"mb-4 text-lg md:leading-8 break-words\">Des images envoy\u00e9es \u00e0 l\u2019AFP montrent des pompiers face \u00e0 d\u2019immenses flammes et \u00e0 une \u00e9paisse fum\u00e9e noire enveloppant d\u2019\u00e9normes citernes. \u00ab\u00a0La Russie tente \u00e0 nouveau de restreindre les acc\u00e8s de l\u2019Ukraine \u00e0 la mer et de bloquer nos r\u00e9gions c\u00f4ti\u00e8res\u00a0\u00bb, a d\u00e9nonc\u00e9 samedi le pr\u00e9sident ukrainien Volodymyr Zelensky. \u00ab\u00a0Des centaines de tonnes d\u2019huile de tournesol\u00a0\u00bb ont \u00e9t\u00e9 perdues dans cet incendie selon Kiev, qui affirme qu\u2019il s\u2019agit de la cinqui\u00e8me frappe, et de la plus destructrice, depuis le d\u00e9but de l\u2019invasion russe en f\u00e9vrier\u00a02022.<\/p>\n<p class=\"mb-4 text-lg md:leading-8 break-words\">Moscou avait pr\u00e9venu d\u2019une intensification des attaques sur les ports ukrainiens en repr\u00e9sailles aux frappes de Kiev qui se sont multipli\u00e9es contre les p\u00e9troliers de la \u00ab\u00a0flotte fant\u00f4me\u00a0\u00bb russe.<\/p>\n<p class=\"mb-4 text-lg md:leading-8 break-words\">Vendredi, huit personnes avaient \u00e9t\u00e9 tu\u00e9es par un missile balistique qui s\u2019\u00e9tait abattu pr\u00e8s d\u2019Odessa et des dizaines de milliers de personnes \u00e9taient toujours sans \u00e9lectricit\u00e9 samedi. Moscou a intensifi\u00e9 ses attaques ces derni\u00e8res semaines sur la r\u00e9gion d\u2019Odessa, bord\u00e9e par la mer Noire, frappant installations portuaires, infra(&#8230;)<\/p>\n<p class=\"mb-4 text-lg md:leading-8 break-words\"><a href=\"https:\/\/www.20minutes.fr\/monde\/ukraine\/4192571-20251220-guerre-ukraine-russes-ukrainiens-retrouvent-miami-parler-paix?at_medium=RSS%20feed&amp;at_campaign=ynews&amp;utm_source=yahoo&amp;utm_medium=rss&amp;utm_campaign=news_feed&amp;utm_content=read_more_link&quot;\" rel=\"nofollow noopener\" target=\"_blank\" data-ylk=\"slk:Lire la suite sur 20minutes;elm:context_link;itc:0;sec:content-canvas\" class=\"link \">Lire la suite sur 20minutes<\/a><\/p>\n<p>\u00c0 lire aussi :<br \/><a href=\"https:\/\/www.20minutes.fr\/monde\/russie\/4192469-20251219-russie-epouse-journaliste-fait-demande-mariage-direct-depuis-conference-poutine?at_medium=RSS%20feed&amp;at_campaign=ynews&amp;utm_source=yahoo&amp;utm_medium=rss&amp;utm_campaign=news_feed&amp;utm_content=related_content_link\" rel=\"nofollow noopener\" target=\"_blank\" data-ylk=\"slk:Russie\u00a0: \u00ab\u00a0\u00c9pouse-moi\u00a0\u00bb\u2026 Un journaliste fait sa demande en mariage en direct pendant la conf\u00e9rence de Poutine;elm:context_link;itc:0;sec:content-canvas\" class=\"link \">Russie\u00a0: \u00ab\u00a0\u00c9pouse-moi\u00a0\u00bb\u2026 Un journaliste fait sa demande en mariage en direct pendant la conf\u00e9rence de Poutine<\/a><br \/><a href=\"https:\/\/www.20minutes.fr\/monde\/ukraine\/4192443-20251219-guerre-ukraine-drone-possiblement-russe-retrouve-ecrase-nord-ouest-turquie?at_medium=RSS%20feed&amp;at_campaign=ynews&amp;utm_source=yahoo&amp;utm_medium=rss&amp;utm_campaign=news_feed&amp;utm_content=related_content_link\" rel=\"nofollow noopener\" target=\"_blank\" data-ylk=\"slk:Guerre en Ukraine\u00a0: Un drone russe retrouv\u00e9 \u00e9cras\u00e9 dans nord-ouest de la Turquie;elm:context_link;itc:0;sec:content-canvas\" class=\"link \">Guerre en Ukraine\u00a0: Un drone russe retrouv\u00e9 \u00e9cras\u00e9 dans nord-ouest de la Turquie<\/a><\/p>\n","protected":false},"excerpt":{"rendered":"r\u00e9cap &#8211; \u00ab\u00a020 Minutes\u00a0\u00bb fait le point pour vous tous les soirs sur le conflit en Ukraine. Ce&hellip;\n","protected":false},"author":2,"featured_media":612471,"comment_status":"","ping_status":"","sticky":false,"template":"","format":"standard","meta":{"footnotes":""},"categories":[1590],"tags":[642,11,1777,674,2489,12,23851,220],"class_list":{"0":"post-612470","1":"post","2":"type-post","3":"status-publish","4":"format-standard","5":"has-post-thumbnail","7":"category-ukraine","8":"tag-20-minutes","9":"tag-actualites","10":"tag-eu","11":"tag-europe","12":"tag-la-russie","13":"tag-news","14":"tag-odessa","15":"tag-ukraine"},"share_on_mastodon":{"url":"https:\/\/pubeurope.com\/@fr\/115753970955373692","error":""},"_links":{"self":[{"href":"https:\/\/www.europesays.com\/fr\/wp-json\/wp\/v2\/posts\/612470","targetHints":{"allow":["GET"]}}],"collection":[{"href":"https:\/\/www.europesays.com\/fr\/wp-json\/wp\/v2\/posts"}],"about":[{"href":"https:\/\/www.europesays.com\/fr\/wp-json\/wp\/v2\/types\/post"}],"author":[{"embeddable":true,"href":"https:\/\/www.europesays.com\/fr\/wp-json\/wp\/v2\/users\/2"}],"replies":[{"embeddable":true,"href":"https:\/\/www.europesays.com\/fr\/wp-json\/wp\/v2\/comments?post=612470"}],"version-history":[{"count":0,"href":"https:\/\/www.europesays.com\/fr\/wp-json\/wp\/v2\/posts\/612470\/revisions"}],"wp:featuredmedia":[{"embeddable":true,"href":"https:\/\/www.europesays.com\/fr\/wp-json\/wp\/v2\/media\/612471"}],"wp:attachment":[{"href":"https:\/\/www.europesays.com\/fr\/wp-json\/wp\/v2\/media?parent=612470"}],"wp:term":[{"taxonomy":"category","embeddable":true,"href":"https:\/\/www.europesays.com\/fr\/wp-json\/wp\/v2\/categories?post=612470"},{"taxonomy":"post_tag","embeddable":true,"href":"https:\/\/www.europesays.com\/fr\/wp-json\/wp\/v2\/tags?post=612470"}],"curies":[{"name":"wp","href":"https:\/\/api.w.org\/{rel}","templated":true}]}}