{"id":612475,"date":"2025-12-20T21:18:13","date_gmt":"2025-12-20T21:18:13","guid":{"rendered":"https:\/\/www.europesays.com\/fr\/612475\/"},"modified":"2025-12-20T21:18:13","modified_gmt":"2025-12-20T21:18:13","slug":"lallemagne-approuve-une-augmentation-des-depenses-militaires-dun-montant-de-52-milliards-deuros-business-am","status":"publish","type":"post","link":"https:\/\/www.europesays.com\/fr\/612475\/","title":{"rendered":"L&rsquo;Allemagne approuve une augmentation des d\u00e9penses militaires d&rsquo;un montant de 52 milliards d&rsquo;euros &#8211; Business AM"},"content":{"rendered":"<p>Principaux renseignements<\/p>\n<ul class=\"wp-block-list\">\n<li><strong>L\u2019Allemagne a approuv\u00e9 une augmentation des d\u00e9penses militaires de 52 milliards d\u2019euros afin de moderniser rapidement ses forces arm\u00e9es.<\/strong><\/li>\n<li><strong>Les fonds seront allou\u00e9s \u00e0 des acquisitions cruciales, notamment des v\u00e9hicules de combat d\u2019infanterie et des fus\u00e9es pour un syst\u00e8me de bouclier antimissile avanc\u00e9.<\/strong><\/li>\n<li><strong>Cette d\u00e9cision marque un changement par rapport au pacifisme historique de l\u2019Allemagne et un engagement \u00e0 jouer un r\u00f4le de premier plan dans les efforts de d\u00e9fense de l\u2019OTAN.<\/strong><\/li>\n<\/ul>\n<p>La commission budg\u00e9taire du Bundestag en Allemagne a approuv\u00e9 un important programme de d\u00e9penses militaires de 52 milliards d\u2019euros. Cette d\u00e9cision vise \u00e0 moderniser et \u00e0 \u00e9quiper rapidement la <a href=\"https:\/\/fr.businessam.be\/allemagne-investit-des-milliards-dans-la-modernisation-et-lextension-de-la-bundeswehr\/\" target=\"_blank\" rel=\"noopener\">Bundeswehr<\/a> dans un contexte de pr\u00e9occupations croissantes en mati\u00e8re de s\u00e9curit\u00e9 \u00e0 la suite de l\u2019agression de la Russie en Ukraine. <\/p>\n<p>La commission, charg\u00e9e de superviser les principales acquisitions d\u2019armes, a donn\u00e9 son accord sans demander le consentement du Parlement. Reconnaissant l\u2019urgence de la situation, l\u2019Allemagne a exempt\u00e9 ces d\u00e9penses militaires des restrictions sur la dette pour les prochaines ann\u00e9es, permettant ainsi une revitalisation rapide de ses forces arm\u00e9es apr\u00e8s des ann\u00e9es de sous-financement.<\/p>\n<p>Principaux achats<\/p>\n<p>Les fonds approuv\u00e9s seront allou\u00e9s \u00e0 diverses acquisitions cruciales.  21 milliards d\u2019euros seront consacr\u00e9s \u00e0 l\u2019acquisition de v\u00eatements et d\u2019\u00e9quipements de protection essentiels pour les soldats. En outre, il est pr\u00e9vu d\u2019acheter 200 v\u00e9hicules de combat d\u2019infanterie Puma, d\u2019une valeur de 4 milliards d\u2019euros.  La Bundeswehr a \u00e9galement l\u2019intention d\u2019acqu\u00e9rir des roquettes pour le syst\u00e8me avanc\u00e9 de bouclier antimissile Arrow 3, d\u00e9velopp\u00e9 conjointement par Isra\u00ebl et les \u00c9tats-Unis.<\/p>\n<p>En outre, le fabricant d\u2019armements allemand Rheinmetall recevra une commande de 1,76 milliard d\u2019euros pour un syst\u00e8me de reconnaissance par satellite destin\u00e9 \u00e0 soutenir les forces de la Bundeswehr d\u00e9ploy\u00e9es en Lituanie, renfor\u00e7ant ainsi le flanc oriental de l\u2019OTAN.<\/p>\n<p>Nouveau r\u00f4le<\/p>\n<p>Le ministre de la D\u00e9fense, Boris Pistorius, a soulign\u00e9 que cette d\u00e9cision mettait en \u00e9vidence l\u2019engagement du gouvernement et du parlement \u00e0 r\u00e9aliser des objectifs ambitieux en mati\u00e8re de d\u00e9fense. Son minist\u00e8re a d\u00e9clar\u00e9 : \u00ab\u00a0Nous envoyons un message clair \u00e0 nos alli\u00e9s et partenaires de l\u2019OTAN : L\u2019Allemagne joue un r\u00f4le de premier plan Le communiqu\u00e9 souligne en outre que \u00ab\u00a0nous respectons nos obligations envers l\u2019alliance et assumons notre responsabilit\u00e9 en mati\u00e8re de s\u00e9curit\u00e9 et de paix en Europe\u00a0\u00bb<\/p>\n<p>Depuis l\u2019invasion massive de l\u2019Ukraine par la Russie en 2022, l\u2019Allemagne a abandonn\u00e9 sa position pacifiste de longue date et a commenc\u00e9 \u00e0 augmenter consid\u00e9rablement ses d\u00e9penses de d\u00e9fense afin de moderniser ses forces arm\u00e9es sous-financ\u00e9es.  Inquiet d\u2019un \u00e9ventuel affaiblissement de l\u2019engagement des \u00c9tats-Unis en faveur de la s\u00e9curit\u00e9 europ\u00e9enne, le chancelier Friedrich Merz, qui a pris ses fonctions en mai, a choisi d\u2019exempter les d\u00e9penses de d\u00e9fense des r\u00e9glementations strictes en mati\u00e8re d\u2019endettement, acc\u00e9l\u00e9rant ainsi les efforts de modernisation de la Bundeswehr.<\/p>\n<p><a href=\"https:\/\/news.google.com\/publications\/CAowtseUCw?hl=fr&amp;gl=BE&amp;ceid=BE%3Afr\" target=\"_blank\" rel=\"noopener\">Suivez \u00e9galement Business AM sur Google Actualit\u00e9s<\/a><\/p>\n<p><a href=\"https:\/\/portalfr.businessam.be\/plans\/business-am-fr-offre-dete\/\" target=\"_blank\" rel=\"noopener\">Si vous souhaitez acc\u00e9der \u00e0 tous les articles, abonnez-vous ici!<\/a><\/p>\n","protected":false},"excerpt":{"rendered":"Principaux renseignements L\u2019Allemagne a approuv\u00e9 une augmentation des d\u00e9penses militaires de 52 milliards d\u2019euros afin de moderniser rapidement&hellip;\n","protected":false},"author":2,"featured_media":612476,"comment_status":"","ping_status":"","sticky":false,"template":"","format":"standard","meta":{"footnotes":""},"categories":[1587],"tags":[11,672,1804,1805,554,1803,1777,674,1801,12,1802],"class_list":{"0":"post-612475","1":"post","2":"type-post","3":"status-publish","4":"format-standard","5":"has-post-thumbnail","7":"category-allemagne","8":"tag-actualites","9":"tag-allemagne","10":"tag-bundesrepublik-deutschland","11":"tag-de","12":"tag-defense","13":"tag-deutschland","14":"tag-eu","15":"tag-europe","16":"tag-germany","17":"tag-news","18":"tag-republique-federale-dallemagne"},"share_on_mastodon":{"url":"https:\/\/pubeurope.com\/@fr\/115753982675481354","error":""},"_links":{"self":[{"href":"https:\/\/www.europesays.com\/fr\/wp-json\/wp\/v2\/posts\/612475","targetHints":{"allow":["GET"]}}],"collection":[{"href":"https:\/\/www.europesays.com\/fr\/wp-json\/wp\/v2\/posts"}],"about":[{"href":"https:\/\/www.europesays.com\/fr\/wp-json\/wp\/v2\/types\/post"}],"author":[{"embeddable":true,"href":"https:\/\/www.europesays.com\/fr\/wp-json\/wp\/v2\/users\/2"}],"replies":[{"embeddable":true,"href":"https:\/\/www.europesays.com\/fr\/wp-json\/wp\/v2\/comments?post=612475"}],"version-history":[{"count":0,"href":"https:\/\/www.europesays.com\/fr\/wp-json\/wp\/v2\/posts\/612475\/revisions"}],"wp:featuredmedia":[{"embeddable":true,"href":"https:\/\/www.europesays.com\/fr\/wp-json\/wp\/v2\/media\/612476"}],"wp:attachment":[{"href":"https:\/\/www.europesays.com\/fr\/wp-json\/wp\/v2\/media?parent=612475"}],"wp:term":[{"taxonomy":"category","embeddable":true,"href":"https:\/\/www.europesays.com\/fr\/wp-json\/wp\/v2\/categories?post=612475"},{"taxonomy":"post_tag","embeddable":true,"href":"https:\/\/www.europesays.com\/fr\/wp-json\/wp\/v2\/tags?post=612475"}],"curies":[{"name":"wp","href":"https:\/\/api.w.org\/{rel}","templated":true}]}}