{"id":612493,"date":"2025-12-20T21:32:13","date_gmt":"2025-12-20T21:32:13","guid":{"rendered":"https:\/\/www.europesays.com\/fr\/612493\/"},"modified":"2025-12-20T21:32:13","modified_gmt":"2025-12-20T21:32:13","slug":"remi-lelandais-ca-ma-fait-froid-dans-le-dos-actualite","status":"publish","type":"post","link":"https:\/\/www.europesays.com\/fr\/612493\/","title":{"rendered":"R\u00e9mi Lelandais : \u00ab \u00c7a m&rsquo;a fait froid dans le dos \u00bb &#8211; Actualit\u00e9"},"content":{"rendered":"<p dir=\"ltr\">La course de R\u00e9mi Lelandais a bien mal commenc\u00e9 ce samedi \u00e0 Anvers. Le coureur de la Continentale d\u2019Ark\u00e9a-B&amp;B H\u00f4tels a \u00e9t\u00e9 g\u00ean\u00e9 par une chute collective quelques m\u00e8tres seulement apr\u00e8s le d\u00e9part de la cinqui\u00e8me manche de Coupe du Monde de cyclo-cross.\u00a0\u201cJ&rsquo;ai d\u00fb planter les freins. \u00c7a m&rsquo;a fait froid dans le dos. \u00c7a bouchonnait ensuite de partout. Je ne pouvais pas trop remonter, c&rsquo;\u00e9tait la gal\u00e8re. \u00c0 la fin du premier tour, je devais\u00a0 \u00eatre vers la 45e place\u201d, rapporte-t-il \u00e0 DirectVelo. <\/p>\n<p dir=\"ltr\">Mais plut\u00f4t bien physiquement, il a ensuite fait \u201cdeux gros tours\u201d qui lui ont permis de remonter au contact de ses compatriotes fran\u00e7ais. \u201cIl y avait d\u00e9j\u00e0 des gros \u00e9carts, j&rsquo;ai d\u00fb boucher des gros trous. J\u2019ai accus\u00e9 un peu le coup, j&rsquo;ai d\u00fb souffler\u201d. Il pense avoir \u00e9t\u00e9 g\u00ean\u00e9 par une crevaison lente. \u201cJ\u2019ai mis deux ou trois tours \u00e0 m&rsquo;en rendre compte. J\u2019ai compris quand j\u2019ai vu que j&rsquo;avais du mal \u00e0 garder de la vitesse\u201d. Il a chang\u00e9 de v\u00e9lo \u00e0 deux tours de l\u2019arriv\u00e9e. \u201cMais c&rsquo;est b\u00eate, j&rsquo;ai perdu deux places comme \u00e7a\u201d. <\/p>\n<p><strong>\u00ab JE SENS QUE \u00c7A REVIENT \u00bb<\/strong><\/p>\n<p>Class\u00e9 24e \u00e0 Tabor, 21e \u00e0 Flamanville, 27e \u00e0 Namur et <strong><a href=\"https:\/\/www.directvelo.com\/actualite\/126043\/cc-coupe-du-monde-5-elite-hommes-classements\" target=\"_blank\" rel=\"noopener\">28e ce samedi \u00e0 Anvers<\/a><\/strong>, il est plut\u00f4t satisfait de sa course du jour malgr\u00e9 son d\u00e9part compliqu\u00e9. \u201cJ\u2019\u00e9tais en sixi\u00e8me ligne sur la grille de d\u00e9part, mais vu comment on s&rsquo;est arr\u00eat\u00e9 sur la ligne \u00e0 cause de la chute, je me suis retrouv\u00e9 vraiment loin\u201d, insiste-t-il. Pour remonter sur la grille, il n\u2019y a pas de secret. \u201cJ\u2019ai eu une saison compliqu\u00e9e l&rsquo;hiver dernier donc j&rsquo;ai perdu tous mes points. Les d\u00e9parts me p\u00e9nalisent beaucoup. Je regagne des points petit \u00e0 petit. J\u2019esp\u00e8re que \u00e7a ira de mieux en mieux\u201d. <\/p>\n<p>C\u00f4t\u00e9 forme, R\u00e9mi Lelandais estime \u00eatre sur la pente ascendante. \u201cJe n\u2019\u00e9tais pas en grande forme en d\u00e9but de saison mais je sens que \u00e7a revient. C\u2019est positif\u201d. Il lui reste trois semaines pour monter en puissance pour le Championnat de France de Troyes (Aube).\u00a0\u201cC\u2019est le plus gros rendez-vous de l&rsquo;ann\u00e9e je pense pour la plupart des Fran\u00e7ais. Donc on se met \u00e7a en t\u00eate et on continue \u00e0 travailler pour r\u00e9pondre pr\u00e9sent\u201d. Il portera \u00e0 cette occasion le maillot de Bourg-en-Bresse Ain Cyclisme. Absent ce dimanche \u00e0 Coxyde, il lui reste deux courses \u00e0 disputer sous les couleurs d\u2019Ark\u00e9a-B&amp;B H\u00f4tels, les manches de Coupe du Monde de Gavere et Dendermonde.\u00a0<strong id=\"docs-internal-guid-148cb55f-7fff-e037-5759-c84005ced2d9\"><br \/><\/strong><\/p>\n","protected":false},"excerpt":{"rendered":"La course de R\u00e9mi Lelandais a bien mal commenc\u00e9 ce samedi \u00e0 Anvers. Le coureur de la Continentale&hellip;\n","protected":false},"author":2,"featured_media":612494,"comment_status":"","ping_status":"","sticky":false,"template":"","format":"standard","meta":{"footnotes":""},"categories":[1411],"tags":[834,828,836,829,837,827,83,826,824,823,1154,207,814,817,815,816,822,821,832,211,839,1011,27,820,818,819,835,831,830,833,838,60,212,208,825],"class_list":{"0":"post-612493","1":"post","2":"type-post","3":"status-publish","4":"format-standard","5":"has-post-thumbnail","7":"category-cyclisme","8":"tag-attaque","9":"tag-belgique","10":"tag-braquet","11":"tag-bretagne","12":"tag-chute","13":"tag-competition","14":"tag-coupe-de-france","15":"tag-coureur","16":"tag-course-cyclisme","17":"tag-course-cycliste","18":"tag-cycling","19":"tag-cyclisme","20":"tag-direct","21":"tag-direct-velo","22":"tag-directvelo","23":"tag-directvelo-com","24":"tag-epreuve","25":"tag-epreuve-cycliste","26":"tag-federation-francaise-de-cyclisme","27":"tag-ffc","28":"tag-flandres","29":"tag-fr","30":"tag-france","31":"tag-live","32":"tag-live-course","33":"tag-live-epreuve","34":"tag-peloton","35":"tag-radio-peloton","36":"tag-radio-tour","37":"tag-ravitaillement","38":"tag-relance","39":"tag-sports","40":"tag-uci","41":"tag-velo","42":"tag-velos"},"share_on_mastodon":{"url":"https:\/\/pubeurope.com\/@fr\/115754037761211457","error":""},"_links":{"self":[{"href":"https:\/\/www.europesays.com\/fr\/wp-json\/wp\/v2\/posts\/612493","targetHints":{"allow":["GET"]}}],"collection":[{"href":"https:\/\/www.europesays.com\/fr\/wp-json\/wp\/v2\/posts"}],"about":[{"href":"https:\/\/www.europesays.com\/fr\/wp-json\/wp\/v2\/types\/post"}],"author":[{"embeddable":true,"href":"https:\/\/www.europesays.com\/fr\/wp-json\/wp\/v2\/users\/2"}],"replies":[{"embeddable":true,"href":"https:\/\/www.europesays.com\/fr\/wp-json\/wp\/v2\/comments?post=612493"}],"version-history":[{"count":0,"href":"https:\/\/www.europesays.com\/fr\/wp-json\/wp\/v2\/posts\/612493\/revisions"}],"wp:featuredmedia":[{"embeddable":true,"href":"https:\/\/www.europesays.com\/fr\/wp-json\/wp\/v2\/media\/612494"}],"wp:attachment":[{"href":"https:\/\/www.europesays.com\/fr\/wp-json\/wp\/v2\/media?parent=612493"}],"wp:term":[{"taxonomy":"category","embeddable":true,"href":"https:\/\/www.europesays.com\/fr\/wp-json\/wp\/v2\/categories?post=612493"},{"taxonomy":"post_tag","embeddable":true,"href":"https:\/\/www.europesays.com\/fr\/wp-json\/wp\/v2\/tags?post=612493"}],"curies":[{"name":"wp","href":"https:\/\/api.w.org\/{rel}","templated":true}]}}