{"id":612495,"date":"2025-12-20T21:33:13","date_gmt":"2025-12-20T21:33:13","guid":{"rendered":"https:\/\/www.europesays.com\/fr\/612495\/"},"modified":"2025-12-20T21:33:13","modified_gmt":"2025-12-20T21:33:13","slug":"vire-par-nantes-il-y-a-10-jours-luis-castro-rebondit-officiel","status":"publish","type":"post","link":"https:\/\/www.europesays.com\/fr\/612495\/","title":{"rendered":"Vir\u00e9 par Nantes il y a 10 jours, Luis Castro rebondit (officiel)"},"content":{"rendered":"<p><b>Vir\u00e9 par Nantes il y a seulement dix jours, Luis Castro a d\u00e9j\u00e0 trouv\u00e9 un nouveau club. Levante vient d\u2019officialiser la signature de l\u2019entra\u00eeneur portugais de 45 ans sur son site officiel.<\/b><\/p>\n<p>\u00ab Levante UD a conclu un accord avec Luis Castro, qui devient le nouvel entra\u00eeneur de l&rsquo;\u00e9quipe premi\u00e8re. Le technicien portugais a sign\u00e9 un contrat jusqu&rsquo;en juin 2027 et arrive en provenance du <a href=\"https:\/\/www.foot01.com\/nantes\" title=\"FC Nantes\" target=\"_blank\" rel=\"noopener\">FC Nantes<\/a>, apr\u00e8s avoir entra\u00een\u00e9 l&rsquo;USL Dunkerque et pass\u00e9 une partie de sa carri\u00e8re au centre de formation du Benfica\u00a0\u00bb \u00e9crit l\u2019actuel 20e de Liga avant de poursuivre. \u00ab\u00a0Luis Castro est un entra\u00eeneur dot\u00e9 d&rsquo;un style de jeu reconnaissable et d&rsquo;un engagement ind\u00e9fectible envers un football offensif. Son travail se caract\u00e9rise par le d\u00e9veloppement individuel des joueurs et sa capacit\u00e9 \u00e0 faire \u00e9clore les jeunes talents. Levante UD renforce ainsi un projet fond\u00e9 sur une m\u00e9thodologie rigoureuse, visant \u00e0 \u00e9lever son niveau de comp\u00e9tition et \u00e0 consolider une identit\u00e9 forte. Le club lui souhaite bonne chance pour cette nouvelle \u00e9tape \u00e0 la t\u00eate de l&rsquo;\u00e9quipe de Levante\u00a0\u00bb conclut le nouveau club de Luis Castro dans son communiqu\u00e9 officiel.<\/p>\n","protected":false},"excerpt":{"rendered":"Vir\u00e9 par Nantes il y a seulement dix jours, Luis Castro a d\u00e9j\u00e0 trouv\u00e9 un nouveau club. Levante&hellip;\n","protected":false},"author":2,"featured_media":612496,"comment_status":"","ping_status":"","sticky":false,"template":"","format":"standard","meta":{"footnotes":""},"categories":[1410],"tags":[8936,462,63,1011,27,453,60],"class_list":{"0":"post-612495","1":"post","2":"type-post","3":"status-publish","4":"format-standard","5":"has-post-thumbnail","7":"category-football","8":"tag-breaking-news","9":"tag-fc-nantes","10":"tag-football","11":"tag-fr","12":"tag-france","13":"tag-liga","14":"tag-sports"},"share_on_mastodon":{"url":"https:\/\/pubeurope.com\/@fr\/115754041728633489","error":""},"_links":{"self":[{"href":"https:\/\/www.europesays.com\/fr\/wp-json\/wp\/v2\/posts\/612495","targetHints":{"allow":["GET"]}}],"collection":[{"href":"https:\/\/www.europesays.com\/fr\/wp-json\/wp\/v2\/posts"}],"about":[{"href":"https:\/\/www.europesays.com\/fr\/wp-json\/wp\/v2\/types\/post"}],"author":[{"embeddable":true,"href":"https:\/\/www.europesays.com\/fr\/wp-json\/wp\/v2\/users\/2"}],"replies":[{"embeddable":true,"href":"https:\/\/www.europesays.com\/fr\/wp-json\/wp\/v2\/comments?post=612495"}],"version-history":[{"count":0,"href":"https:\/\/www.europesays.com\/fr\/wp-json\/wp\/v2\/posts\/612495\/revisions"}],"wp:featuredmedia":[{"embeddable":true,"href":"https:\/\/www.europesays.com\/fr\/wp-json\/wp\/v2\/media\/612496"}],"wp:attachment":[{"href":"https:\/\/www.europesays.com\/fr\/wp-json\/wp\/v2\/media?parent=612495"}],"wp:term":[{"taxonomy":"category","embeddable":true,"href":"https:\/\/www.europesays.com\/fr\/wp-json\/wp\/v2\/categories?post=612495"},{"taxonomy":"post_tag","embeddable":true,"href":"https:\/\/www.europesays.com\/fr\/wp-json\/wp\/v2\/tags?post=612495"}],"curies":[{"name":"wp","href":"https:\/\/api.w.org\/{rel}","templated":true}]}}