{"id":612501,"date":"2025-12-20T21:38:26","date_gmt":"2025-12-20T21:38:26","guid":{"rendered":"https:\/\/www.europesays.com\/fr\/612501\/"},"modified":"2025-12-20T21:38:26","modified_gmt":"2025-12-20T21:38:26","slug":"en-direct-star-academy-sarah-rejoint-lea-sur-le-banc-des-nommes","status":"publish","type":"post","link":"https:\/\/www.europesays.com\/fr\/612501\/","title":{"rendered":"EN DIRECT &#8211; \u00ab\u00a0Star Academy\u00a0\u00bb : Sarah rejoint L\u00e9a sur le banc des nomm\u00e9s"},"content":{"rendered":"<ul class=\"jsx-862013697 ArticleChapo__List\">\n<li class=\"jsx-862013697 ArticleChapo__List_Item flex\">Ce samedi, la comp\u00e9tition s&rsquo;intensifie avec une \u00e9preuve qui n&rsquo;avait encore jamais \u00e9t\u00e9 organis\u00e9e dans l&rsquo;histoire de l&rsquo;\u00e9mission.<\/li>\n<li class=\"jsx-862013697 ArticleChapo__List_Item flex\">Apr\u00e8s avoir d\u00e9croch\u00e9 leurs places pour la tourn\u00e9e, huit \u00e9l\u00e8ves vont s&rsquo;affronter en face-\u00e0-face lors du prime.<\/li>\n<li class=\"jsx-862013697 ArticleChapo__List_Item flex\">Retrouvez tous les meilleurs moments de la saison sur TF1+.<\/li>\n<\/ul>\n<p>Minute par minuteREPLAY22:35<\/p>\n<p>Et voil\u00e0 Melissa et Sarah en face-\u00e0-face sur \u00ab\u00a0La foule\u00a0\u00bb d&rsquo;Edith Piaf.<\/p>\n<p>Star Academy 2025 &#8211; Melissa et Sarah en face-\u00e0-face sur \u00ab\u00a0La foule\u00a0\u00bb d&rsquo;Edith PiafSource : Star Academy<\/p>\n<p><img decoding=\"async\" src=\"https:\/\/photos.tf1info.fr\/images\/383\/215\/melissa-et-sarah-en-face-a-face-sur-la-foule-dedith-piaf-74aa4f-62b848-0@1x.jpeg\" alt=\"Star Academy 2025 - Melissa et Sarah en face-\u00e0-face sur &quot;La foule&quot; d'Edith Piaf\" loading=\"lazy\" importance=\"low\" fetchpriority=\"low\" class=\"\"\/><img decoding=\"async\" src=\"https:\/\/www.tf1info.fr\/images\/icons\/player-logo-play.svg\" alt=\"Logo lecture\" class=\"jsx-d0de44c05fe3042c PlayerLazyload__Play\"\/>MELISSA REPORTE LE FACE-\u00c0-FACE22:33<\/p>\n<p>Le public a vot\u00e9 : Melissa emporte le face-\u00e0-face. Sarah rejoint L\u00e9a sur le banc des nomm\u00e9s.\u00a0<\/p>\n<p>BARBARA PRAVI FAIT UNE SURPRISE \u00c0 ANOUK22:30<\/p>\n<p>Barbara Pravi est venue chanter \u00ab\u00a0Voil\u00e0\u00a0\u00bb avec Anouk, une grand fan de la chanteuse qui a repr\u00e9sent\u00e9 la France \u00e0 l&rsquo;Eurovision avec ce titre en 2021. \u00ab\u00a0Tu \u00e9tais waou\u00a0\u00bb !, lance Barbara Pravi \u00e0 la candidate. \u00ab\u00a0Il faut savoir r\u00e9agir et accepter la surprise\u00a0\u00bb, estime Papi le prof de th\u00e9\u00e2tre.<\/p>\n<p>REPLAY22:24<\/p>\n<p>Et si on regardait \u00e0 nouveau Melissa, Sarah et Craig David sur \u00ab\u00a0Seven day\u00a0\u00bb et Walking away\u00a0\u00bb ?<\/p>\n<p>Star Academy 2025 &#8211; Melissa, Sarah et Craig David sur \u00ab\u00a0Seven day\u00a0\u00bb et Walking away\u00a0\u00bbSource : Star Academy<\/p>\n<p><img decoding=\"async\" src=\"https:\/\/photos.tf1info.fr\/images\/383\/215\/melissa-sarah-et-craig-david-sur-seven-day-et-walking-away-51c947-14fc30-0@1x.jpeg\" alt=\"Star Academy 2025 - Melissa, Sarah et Craig David sur &quot;Seven day&quot; et Walking away&quot;\" loading=\"lazy\" importance=\"low\" fetchpriority=\"low\" class=\"\"\/><img decoding=\"async\" src=\"https:\/\/www.tf1info.fr\/images\/icons\/player-logo-play.svg\" alt=\"Logo lecture\" class=\"jsx-d0de44c05fe3042c PlayerLazyload__Play\"\/>REPLAY22:16<\/p>\n<p>Anouk a livr\u00e9 une magnifique carte blanche sur \u00ab\u00a0Cry me a river\u00a0\u00bb, la preuve&#8230;<\/p>\n<p>Star Academy 2025 &#8211; Magnifique carte blanche d&rsquo;Anouk sur \u00ab\u00a0Cry me a river\u00a0\u00bbSource : Star Academy<\/p>\n<p><img decoding=\"async\" src=\"https:\/\/photos.tf1info.fr\/images\/383\/215\/magnifique-carte-blanche-danouk-sur-cry-me-a-river-eb9437-6b658f-0@1x.jpeg\" alt=\"Star Academy 2025 - Magnifique carte blanche d'Anouk sur &quot;Cry me a river&quot;\" loading=\"lazy\" importance=\"low\" fetchpriority=\"low\" class=\"\"\/><img decoding=\"async\" src=\"https:\/\/www.tf1info.fr\/images\/icons\/player-logo-play.svg\" alt=\"Logo lecture\" class=\"jsx-d0de44c05fe3042c PlayerLazyload__Play\"\/>REPLAY22:16<\/p>\n<p>Envie de revoir L\u00e9a et Bastiaan s\u2019affronter sur \u00ab\u00a0If I Ain\u2019t Got You\u00a0\u00bb ? C&rsquo;est parti !\u00a0<\/p>\n<p>Star Academy 2025 &#8211; L\u00e9a et Bastiaan s\u2019affrontent sur \u00ab\u202fIf I Ain\u2019t Got You\u202f\u00bb d&rsquo;Alicia KeysSource : Star Academy<\/p>\n<p><img decoding=\"async\" src=\"https:\/\/photos.tf1info.fr\/images\/383\/215\/lea-et-bastiaan-saffrontent-sur-if-i-aint-got-you-dalicia-keys-5b53c0-4a3251-0@1x.jpeg\" alt=\"Star Academy 2025 - L\u00e9a et Bastiaan s\u2019affrontent sur \u00ab\u202fIf I Ain\u2019t Got You\u202f\u00bb d'Alicia Keys\" loading=\"lazy\" importance=\"low\" fetchpriority=\"low\" class=\"\"\/><img decoding=\"async\" src=\"https:\/\/www.tf1info.fr\/images\/icons\/player-logo-play.svg\" alt=\"Logo lecture\" class=\"jsx-d0de44c05fe3042c PlayerLazyload__Play\"\/>M\u00c9LISSA ET SARAH EMPORT\u00c9ES PAR LA FOULE22:13<\/p>\n<p>Place au duo entre les deux filles sur \u00ab\u00a0La foule\u00a0\u00bb, d&rsquo;Edith Piaf. Qui va tirer son \u00e9pingle du jeu ? R\u00e9ponse dans quelques minutes&#8230;<\/p>\n<p>MELISSA FACE \u00c0 SARAH AVEC CRAIG DAVID22:09<\/p>\n<p>Deuxi\u00e8me face-\u00e0-face entre Sarah et M\u00e9lissa. Les staracad\u00e9miciennes partagent respectivement la sc\u00e8ne avec Craig David sur \u00ab\u00a07 Days\u00a0\u00bb et \u00ab\u00a0I&rsquo;m Walking Awyay\u00a0\u00bb.\u00a0Elles ont assur\u00e9.<\/p>\n<p>BASTIAAN REMPORTE LE FACE-\u00c0-FACE22:00<\/p>\n<p>La gagnant du premier face-\u00e0-face est Bastiaan. L\u00e9a retrouve le banc des nomm\u00e9s.\u00a0<\/p>\n<p>CARTE BLANCHE \u00c0 ANOUK21:56<\/p>\n<p>Elle est immunis\u00e9e cette semaine, mais les professeurs ont lanc\u00e9 un d\u00e9fi \u00e0 Anouk pour cr\u00e9er avec Jonathan Jenvrin un tableau \u00e0 son image. Elle a choisi \u00ab\u00a0Cry Me A River\u00a0\u00bb, de Justin Timberlake. \u00ab\u00a0On va marquer l&rsquo;histoire de la Star Ac\u00a0\u00bb, a promis le prof de danse. Ses camarades sont debout \u00e0 la find de la prestation. \u00ab\u00a0Tu as \u00e9t\u00e9 au del\u00e0 de mes esp\u00e9rances !\u00a0\u00bb, juge son prof.<\/p>\n<p>REPLAY21:45<\/p>\n<p>On profite de la pub pour revoir Bastiaan, L\u00e9a et Santa chanter \u00ab\u00a0Vivre pour le meilleur\u00a0\u00bb de Johnny Hallyday.<\/p>\n<p>Star Academy 2025 &#8211; Bastiaan, L\u00e9a et Santa ensemble pour chanter \u00ab\u00a0Vivre pour le meilleur\u00a0\u00bb de Johnny HallydaySource : Star Academy<\/p>\n<p><img decoding=\"async\" src=\"https:\/\/photos.tf1info.fr\/images\/383\/215\/prime-santa-recupere-recupere-recupere-1f44ce-74e8a2-0@1x.png\" alt=\"Star Academy 2025 - Bastiaan, L\u00e9a et Santa ensemble pour chanter &quot;Vivre pour le meilleur&quot; de Johnny Hallyday\" loading=\"lazy\" importance=\"low\" fetchpriority=\"low\" class=\"\"\/><img decoding=\"async\" src=\"https:\/\/www.tf1info.fr\/images\/icons\/player-logo-play.svg\" alt=\"Logo lecture\" class=\"jsx-d0de44c05fe3042c PlayerLazyload__Play\"\/>REPLAY21:44<\/p>\n<p>Vous avez loup\u00e9 le joli conte de No\u00ebl racont\u00e9 par les \u00e9l\u00e8ves ? Le rattrapage c&rsquo;est par ici !\u00a0<\/p>\n<p>Star Academy 2025 &#8211; Le joli conte de No\u00ebl racont\u00e9 par les \u00e9l\u00e8vesSource : Star Academy<\/p>\n<p><img decoding=\"async\" src=\"https:\/\/photos.tf1info.fr\/images\/383\/215\/prime-conte-recupere-recupere-recupere-be4082-b39d09-0@1x.png\" alt=\"Star Academy 2025 - Le joli conte de No\u00ebl racont\u00e9 par les \u00e9l\u00e8ves\" loading=\"lazy\" importance=\"low\" fetchpriority=\"low\" class=\"\"\/><img decoding=\"async\" src=\"https:\/\/www.tf1info.fr\/images\/icons\/player-logo-play.svg\" alt=\"Logo lecture\" class=\"jsx-d0de44c05fe3042c PlayerLazyload__Play\"\/>DE LA \u00ab\u00a0STAR AC\u00a0\u00bb A \u00ab\u00a0DALS\u00a0\u00bb, IL N&rsquo;Y A QU&rsquo;UN PAS ! 21:43<\/p>\n<p>Et Lucie Bernadoni l&rsquo;a franchi, comme le reste du casting qui a \u00e9t\u00e9 d\u00e9voil\u00e9 !\u00a0<\/p>\n<p>Culture, m\u00e9dias et divertissement<img decoding=\"async\" src=\"https:\/\/www.europesays.com\/fr\/wp-content\/uploads\/2025\/12\/danse-avec-les-stars-trophee-7df244-0@1x.jpeg\" alt=\"Danse avec les stars : la championne Laure Manaudou, la streameuse Maghla, l'acteur am\u00e9ricain Ian Ziering\u2026 Qui sont les candidats de la nouvelle saison ?\" loading=\"lazy\" importance=\"low\" fetchpriority=\"low\" class=\"\" aria-hidden=\"true\"\/><\/p>\n<p>Publi\u00e9 le 18 d\u00e9cembre 2025 \u00e0 16h19<\/p>\n<p>BASTIAAN ET L\u00c9A SUR UN TITRE CULTE D&rsquo;ALICIA KEYS21:41<\/p>\n<p>Bastiaan et L\u00e9a se confrontent \u00e0 nouveau sur \u00ab\u00a0If I Ain&rsquo;t Got You\u00a0\u00bb, d&rsquo;Alicia Keys. \u00ab\u00a0Un bien joli moment\u00a0\u00bb, comme le dit Nikos. \u00ab\u00a0C&rsquo;est No\u00ebl, les vibrations sont extraordinaires\u00a0\u00bb, estime Michael Goldman, qui ne peut pas se prononcer pour ne pas influencer les t\u00e9l\u00e9spectateurs qui doivent d\u00e9partager les \u00e9l\u00e8ves.<\/p>\n<p>BASTIAAN FACE \u00c0 L\u00c9A AVEC SANTA21:34<\/p>\n<p>Pour le premier face-\u00e0-face de la soir\u00e9e, Bastiaan et L\u00e9a s&rsquo;affrontent aux c\u00f4t\u00e9s de Santa sur le titre embl\u00e9matique de Johnny Hallyday \u00ab\u00a0Vivre pour le meilleur\u00a0\u00bb. Un trio d&rsquo;une grande puissance. \u00ab\u00a0C&rsquo;\u00e9tait un honneur pour moi de partager ce moment de coeur et de voix\u00a0\u00bb, lance Santa.\u00a0<\/p>\n<p>C&rsquo;EST NO\u00cbL AVANT L&rsquo;HEURE \u00c0 LA STAR AC21:22<\/p>\n<p>La magie de No\u00ebl s&rsquo;invite chez les staracad\u00e9miciens qui ouvrent le bal avec un conte musical sur \u00ab\u00a0J&rsquo;veux du soleil\u00a0\u00bb, \u00ab\u00a0\u00c7a m&rsquo;\u00e9nerve\u00a0\u00bb, \u00ab\u00a0Le mal aim\u00e9\u00a0\u00bb &#8211; <a href=\"https:\/\/www.tf1info.fr\/culture\/les-ecoutes-du-mal-aime-sur-spotify-de-claude-francois-explosent-grace-a-la-publicite-virale-d-intermarche-avec-un-loup-vegetarien-2412382.html\" target=\"_blank\" rel=\"noopener\">petit clin d&rsquo;oeil \u00e0 la publicit\u00e9 d&rsquo;Intermarch\u00e9<\/a> avec le loup v\u00e9g\u00e9tarien &#8211; \u00ab\u00a0Elle est d&rsquo;ailleurs\u00a0\u00bb et \u00ab\u00a0La tendresse\u00a0\u00bb. Ils terminent en beaut\u00e9 avec \u00ab\u00a0All I Want For Christmas Is You\u00a0\u00bb, l&rsquo;incontournable tube de Mariah Carey.\u00a0<\/p>\n<p>UN CONCERT MAGIQUE17:05<\/p>\n<p>Les neuf \u00e9l\u00e8ves qualifi\u00e9s pour la tourn\u00e9e se sont produits sous la nef du Grand Palais ce lundi 15 d\u00e9cembre. Nous y \u00e9tions&#8230;<\/p>\n<p>Culture, m\u00e9dias et divertissement<img decoding=\"async\" src=\"https:\/\/www.europesays.com\/fr\/wp-content\/uploads\/2025\/12\/star-academy-2025-showcase-grand-palais-79ca31-0@1x.jpeg\" alt=\"VID\u00c9O \u2013 &quot;C'est iconique !&quot; : revivez le premier concert de la &quot;Star Academy&quot; comme si vous \u00e9tiez\" loading=\"lazy\" importance=\"low\" fetchpriority=\"low\" class=\"\" aria-hidden=\"true\"\/><\/p>\n<p>Publi\u00e9 le 17 d\u00e9cembre 2025 \u00e0 11h42<\/p>\n<p>LE PLEIN D&rsquo;\u00c9MOTION POUR LES ACAD\u00c9MICIENS17:01<\/p>\n<p>Les acad\u00e9miciens ont d\u00e9couvert des lettres de leurs familles, de quoi leur remonter le moral.\u00a0<\/p>\n<p>Star Academy 2025 &#8211; \u00c9motions et frissons : Les acad\u00e9miciens d\u00e9couvrent les lettres de leurs famillesSource : Star Academy<\/p>\n<p><img decoding=\"async\" src=\"https:\/\/www.europesays.com\/fr\/wp-content\/uploads\/2025\/12\/emotions-et-frissons-les-academiciens-decouvrent-les-lettres-de-leurs-familles-00ef56-b1894d-0@1x.jp.jpeg\" alt=\"Star Academy 2025 - \u00c9motions et frissons : Les acad\u00e9miciens d\u00e9couvrent les lettres de leurs familles\" loading=\"lazy\" class=\"jsx-d0de44c05fe3042c PlayerLazyload__Image\"\/><img decoding=\"async\" src=\"https:\/\/www.tf1info.fr\/images\/icons\/player-logo-play.svg\" alt=\"Logo lecture\" class=\"jsx-d0de44c05fe3042c PlayerLazyload__Play\"\/>ANOUK IMMUNIS\u00c9E16:58<\/p>\n<p>Qu&rsquo;est-ce qui attend les \u00e9l\u00e8ves sur le prime ce soir ?\u00a0<\/p>\n<p>Culture, m\u00e9dias et divertissement<img decoding=\"async\" src=\"https:\/\/www.europesays.com\/fr\/wp-content\/uploads\/2025\/12\/star-academy-2025-face-a-face-249f4a-0@1x.jpeg\" alt=\"&quot;Star Academy&quot; : un \u00e9l\u00e8ve immunis\u00e9, quels bin\u00f4mes s'affronteront en duel lors du prime ?\" loading=\"lazy\" importance=\"low\" fetchpriority=\"low\" class=\"\" aria-hidden=\"true\"\/><\/p>\n<p>Publi\u00e9 le 17 d\u00e9cembre 2025 \u00e0 18h25<\/p>\n<p>RATTRAPAGE16:56<\/p>\n<p>Si vous avez loup\u00e9 le prime la semaine derni\u00e8re, voici un r\u00e9cap&rsquo; pour \u00eatre \u00e0 jour.\u00a0<\/p>\n<p>Culture, m\u00e9dias et divertissement<img decoding=\"async\" src=\"https:\/\/www.europesays.com\/fr\/wp-content\/uploads\/2025\/12\/elimination-star-academy-2025-13-decembre-df9dbf-0@1x.jpeg\" alt=\"Les \u00e9l\u00e8ves nomm\u00e9s pour le prime de la tourn\u00e9e.\" loading=\"lazy\" importance=\"low\" fetchpriority=\"low\" class=\"\" aria-hidden=\"true\"\/><\/p>\n<p>Publi\u00e9 le 13 d\u00e9cembre 2025 \u00e0 23h58<\/p>\n<p>BIENVENUE16:54<\/p>\n<p>Bonsoir et bienvenue dans ce live sp\u00e9cial face-\u00e0-face de la \u00ab\u00a0Star Ac\u00a0\u00bb. Ce soir, huit acad\u00e9miciens s&rsquo;affronteront au cours de duels musicaux, du jamais vu dans l&rsquo;histoire de l&rsquo;\u00e9mission. Victor sera face \u00e0 Th\u00e9o P., Bastiaan affrontera \u00e0 L\u00e9a, Ambre se mesurera \u00e0 Jeanne et M\u00e9lissa d\u00e9fiera Sarah.<\/p>\n<p data-module=\"article-paragraph\" class=\"jsx-157965717 Paragraph\">Ils ne sont plus que neuf en comp\u00e9tition. Apr\u00e8s avoir <a href=\"https:\/\/www.tf1info.fr\/culture\/direct-programme-tv-tf1-star-academy-2025-leo-melissa-lea-victor-anouk-theo-jeanne-quel-candidat-sera-elimine-aux-portes-de-la-tournee-2412602.html\" target=\"_blank\" rel=\"noopener\">d\u00e9croch\u00e9 leur place pour la tourn\u00e9e samedi dernier<\/a>, huit acad\u00e9miciens s&rsquo;affronteront en face-\u00e0-face lors du prime ce samedi 20 d\u00e9cembre, Anouk \u00e9tant immunis\u00e9e. Du jamais-vu dans l&rsquo;\u00e9mission. Victor sera face \u00e0 Th\u00e9o P., Bastiaan affrontera L\u00e9a, Ambre se mesurera \u00e0 Jeanne et M\u00e9lissa d\u00e9fiera Sarah.<\/p>\n<p data-module=\"article-paragraph\" class=\"jsx-157965717 Paragraph Paragraph__End\">Les t\u00e9l\u00e9spectateurs voteront pour d\u00e9signer un gagnant par bin\u00f4me. Les quatre autres \u00e9l\u00e8ves en danger d\u00e9fendront leur place sur le titre \u00ab\u00a0Je n\u2019aurai pas le temps\u00a0\u00bb de Michel Fugain avant d&rsquo;\u00eatre soumis \u00e0 un nouveau vote du public. De quoi faire monter la pression.<\/p>\n<p data-module=\"article-paragraph\" class=\"jsx-157965717 Paragraph Paragraph__End\">C\u00f4t\u00e9 invit\u00e9s, il y aura encore du beau monde. Louane chantera avec Jeanne et Ambre ; Craig David partagera la sc\u00e8ne avec Sarah et M\u00e9lissa ; L\u00e9man interpr\u00e9tera \u00ab\u00a0Les \u00c9toiles\u00a0\u00bb avec Th\u00e9o P. et Victor ; enfin Santa reprendra \u00ab\u00a0Vivre pour le meilleur\u00a0\u00bb de Johnny Hallyday avec Bastiaan et L\u00e9a.<\/p>\n<p>Rania HOBALLAH<\/p>\n","protected":false},"excerpt":{"rendered":"Ce samedi, la comp\u00e9tition s&rsquo;intensifie avec une \u00e9preuve qui n&rsquo;avait encore jamais \u00e9t\u00e9 organis\u00e9e dans l&rsquo;histoire de l&rsquo;\u00e9mission.&hellip;\n","protected":false},"author":2,"featured_media":612502,"comment_status":"","ping_status":"","sticky":false,"template":"","format":"standard","meta":{"footnotes":""},"categories":[1356],"tags":[1111,11,1921,58,59,1011,27,1922,500,2041,873,502,5095,59699,252,199,1364,133,2040],"class_list":{"0":"post-612501","1":"post","2":"type-post","3":"status-publish","4":"format-standard","5":"has-post-thumbnail","7":"category-television","8":"tag-actu","9":"tag-actualites","10":"tag-article-video","11":"tag-divertissement","12":"tag-entertainment","13":"tag-fr","14":"tag-france","15":"tag-info","16":"tag-medias","17":"tag-medias-et-divertissement","18":"tag-musique","19":"tag-programme-tv","20":"tag-star-academy","21":"tag-star-academy-2025","22":"tag-television","23":"tag-tf1","24":"tag-tv","25":"tag-video","26":"tag-video-culture"},"share_on_mastodon":{"url":"https:\/\/pubeurope.com\/@fr\/115754064051670211","error":""},"_links":{"self":[{"href":"https:\/\/www.europesays.com\/fr\/wp-json\/wp\/v2\/posts\/612501","targetHints":{"allow":["GET"]}}],"collection":[{"href":"https:\/\/www.europesays.com\/fr\/wp-json\/wp\/v2\/posts"}],"about":[{"href":"https:\/\/www.europesays.com\/fr\/wp-json\/wp\/v2\/types\/post"}],"author":[{"embeddable":true,"href":"https:\/\/www.europesays.com\/fr\/wp-json\/wp\/v2\/users\/2"}],"replies":[{"embeddable":true,"href":"https:\/\/www.europesays.com\/fr\/wp-json\/wp\/v2\/comments?post=612501"}],"version-history":[{"count":0,"href":"https:\/\/www.europesays.com\/fr\/wp-json\/wp\/v2\/posts\/612501\/revisions"}],"wp:featuredmedia":[{"embeddable":true,"href":"https:\/\/www.europesays.com\/fr\/wp-json\/wp\/v2\/media\/612502"}],"wp:attachment":[{"href":"https:\/\/www.europesays.com\/fr\/wp-json\/wp\/v2\/media?parent=612501"}],"wp:term":[{"taxonomy":"category","embeddable":true,"href":"https:\/\/www.europesays.com\/fr\/wp-json\/wp\/v2\/categories?post=612501"},{"taxonomy":"post_tag","embeddable":true,"href":"https:\/\/www.europesays.com\/fr\/wp-json\/wp\/v2\/tags?post=612501"}],"curies":[{"name":"wp","href":"https:\/\/api.w.org\/{rel}","templated":true}]}}