{"id":612509,"date":"2025-12-20T21:42:14","date_gmt":"2025-12-20T21:42:14","guid":{"rendered":"https:\/\/www.europesays.com\/fr\/612509\/"},"modified":"2025-12-20T21:42:14","modified_gmt":"2025-12-20T21:42:14","slug":"en-un-coup-doeil-tous-les-resultats-et-le-programme-des-32es-de-finale","status":"publish","type":"post","link":"https:\/\/www.europesays.com\/fr\/612509\/","title":{"rendered":"en un coup d\u2019oeil, tous les r\u00e9sultats et le programme des 32es de finale"},"content":{"rendered":"<p>\n    Retrouvez tous les r\u00e9sultats des 32es de finale de la Coupe de France qui se d\u00e9rouleront jusqu\u2019\u00e0 dimanche soir.<\/p>\n<p class=\"fig-paragraph\">Le point sur les 32e de finale de la Coupe de France jou\u00e9s ce week-end.<\/p>\n<p class=\"fig-paragraph\">Les clubs qualifi\u00e9s pr\u00e9c\u00e9d\u00e9s du signe (+)<\/p>\n<p>                                            <a class=\"fig-a11y-skip\" href=\"#fig-a11y-skip-main-inarticle\" data-module=\"a11y-skip\" data-context=\"was @visible\"><br \/>\n    Passer la publicit\u00e9<br \/>\n<\/a>            <\/p>\n<p class=\"fig-paragraph\"><strong>Vendredi 19 d\u00e9cembre<\/strong><\/p>\n<p class=\"fig-paragraph\">P\u00e9rigny FC &#8211; (+) Le Mans (L2) 1 &#8211; 2<br \/>Les Herbiers &#8211; (+) Angers (L1) 0 &#8211; 0 t.a.b.<br \/>(+) US Avranches &#8211; Brest (L1) 1 &#8211; 1 t.a.b.<br \/>Guingamp (L2) &#8211; (+) Laval (L2) 0 &#8211; 1<br \/>Iris Croix &#8211; (+) Reims (L2) 0 &#8211; 4<br \/>Canet Roussillon &#8211; (+) Montpellier (L2) 0 &#8211; 1<br \/>(+) Lens (L1) &#8211; Feignies 3 &#8211; 1<\/p>\n<p class=\"fig-paragraph\"><strong>Samedi 20 d\u00e9cembre<\/strong><\/p>\n<p class=\"fig-paragraph\">US Lusitanos &#8211; (+) Lille (L1) 0 &#8211; 1<br \/>(+) Bayeux &#8211; Blois 2 &#8211; 1<br \/>AS Gosier &#8211; (+) Lorient (L1) 0 &#8211; 7<br \/>Olympique Marcquois &#8211; (+) Troyes (L2) 1 &#8211; 3<br \/>Biesheim &#8211; (+) Metz (L1) 0 &#8211; 3<br \/>FC Freyming &#8211; (+) Chantilly 0 &#8211; 3<br \/>GSI Pontivy &#8211; (+) Bastia (L2) 0 &#8211; 1<br \/>Raon-l&rsquo;Etape &#8211; (+) Paris FC (L1) 0 &#8211; 3<br \/>Stade B\u00e9thunois &#8211; (+) Sochaux (Nat) 2 &#8211; 4<br \/>Lyon-La Duch\u00e8re &#8211; (+) Toulouse (L1) 1 &#8211; 2<br \/>SA M\u00e9rignac &#8211; Istres 0 &#8211; 0, Istres qualifi\u00e9 aux tirs au but (6 \u00e0 5)<br \/>Grenoble (L2) &#8211; (+) Nancy (L2) 1 &#8211; 1, Nancy qualifi\u00e9 aux tirs au but (5 \u00e0 3<\/p>\n<p class=\"fig-paragraph\">(21h00) Vend\u00e9e Fontenay &#8211; Paris SG (L1)<\/p>\n<p>                                            <a class=\"fig-a11y-skip\" href=\"#fig-a11y-skip-main-inarticle_mtf\" data-module=\"a11y-skip\" data-context=\"was @visible\"><br \/>\n    Passer la publicit\u00e9<br \/>\n<\/a>            <\/p>\n<p class=\"fig-paragraph\"><strong>Dimanche 21 d\u00e9cembre<\/strong> <br \/>(14h45) Auxerre (L1) &#8211; Monaco (L1)<br \/>Bourg-en-Bresse (Nat) &#8211; Marseille (L1)<br \/>Concarneau (Nat) &#8211; Nantes (L1)<br \/>Nice (L1) &#8211; Saint-Etienne (L2)<br \/>Strasbourg (L1) &#8211; Dunkerque (L2)<br \/>(17h30) Bassin d&rsquo;Arcachon &#8211; Hauts Lyonnais<br \/>CA Montreuil &#8211; Chauvigny<br \/>Le Havre (L1) &#8211; Amiens (L2)<br \/>Le Puy (Nat) &#8211; Bordeaux<br \/>Rennes (L1) &#8211; Les Sables Vend\u00e9e Foot<br \/>US Orl\u00e9ans (Nat) &#8211; FC Dieppe<br \/>(21h00) Lyon (L1) &#8211; FC St-Cyr-Collonges au Mont d&rsquo;Or<\/p>\n","protected":false},"excerpt":{"rendered":"Retrouvez tous les r\u00e9sultats des 32es de finale de la Coupe de France qui se d\u00e9rouleront jusqu\u2019\u00e0 dimanche&hellip;\n","protected":false},"author":2,"featured_media":612510,"comment_status":"","ping_status":"","sticky":false,"template":"","format":"standard","meta":{"footnotes":""},"categories":[9],"tags":[525,1981,615,83,814,2257,63,1011,27,955,1980,60],"class_list":{"0":"post-612509","1":"post","2":"type-post","3":"status-publish","4":"format-standard","5":"has-post-thumbnail","7":"category-sports","8":"tag-calendrier","9":"tag-classement","10":"tag-coupe","11":"tag-coupe-de-france","12":"tag-direct","13":"tag-foot","14":"tag-football","15":"tag-fr","16":"tag-france","17":"tag-match","18":"tag-resultats","19":"tag-sports"},"share_on_mastodon":{"url":"https:\/\/pubeurope.com\/@fr\/115754077117133597","error":""},"_links":{"self":[{"href":"https:\/\/www.europesays.com\/fr\/wp-json\/wp\/v2\/posts\/612509","targetHints":{"allow":["GET"]}}],"collection":[{"href":"https:\/\/www.europesays.com\/fr\/wp-json\/wp\/v2\/posts"}],"about":[{"href":"https:\/\/www.europesays.com\/fr\/wp-json\/wp\/v2\/types\/post"}],"author":[{"embeddable":true,"href":"https:\/\/www.europesays.com\/fr\/wp-json\/wp\/v2\/users\/2"}],"replies":[{"embeddable":true,"href":"https:\/\/www.europesays.com\/fr\/wp-json\/wp\/v2\/comments?post=612509"}],"version-history":[{"count":0,"href":"https:\/\/www.europesays.com\/fr\/wp-json\/wp\/v2\/posts\/612509\/revisions"}],"wp:featuredmedia":[{"embeddable":true,"href":"https:\/\/www.europesays.com\/fr\/wp-json\/wp\/v2\/media\/612510"}],"wp:attachment":[{"href":"https:\/\/www.europesays.com\/fr\/wp-json\/wp\/v2\/media?parent=612509"}],"wp:term":[{"taxonomy":"category","embeddable":true,"href":"https:\/\/www.europesays.com\/fr\/wp-json\/wp\/v2\/categories?post=612509"},{"taxonomy":"post_tag","embeddable":true,"href":"https:\/\/www.europesays.com\/fr\/wp-json\/wp\/v2\/tags?post=612509"}],"curies":[{"name":"wp","href":"https:\/\/api.w.org\/{rel}","templated":true}]}}