{"id":612513,"date":"2025-12-20T21:44:27","date_gmt":"2025-12-20T21:44:27","guid":{"rendered":"https:\/\/www.europesays.com\/fr\/612513\/"},"modified":"2025-12-20T21:44:27","modified_gmt":"2025-12-20T21:44:27","slug":"test-du-dji-mini-5-pro-le-drone-parfait","status":"publish","type":"post","link":"https:\/\/www.europesays.com\/fr\/612513\/","title":{"rendered":"Test du DJI Mini 5 Pro : le drone parfait ?"},"content":{"rendered":"<p>Apr\u00e8s un Mini 4 Pro d\u00e9j\u00e0 largement pl\u00e9biscit\u00e9 par les cr\u00e9ateurs de contenu et les professionnels de l\u2019image, <strong>DJI lance le Mini 5 Pro.<\/strong> Ce nouveau mod\u00e8le ultra-compact ne se contente pas d\u2019apporter quelques petits ajustements. Pour la premi\u00e8re fois, un drone de moins de 250 grammes <strong>embarque un capteur 1 pouce ainsi qu\u2019une d\u00e9tection LiDAR frontale<\/strong>, une transmission vid\u00e9o am\u00e9lior\u00e9e et une nacelle rotative pouss\u00e9e \u00e0 225 degr\u00e9s.<\/p>\n<p>Cet arsenal promet d\u2019apporter les avanc\u00e9es techniques des drones avanc\u00e9s de DJI dans un mod\u00e8le riquiqui. Mais qu\u2019en est-il r\u00e9ellement sur le terrain\u00a0? Apr\u00e8s plusieurs semaines de vols dans des conditions vari\u00e9es, <strong>voici notre avis complet sur le Mini 5 Pro.<\/strong><\/p>\n<p>\n        DJI Mini 5 Pro au meilleur prix<br \/>\n        Prix de base\u00a0: 799\u00a0\u20ac\n     <\/p>\n<p>\n         Voir plus d&rsquo;offres\n    <\/p>\n<p>Ce qu\u2019on a aim\u00e9 du DJI Mini 5 Pro<br \/>\nSon capteur 1 pouce qui fait la diff\u00e9rence<br \/>\n<img loading=\"lazy\" decoding=\"async\" class=\"size-full wp-image-698814\" src=\"https:\/\/www.europesays.com\/fr\/wp-content\/uploads\/2025\/12\/test-dji-mini-5-pro-capteur.jpg\" alt=\"Test Dji Mini 5 Pro Capteur\" width=\"1920\" height=\"1280\"  \/>\u00a9 Presse-citron<\/p>\n<p>C\u2019est la plus grosse \u00e9volution technique du Mini 5 Pro, et elle tient toutes ses promesses. En passant <a href=\"https:\/\/www.presse-citron.net\/test-dji-mini-4-pro\/\" target=\"_blank\" rel=\"noopener\">du capteur 1\/1,3 pouce du Mini 4 Pro<\/a> \u00e0 un capteur 1 pouce de 50 m\u00e9gapixels, DJI fait mouche. La surface de captation est environ 2,4 fois plus importante, ce qui permet de <strong>capturer beaucoup plus de lumi\u00e8re.<\/strong> R\u00e9sultat\u00a0: la dynamique atteint 14 stops, le bruit num\u00e9rique est nettement moins visible et la plage colorim\u00e9trique est plus large.<\/p>\n<p>En pleine journ\u00e9e, les diff\u00e9rences avec le Mini 4 Pro ne sont pas si flagrantes mais restent visibles\u00a0: les couleurs sont plus riches, les textures mieux d\u00e9finies (notamment sur les feuillages), les hautes lumi\u00e8res mieux g\u00e9r\u00e9es.<\/p>\n<p>Mais l\u2019int\u00e9r\u00eat du capteur 1 pouce <strong>prend tout son sens au cr\u00e9puscule et en basse lumi\u00e8re.<\/strong> Alors que son pr\u00e9d\u00e9cesseur commen\u00e7ait \u00e0 montrer du grain et \u00e0 perdre en d\u00e9finition, le Mini 5 Pro conserve une image propre, d\u00e9taill\u00e9e, avec des ombres exploitables. Les profils colorim\u00e9triques D-Log M et HLG en 10 bits compl\u00e8tent le tout et permettent un v\u00e9ritable travail d\u2019\u00e9talonnage dont sont friands les professionnels. Et en plus, on peut maintenant <strong>filmer en 4K \u00e0 120 im\/s<\/strong> !<\/p>\n<p><img loading=\"lazy\" decoding=\"async\" class=\"size-full wp-image-698812\" src=\"https:\/\/www.europesays.com\/fr\/wp-content\/uploads\/2025\/12\/test-dji-mini-5-pro-lidar.jpg\" alt=\"Test Dji Mini 5 Pro Lidar\" width=\"1920\" height=\"1280\"  \/>\u00a9 Presse-citron<\/p>\n<p><strong>Le mode 50 m\u00e9gapixels devient enfin pleinement exploitable<\/strong> : les photos shoot\u00e9es en RAW sont d\u00e9sormais suffisamment d\u00e9taill\u00e9es pour envisager des tirages grand format. Le t\u00e9l\u00e9objectif num\u00e9rique 2x (\u00e9quivalent 48 mm) permet de varier les plaisirs tout en conservant une bonne qualit\u00e9 d\u2019image. Rien \u00e0 redire, les ing\u00e9nieurs ont bien boss\u00e9.<\/p>\n<p>Son excellente d\u00e9tection d\u2019obstacles<br \/>\n<img loading=\"lazy\" decoding=\"async\" class=\"size-full wp-image-698806\" src=\"https:\/\/www.europesays.com\/fr\/wp-content\/uploads\/2025\/12\/test-dji-mini-5-pro-avis.jpg\" alt=\"Test Dji Mini 5 Pro Avis\" width=\"1920\" height=\"1280\"  \/>\u00a9 Presse-citron<\/p>\n<p>DJI a \u00e9quip\u00e9 le Mini 5 Pro du m\u00eame syst\u00e8me de d\u00e9tection omnidirectionnelle que le Mini 4 Pro. Mais <strong>il y ajoute un module LiDAR frontal<\/strong> capable de fonctionner jusqu\u2019\u00e0 1 lux. Cette technologie, h\u00e9rit\u00e9e des Air 3S et Mavic 4 Pro, change compl\u00e8tement la donne en conditions de lumi\u00e8re difficile. Contrairement aux cam\u00e9ras optiques qui perdent en efficacit\u00e9 en basse lumi\u00e8re, le LiDAR mesure les distances par impulsions laser, offrant une pr\u00e9cision constante quelle que soit la luminosit\u00e9.<\/p>\n<p>Sur le terrain, cette combinaison se r\u00e9v\u00e8le d\u2019une efficacit\u00e9 redoutable. En for\u00eat dense, le drone d\u00e9tecte les branches, ralentit \u00e0 l\u2019approche d\u2019un obstacle, le contourne avec fluidit\u00e9 et reprend sa trajectoire. Bien qu\u2019encore perfectible, <strong>l\u2019ActiveTrack 360 s\u2019accroche mieux au sujet<\/strong> et g\u00e8re plus intelligemment les changements d\u2019arri\u00e8re-plan. Lors de nos tests de suivi en sous-bois, le Mini 5 Pro a navigu\u00e9 entre les arbres avec une assurance que nous n\u2019avions jamais observ\u00e9e sur un drone de cette cat\u00e9gorie. \u00c0 l\u2019exception peut-\u00eatre du <a href=\"https:\/\/www.presse-citron.net\/test-dji-neo-2\/\" target=\"_blank\" rel=\"noopener\">DJI Neo 2, notre coup de coeur de l\u2019ann\u00e9e.<\/a><\/p>\n<p><img loading=\"lazy\" decoding=\"async\" class=\"size-full wp-image-698802\" src=\"https:\/\/www.europesays.com\/fr\/wp-content\/uploads\/2025\/12\/test-dji-mini-5-pro-rth.jpg\" alt=\"Test Dji Mini 5 Pro Rth\" width=\"1920\" height=\"1280\"  \/>\u00a9 Presse-citron<\/p>\n<p>Autre am\u00e9lioration importante\u00a0: <strong>le RTH (retour \u00e0 la base) fonctionne maintenant sans GPS.<\/strong> Le drone enregistre visuellement son environnement au d\u00e9collage pour retrouver son point de d\u00e9part de mani\u00e8re autonome. Une s\u00e9curit\u00e9 suppl\u00e9mentaire qu\u2019appr\u00e9cieront les vid\u00e9astes devant faire voler leur drone dans des zones urbaines ou des espaces naturels encombr\u00e9s.<\/p>\n<p>Enfin, cette nouvelle g\u00e9n\u00e9ration embarque le<strong> protocole de transmission DJI O4+.<\/strong> On peut piloter le drone \u00e0 une distance th\u00e9orique de 20 kilom\u00e8tres en norme FCC et 10 kilom\u00e8tres en norme CE europ\u00e9enne. En pratique, nous avons \u00e9t\u00e9 bluff\u00e9s par la stabilit\u00e9 du signal, y compris dans des zones charg\u00e9es en obstacles. Que du bonheur\u00a0!<\/p>\n<p>Ces petites choses qui font tout<br \/>\n<img loading=\"lazy\" decoding=\"async\" class=\"size-full wp-image-698808\" src=\"https:\/\/www.europesays.com\/fr\/wp-content\/uploads\/2025\/12\/test-dji-mini-5-pro-vol.jpg\" alt=\"Test Dji Mini 5 Pro Vol\" width=\"1920\" height=\"1280\"  \/>\u00a9 Presse-citron<\/p>\n<p>Le Mini 5 Pro conserve l\u2019architecture repliable qui a fait le succ\u00e8s de la gamme, mais peaufine plusieurs d\u00e9tails qui am\u00e9liorent l\u2019exp\u00e9rience quotidienne. Les nouvelles h\u00e9lices \u00e0 quart de tour facilitent les montages et d\u00e9montages sur le terrain. Plus besoin de tournevis ni de manipulation d\u00e9licate\u00a0: <strong>un simple twist et le tour est jou\u00e9.<\/strong><\/p>\n<p>L\u2019allumage automatique au d\u00e9pliage du bras arri\u00e8re droit et l\u2019extinction apr\u00e8s cinq secondes de repliage constituent \u00e9galement des am\u00e9liorations bienvenues. Ces d\u00e9tails peuvent sembler anecdotiques, mais ils participent \u00e0 une simplification de l\u2019utilisation tr\u00e8s appr\u00e9ciable lors de tournages intenses.<\/p>\n<p><img loading=\"lazy\" decoding=\"async\" class=\"size-full wp-image-698803\" src=\"https:\/\/www.europesays.com\/fr\/wp-content\/uploads\/2025\/12\/test-dji-mini-5-pro-avis-complet.jpg\" alt=\"Test Dji Mini 5 Pro Avis Complet\" width=\"1920\" height=\"1280\"  \/>\u00a9 Presse-citron<\/p>\n<p><strong>DJI a aussi travaill\u00e9 sur le niveau sonore de son drone<\/strong>, point faible des pr\u00e9c\u00e9dentes g\u00e9n\u00e9rations. \u00c0 40 m\u00e8tres d\u2019altitude, le Mini 5 Pro est presque inaudible. En dessous, le bruit des h\u00e9lices reste suffisamment discret pour ne pas r\u00e9veiller le voisinage.<\/p>\n<p>On vous a gard\u00e9 le meilleur pour la fin\u00a0: <strong>pour le premi\u00e8re fois, un mod\u00e8le de la gamme Mini embarque un stockage interne<\/strong>. Ainsi, le Mini 5 Pro int\u00e8gre 42 Go de stockage, contre 2 Go pour le Mini 4 Pro (autant dire rien). Gr\u00e2ce \u00e0 la compatibilit\u00e9 Wi-Fi 6, le transfert des rushs sur un smartphone via l\u2019application DJI Fly est rapide. Les d\u00e9bits de transfert atteignent 100 Mo\/s contre 25 Mo\/s pour le Mini 4 Pro. Il n\u2019y a pas photo.<\/p>\n<p>\n        DJI Mini 5 Pro au meilleur prix<br \/>\n        Prix de base\u00a0: 799\u00a0\u20ac\n     <\/p>\n<p>\n         Voir plus d&rsquo;offres\n    <\/p>\n<p>Ce qu\u2019on a moins aim\u00e9 du DJI Mini 5 Pro<br \/>\nL\u2019autonomie, ce n\u2019est toujours pas \u00e7a<br \/>\n<img loading=\"lazy\" decoding=\"async\" class=\"size-full wp-image-698804\" src=\"https:\/\/www.europesays.com\/fr\/wp-content\/uploads\/2025\/12\/test-dji-mini-5-pro-autonomie.jpg\" alt=\"Test Dji Mini 5 Pro Autonomie\" width=\"1920\" height=\"1280\"  \/>\u00a9 Presse-citron<\/p>\n<p>DJI annonce 36 minutes d\u2019autonomie en conditions optimales, soit \u00e0 peine deux minutes de plus que le Mini 4 Pro. Sur le papier, l\u2019am\u00e9lioration est d\u00e9j\u00e0 timide. La r\u00e9alit\u00e9 se r\u00e9v\u00e8le encore moins flatteuse. <strong>Lors de nos diff\u00e9rents tests, nous avons du remplacer la batterie apr\u00e8s 20 minutes de vol,<\/strong> en moyenne.<\/p>\n<p>En comptant le d\u00e9collage, le positionnement, le cadrage et la marge de s\u00e9curit\u00e9 pour le retour \u00e0 la base, le temps de captation r\u00e9elle tourne autour de 10\/15 minutes. Opter pour le pack incluant trois batteries est donc indispensable, ce qui fait flamber la facture. Dommage.<\/p>\n<p>250g, hors taxe<br \/>\n<img loading=\"lazy\" decoding=\"async\" class=\"size-full wp-image-698810\" src=\"https:\/\/www.europesays.com\/fr\/wp-content\/uploads\/2025\/12\/test-dji-mini-5-pro-dispo.jpg\" alt=\"Test Dji Mini 5 Pro Dispo\" width=\"1920\" height=\"1280\"  \/>\u00a9 Presse-citron<\/p>\n<p>DJI annonce officiellement 249,9 grammes pour le Mini 5 Pro, avec une tol\u00e9rance de \u00b14 grammes li\u00e9e aux variations de fabrication. Or, en parcourant les tests et avis des utilisateurs, on s\u2019aper\u00e7oit que certaines s\u00e9ries d\u00e9passent l\u00e9g\u00e8rement les 250 grammes r\u00e9glementaires. <strong>Notre mod\u00e8le de test p\u00e8se par exemple 252 grammes.<\/strong><\/p>\n<p>D\u00e8s lors, l\u2019utilisation du drone n\u2019est plus du tout la m\u00eame. Si DJI assure que l\u2019appareil reste certifi\u00e9 C0 par l\u2019AESA (Agence europ\u00e9enne de la s\u00e9curit\u00e9 a\u00e9rienne), et que les autorit\u00e9s europ\u00e9ennes ne semblent pas s\u2019\u00e9mouvoir de ces quelques grammes de d\u00e9passement, cela pourrait constituer un frein \u00e0 l\u2019achat pour les pilotes professionnels. En effet, ces derniers doivent obligatoirement se lancer dans des d\u00e9marches administratives pour faire voler les drones de plus de 250 grammes.<\/p>\n<p>Un tarif \u00e9lev\u00e9<br \/>\n<img loading=\"lazy\" decoding=\"async\" class=\"size-full wp-image-698815\" src=\"https:\/\/www.europesays.com\/fr\/wp-content\/uploads\/2025\/12\/test-dji-mini-5-pro-prix.jpg\" alt=\"Test Dji Mini 5 Pro Prix\" width=\"1920\" height=\"1280\"  \/>\u00a9 Presse-citron<\/p>\n<p><strong>\u00c0 799 euros en version de base et jusqu\u2019\u00e0 1\u00a0199 euros en Fly More Combo<\/strong> avec la radiocommande RC 2, le Mini 5 Pro n\u2019est pas donn\u00e9. Certes, DJI maintient les m\u00eames prix de lancement que le Mini 4 Pro (malgr\u00e9 les \u00e9volutions technologiques), mais la quasi-obligation d\u2019opter pour un pack de trois batteries est quelque peu rebutante.<\/p>\n<p>Pour un utilisateur occasionnel ou un d\u00e9butant, cet investissement est donc cons\u00e9quent. On leur conseille plut\u00f4t de se tourner vers le DJI Neo 2, bien plus abordable, facile \u00e0 utiliser et d\u00e9j\u00e0 techniquement tr\u00e8s bon.<\/p>\n<p><strong>Le Mini 5 Pro se destine clairement aux cr\u00e9ateurs de contenus, professionnels ou passionn\u00e9s aux finances confortables.<\/strong><\/p>\n<p>\n        DJI Mini 5 Pro au meilleur prix<br \/>\n        Prix de base\u00a0: 799\u00a0\u20ac\n     <\/p>\n<p>\n         Voir plus d&rsquo;offres\n    <\/p>\n<p>Notre avis final<\/p>\n<p>Le DJI Mini 5 Pro est-il le drone parfait\u00a0? Pas encore, m\u00eame il s\u2019en rapproche. L\u2019int\u00e9gration d\u2019un capteur 1 pouce (avec possibilit\u00e9 de filmer en 4K \u00e0 120 im\/s), d\u2019une d\u00e9tection LiDAR et d\u2019une transmission O4+ dans un appareil de moins de 250 grammes font mouche. L\u2019impact sur la qualit\u00e9 d\u2019image est bien visible, particuli\u00e8rement en basse lumi\u00e8re. Plus facile \u00e0 utiliser que jamais, le Mini 5 Pro embarque aussi 42 Go de stockage, du Wi-Fi 6 pour un transfert rapide des fichiers ainsi qu\u2019une conception facilitant les changements d\u2019accessoires.<\/p>\n<p>Tout aurait \u00e9t\u00e9 parfait si son autonomie ne n\u00e9cessitait pas de se trimballer trois batteries dans un sac et de ne compter que sur une quinzaine de minutes d\u2019images exploitables par vol. La petite marge d\u2019erreur sur le poids peut aussi poser des probl\u00e8mes aux professionnels, notamment pour les autorisations de vol.<\/p>\n<p>Enfin, m\u00eame s\u2019il est stable, le prix du DJI Mini 5 Pro reste \u00e9lev\u00e9. \u00c0 ce tarif, difficile de le conseiller au grand public, encore moins depuis la sortie du Neo 2, petit drone \u00e0 tout faire aussi simple \u00e0 utiliser qu\u2019efficace. On ne conseillera donc le Mini 5 Pro qu\u2019aux professionnels de l\u2019image, aux cr\u00e9ateurs de contenu ou aux passionn\u00e9s fortun\u00e9s.<\/p>\n<blockquote>\n<p class=\"text-base text-neutral-700 dark:text-neutral-300\">\ud83d\udccd Pour ne manquer aucune actualit\u00e9 de Presse-citron, suivez-nous sur <a href=\"https:\/\/news.google.com\/publications\/CAAqBggKMIPiNTC70wU?hl=fr&amp;gl=FR&amp;ceid=FR%3Afr\" target=\"_blank\" rel=\"noopener\">Google Actualit\u00e9s<\/a> et <a href=\"https:\/\/whatsapp.com\/channel\/0029VaCkGuz4NViitBXbEr0b\" target=\"_blank\" rel=\"noopener\">WhatsApp<\/a>.<\/p>\n<\/blockquote>\n<p>\n\t\t\t\tDJI Mii 5 Pro<br \/>\n\t\t\t\t799\u20ac\n\t\t\t<\/p>\n<p>\t\t\t\t\t\t\t\t\t<a title=\"DJI Mii 5 Pro\" class=\"wppr-default-img\" href=\"https:\/\/www.presse-citron.net\/app\/uploads\/2025\/12\/test-dji-mini-5-pro.jpg\" data-lightbox=\"https:\/\/www.europesays.com\/fr\/wp-content\/uploads\/2025\/12\/test-dji-mini-5-pro-160x160.jpg\" rel=\"nofollow noopener\" target=\"_blank\"><br \/>\n\t\t\t<img decoding=\"async\" src=\"https:\/\/www.europesays.com\/fr\/wp-content\/uploads\/2025\/12\/test-dji-mini-5-pro-160x160.jpg\" alt=\"Test Dji Mini 5 Pro\" class=\"photo photo-wrapup wppr-product-image\"\/><br \/>\n\t\t<\/a><\/p>\n<p>\t\t\t\tOn aime\t\t\t<\/p>\n<ul>\n<li>Excellent qualit\u00e9 d&rsquo;image de jour comme de nuit<\/li>\n<li>Tr\u00e8s bon suivi du sujet<\/li>\n<li>Evitement d&rsquo;obstacle impeccable<\/li>\n<li>Conception irr\u00e9prochable<\/li>\n<li>Silencieux<\/li>\n<\/ul>\n<p>\t\t\t\tOn aime moins\t\t\t<\/p>\n<ul>\n<li>Autonomie trop juste<\/li>\n<li>Pas vraiment moins de 250 grammes<\/li>\n<li>Prix \u00e9lev\u00e9<\/li>\n<\/ul>\n","protected":false},"excerpt":{"rendered":"Apr\u00e8s un Mini 4 Pro d\u00e9j\u00e0 largement pl\u00e9biscit\u00e9 par les cr\u00e9ateurs de contenu et les professionnels de l\u2019image,&hellip;\n","protected":false},"author":2,"featured_media":612514,"comment_status":"","ping_status":"","sticky":false,"template":"","format":"standard","meta":{"footnotes":""},"categories":[7],"tags":[328,37475,564,1011,27,43,40,41,39,42,44],"class_list":{"0":"post-612513","1":"post","2":"type-post","3":"status-publish","4":"format-standard","5":"has-post-thumbnail","7":"category-sciences-et-technologies","8":"tag-a-la-une","9":"tag-dji","10":"tag-drone","11":"tag-fr","12":"tag-france","13":"tag-science","14":"tag-science-and-technology","15":"tag-sciences","16":"tag-sciences-et-technologies","17":"tag-technologies","18":"tag-technology"},"share_on_mastodon":{"url":"https:\/\/pubeurope.com\/@fr\/115754086475312107","error":""},"_links":{"self":[{"href":"https:\/\/www.europesays.com\/fr\/wp-json\/wp\/v2\/posts\/612513","targetHints":{"allow":["GET"]}}],"collection":[{"href":"https:\/\/www.europesays.com\/fr\/wp-json\/wp\/v2\/posts"}],"about":[{"href":"https:\/\/www.europesays.com\/fr\/wp-json\/wp\/v2\/types\/post"}],"author":[{"embeddable":true,"href":"https:\/\/www.europesays.com\/fr\/wp-json\/wp\/v2\/users\/2"}],"replies":[{"embeddable":true,"href":"https:\/\/www.europesays.com\/fr\/wp-json\/wp\/v2\/comments?post=612513"}],"version-history":[{"count":0,"href":"https:\/\/www.europesays.com\/fr\/wp-json\/wp\/v2\/posts\/612513\/revisions"}],"wp:featuredmedia":[{"embeddable":true,"href":"https:\/\/www.europesays.com\/fr\/wp-json\/wp\/v2\/media\/612514"}],"wp:attachment":[{"href":"https:\/\/www.europesays.com\/fr\/wp-json\/wp\/v2\/media?parent=612513"}],"wp:term":[{"taxonomy":"category","embeddable":true,"href":"https:\/\/www.europesays.com\/fr\/wp-json\/wp\/v2\/categories?post=612513"},{"taxonomy":"post_tag","embeddable":true,"href":"https:\/\/www.europesays.com\/fr\/wp-json\/wp\/v2\/tags?post=612513"}],"curies":[{"name":"wp","href":"https:\/\/api.w.org\/{rel}","templated":true}]}}